{"id":411675,"date":"2025-09-23T10:15:18","date_gmt":"2025-09-23T10:15:18","guid":{"rendered":"https:\/\/www.europesays.com\/fr\/411675\/"},"modified":"2025-09-23T10:15:18","modified_gmt":"2025-09-23T10:15:18","slug":"voici-a-quoi-sattendre-a-lyon","status":"publish","type":"post","link":"https:\/\/www.europesays.com\/fr\/411675\/","title":{"rendered":"voici \u00e0 quoi s\u2019attendre \u00e0 Lyon"},"content":{"rendered":"<p>            Par<br \/>\n        <strong><br \/>\n            <a href=\"https:\/\/actu.fr\/auteur\/julien-damboise\" title=\"Consulter tous les articles de Julien Damboise\" rel=\"nofollow noopener\" target=\"_blank\">Julien Damboise<\/a><br \/>\n        <\/strong><\/p>\n<p>        Publi\u00e9 le<\/p>\n<p>            23 sept. 2025 \u00e0 10h43        <\/p>\n<p>La <strong>situation sanitaire tendue<\/strong> pourrait avoir raison de la journ\u00e9e d\u2019action des \u00e9leveurs, c\u00e9r\u00e9aliers et autres mara\u00eechers du Rh\u00f4ne qui devaient protester ce vendredi 26 septembre \u00e0 <a href=\"https:\/\/actu.fr\/lyon\/\" rel=\"nofollow noopener\" target=\"_blank\">Lyon<\/a>. La FNSEA, syndicat agricole majoritaire, ainsi que les Jeunes Agriculteurs (JA), poussent pour cette <a href=\"https:\/\/actu.fr\/societe\/colere-des-agriculteurs-blocages-manifestations-ce-que-reserve-la-grande-journee-d-action-de-septembre_63192458.html\" rel=\"nofollow noopener\" target=\"_blank\">mobilisation nationale<\/a>. Mais l\u2019annonce d\u2019un foyer de <strong>dermatose nodulaire contagieuse<\/strong> (DNC) remet tout en cause.<\/p>\n<p>Pas de blocage \u00e0 Lyon<\/p>\n<p class=\" wall-content\">La F\u00e9d\u00e9ration D\u00e9partementale des Syndicats d\u2019Exploitants Agricoles du Rh\u00f4ne (FDSEA 69) annonce \u00e0\u00a0actu Lyon\u00a0que la d\u00e9cision de mener <a href=\"https:\/\/actu.fr\/auvergne-rhone-alpes\/lyon_69123\/direct-bloquons-tout-le-10-septembre-blocages-manifestations-suivez-la-journee-a-lyon_63136003.html\" rel=\"nofollow noopener\" target=\"_blank\">des blocages<\/a> ce vendredi dans la m\u00e9tropole de Lyon a \u00e9t\u00e9 <strong>annul\u00e9e<\/strong>.<\/p>\n<p class=\" wall-content\">Des professionnels de l\u2019alimentation qui veulent alerter, une nouvelle fois, sur les difficult\u00e9s qu\u2019ils rencontrent au quotidien comme la concurrence internationale jug\u00e9e d\u00e9loyale ou les normes toujours plus complexes.<\/p>\n<p class=\" wall-content\">Selon nos informations, une action est donc quand m\u00eame pr\u00e9vue pour cette journ\u00e9e. Des producteurs de fruits dans le Rh\u00f4ne comptent r\u00e9aliser une <strong>op\u00e9ration d\u2019\u00e9tiquetage dans les supermarch\u00e9s<\/strong>. Les professionnels devraient ainsi contr\u00f4ler d\u2019o\u00f9 les produits sont originaires, et alerter sur les \u00e9tiquettes trompeuses, notamment avec de fausses mentions \u00ab\u00a0origine France\u00a0\u00bb. On ne sait pas encore quelle enseigne sera cibl\u00e9e.<\/p>\n<p>Des \u00e9leveurs \u00ab\u00a0trop occup\u00e9s \u00e0 vacciner\u00a0\u00bb<\/p>\n<p class=\" wall-content\">Pour rappel, un<strong> foyer de dermatose<\/strong> nodulaire contagieuse (DNC) a \u00e9t\u00e9 d\u00e9tect\u00e9 dans un troupeau de vaches laiti\u00e8res du Rh\u00f4ne, sur la commune de <a href=\"https:\/\/actu.fr\/auvergne-rhone-alpes\/saint-laurent-de-chamousset_69220\" rel=\"nofollow noopener\" target=\"_blank\">Saint-Laurent-de-Chamousset<\/a>. Une premi\u00e8re pour le d\u00e9partement jusque-l\u00e0 indemne.<\/p>\n<p class=\" wall-content\">Un arr\u00eat\u00e9 pr\u00e9fectoral de d\u00e9claration d\u2019infection a \u00e9t\u00e9 sign\u00e9. Il permet la prise de mesures de limitation de mouvements afin de contenir et limiter la propagation de la maladie. Cet arr\u00eat\u00e9 pr\u00e9voit \u00e9galement l\u2019<strong>abattage de l\u2019unit\u00e9 de bovins<\/strong>\u00a0dans laquelle la pr\u00e9sence de la DNC a \u00e9t\u00e9 confirm\u00e9e en application du plan ORSEC \u00e9pizooties majeures.<\/p>\n<blockquote class=\"ac-article-quote wall-content\">\n<p>Les \u00e9leveurs sont trop occup\u00e9s \u00e0 vacciner leurs b\u00eates avec le cas de Dermatose qui a r\u00e9cemment touch\u00e9 un \u00e9levage dans le Rh\u00f4ne.<\/p>\n<p>    <strong>FDSEA 69<\/strong>\n            <\/p><\/blockquote>\n<p>Votre r\u00e9gion, votre actu !<\/p>\n<p>Recevez chaque jour les infos qui comptent pour vous.<\/p>\n<p>\t<a href=\"https:\/\/actu.fr\/newsletter\" class=\"ac-btn ac-btn--corner ac-btn--medium ac-btn--blue800\" rel=\"nofollow noopener\" target=\"_blank\">S&rsquo;incrire<\/a><\/p>\n<p class=\" wall-content\">Cela porte \u00e0\u00a0<strong>79 le nombre de foyers<\/strong> d\u00e9tect\u00e9s dans 47 \u00e9levages\u00a0depuis la premi\u00e8re apparition fin juin en France de cette maladie virale non transmissible aux humains, qui\u00a0conduit \u00e0 des pertes de production laiti\u00e8re importantes et entra\u00eene parfois la mort d\u2019une partie du cheptel infect\u00e9.<\/p>\n<p class=\" wall-content\">Les \u00e9leveurs touch\u00e9s, qui ont d\u00e9j\u00e0 re\u00e7u une avance de l\u2019\u00c9tat pour indemniser les pertes d\u2019animaux, esp\u00e8rent aussi des aides pour les pertes indirectes et pour reconstituer leurs troupeaux.<\/p>\n<p class=\" wall-content\">Personnalisez votre actualit\u00e9 en ajoutant vos villes et m\u00e9dias en favori avec <a href=\"https:\/\/moncompte.actu.fr\" title=\"D\u00e9couvez Mon Actu\" rel=\"nofollow noopener\" data-trk=\"{&quot;cta&quot;:{&quot;action&quot;:&quot;https:\\\/\\\/moncompte.actu.fr&quot;,&quot;category&quot;:&quot;mon compte&quot;,&quot;from&quot;:&quot;article footer&quot;,&quot;name&quot;:&quot;Mon actu&quot;,&quot;type&quot;:&quot;cta&quot;}}\" target=\"_blank\">Mon Actu<\/a>.<\/p>\n","protected":false},"excerpt":{"rendered":"Par Julien Damboise Publi\u00e9 le 23 sept. 2025 \u00e0 10h43 La situation sanitaire tendue pourrait avoir raison de&hellip;\n","protected":false},"author":2,"featured_media":411676,"comment_status":"","ping_status":"","sticky":false,"template":"","format":"standard","meta":{"footnotes":""},"categories":[1889],"tags":[1111,11,327,2430,1777,674,24728,1011,27,2428,12,25,104],"class_list":{"0":"post-411675","1":"post","2":"type-post","3":"status-publish","4":"format-standard","5":"has-post-thumbnail","7":"category-lyon","8":"tag-actu","9":"tag-actualites","10":"tag-agriculture","11":"tag-auvergne-rhone-alpes","12":"tag-eu","13":"tag-europe","14":"tag-fnsea","15":"tag-fr","16":"tag-france","17":"tag-lyon","18":"tag-news","19":"tag-republique-francaise","20":"tag-societe"},"share_on_mastodon":{"url":"https:\/\/pubeurope.com\/@fr\/115253092296159359","error":""},"_links":{"self":[{"href":"https:\/\/www.europesays.com\/fr\/wp-json\/wp\/v2\/posts\/411675","targetHints":{"allow":["GET"]}}],"collection":[{"href":"https:\/\/www.europesays.com\/fr\/wp-json\/wp\/v2\/posts"}],"about":[{"href":"https:\/\/www.europesays.com\/fr\/wp-json\/wp\/v2\/types\/post"}],"author":[{"embeddable":true,"href":"https:\/\/www.europesays.com\/fr\/wp-json\/wp\/v2\/users\/2"}],"replies":[{"embeddable":true,"href":"https:\/\/www.europesays.com\/fr\/wp-json\/wp\/v2\/comments?post=411675"}],"version-history":[{"count":0,"href":"https:\/\/www.europesays.com\/fr\/wp-json\/wp\/v2\/posts\/411675\/revisions"}],"wp:featuredmedia":[{"embeddable":true,"href":"https:\/\/www.europesays.com\/fr\/wp-json\/wp\/v2\/media\/411676"}],"wp:attachment":[{"href":"https:\/\/www.europesays.com\/fr\/wp-json\/wp\/v2\/media?parent=411675"}],"wp:term":[{"taxonomy":"category","embeddable":true,"href":"https:\/\/www.europesays.com\/fr\/wp-json\/wp\/v2\/categories?post=411675"},{"taxonomy":"post_tag","embeddable":true,"href":"https:\/\/www.europesays.com\/fr\/wp-json\/wp\/v2\/tags?post=411675"}],"curies":[{"name":"wp","href":"https:\/\/api.w.org\/{rel}","templated":true}]}}