{"id":411681,"date":"2025-09-23T10:18:11","date_gmt":"2025-09-23T10:18:11","guid":{"rendered":"https:\/\/www.europesays.com\/fr\/411681\/"},"modified":"2025-09-23T10:18:11","modified_gmt":"2025-09-23T10:18:11","slug":"analyse-du-succes-de-grand-frais-des-avocats-a-la-place-des-juges-linfo-a-midi-en-ile-de-france","status":"publish","type":"post","link":"https:\/\/www.europesays.com\/fr\/411681\/","title":{"rendered":"Analyse du succ\u00e8s de Grand Frais, des avocats \u00e0 la place des juges&#8230; L\u2019info \u00e0 midi en \u00cele-de-France"},"content":{"rendered":"<p>            Par<br \/>\n        <strong><br \/>\n            <a href=\"https:\/\/actu.fr\/auteur\/redaction-paris\" title=\"Consulter tous les articles de R\u00e9daction Paris\" rel=\"nofollow noopener\" target=\"_blank\">R\u00e9daction Paris<\/a><br \/>\n        <\/strong><\/p>\n<p>        Publi\u00e9 le<\/p>\n<p>            23 sept. 2025 \u00e0 12h00        <\/p>\n<p>Le temps est frais et pluvieux ce mardi 23 septembre 2025. Mais hormis la m\u00e9t\u00e9o automnale que s\u2019est-il pass\u00e9 \u00e0 midi en \u00cele-de-France ? Voici l\u2019essentiel de l\u2019actualit\u00e9 : en Seine-et-Marne, des avocats vont temporairement prendre la place des juges, la r\u00e9gion a supprim\u00e9 ses financements pour les MDPH d\u2019\u00cele-de-France, et le succ\u00e8s de Grand Frais ne fait que grandir.<\/p>\n<p>Les informations \u00e0 retenir ce mardi 23 septembre 2025, \u00e0 midi, en \u00cele-de-France<\/p>\n<p class=\"expresso-item wall-content\"><strong>Essonne. <\/strong><a title=\"Lire l&#039;article\" href=\"https:\/\/actu.fr\/ile-de-france\/massy_91377\/essonne-un-incendie-se-declare-dans-un-immeuble-en-centre-ville-les-occupants-evacues_63198976.html\" rel=\"nofollow noopener\" target=\"_blank\">Un incendie se d\u00e9clare dans un immeuble en centre-ville, les occupants \u00e9vacu\u00e9s<\/a><br \/>Un incendie s\u2019est d\u00e9clar\u00e9 ce lundi sur le toit d\u2019un immeuble du centre-ville de Massy. Les sapeurs-pompiers interviennent sur place. Les habitants ont \u00e9t\u00e9 \u00e9vacu\u00e9s.<\/p>\n<p class=\"expresso-item wall-content\"><strong>Seine-et-Marne. <\/strong><a title=\"Lire l&#039;article\" href=\"https:\/\/actu.fr\/ile-de-france\/meaux_77284\/cest-une-mesure-exceptionnelle-des-avocats-prennent-le-role-des-juges-au-tribunal-judiciaire-de-meaux_63199402.html\" rel=\"nofollow noopener\" target=\"_blank\">\u00ab\u00a0C\u2019est une mesure exceptionnelle\u00a0\u00bb : des avocats prennent le r\u00f4le des juges au tribunal judiciaire de Meaux<\/a><br \/>Pour pallier le manque de magistrats professionnels, des avocats ont accept\u00e9 de prendre le r\u00f4le des juges lors des audiences.<\/p>\n<p class=\"expresso-item wall-content\"><strong>Val-d\u2019Oise. <\/strong><a title=\"Lire l&#039;article\" href=\"https:\/\/actu.fr\/ile-de-france\/argenteuil_95018\/polemique-autour-de-la-vente-aux-encheres-de-la-plaque-emaillee-dun-poilu-mort-pour-la-france-en-1916_63196936.html\" rel=\"nofollow noopener\" target=\"_blank\">Pol\u00e9mique autour de la vente aux ench\u00e8res de la plaque \u00e9maill\u00e9e d\u2019un Poilu, mort pour la France en 1916<\/a><br \/>La vente \u00e0 Argenteuil (95) d\u2019une plaque \u00e9maill\u00e9e, sur un site d\u2019ench\u00e8res\u00a0 a fait r\u00e9agir le Souvenir fran\u00e7ais qui a port\u00e9 plainte pour ouvrir une enqu\u00eate sur sa provenance.\u00a0<\/p>\n<p class=\"expresso-item wall-content\"><strong>Val-de-Marne. <\/strong><a title=\"Lire l&#039;article\" href=\"https:\/\/actu.fr\/ile-de-france\/fresnes_94034\/grand-frais-comment-le-disneyland-des-adultes-a-conquis-le-coeur-des-consommateurs-d-ile-de-france_63168110.html\" rel=\"nofollow noopener\" target=\"_blank\">Grand Frais : comment le \u00ab\u00a0Disneyland des adultes\u00a0\u00bb a conquis le coeur des consommateurs d\u2019\u00cele-de-France<\/a><br \/>Grand Frais, pr\u00e9sente depuis 30 ans en p\u00e9riph\u00e9rie des grandes villes, se rapproche de Paris et attire les consommateurs en qu\u00eate de fruits et l\u00e9gumes \u00e0 bon prix. D\u00e9cryptage.<\/p>\n<p class=\"expresso-item wall-content\"><strong>Seine-Saint-Denis. <\/strong><a title=\"Lire l&#039;article\" href=\"https:\/\/actu.fr\/ile-de-france\/saint-ouen-sur-seine_93070\/handicap-l-ile-de-france-supprime-les-subventions-aux-mdph-inacceptable-et-incomprehensible_63198062.html\" rel=\"nofollow noopener\" target=\"_blank\">Handicap. L\u2019\u00cele-de-France supprime les subventions aux MDPH : \u00ab\u00a0inacceptable et incompr\u00e9hensible\u00a0\u00bb<\/a><br \/>L\u2019\u00cele-de-France n\u2019a pas renouvel\u00e9 en 2025 sa participation financi\u00e8re au fonds de compensation des huit MDPH du territoire grevant une partie de leur budget.<\/p>\n<p class=\" wall-content\"><strong>Suivez-nous pour en savoir plus\u2009!<\/strong><br \/>Vous voulez plus d\u2019infos sur l\u2019\u00cele-de-France\u2009? Vous pouvez nous retrouver sur actu \u00cele-de-France. Pour nous suivre sur les r\u00e9seaux sociaux, dans vos d\u00e9partements\u2009:<\/p>\n<p class=\" wall-content\"><strong>Paris<\/strong>\u2009: retrouvez\u00a0actu\u00a0Paris\u00a0sur\u00a0<a href=\"https:\/\/www.facebook.com\/actufr.paris\/\" rel=\"nofollow noopener\" target=\"_blank\">Facebook<\/a>\u00a0et\u00a0<a href=\"https:\/\/twitter.com\/actufrparis\" rel=\"nofollow noopener\" target=\"_blank\">Twitter<\/a>\u2009;<br \/><strong>Seine-et-Marne<\/strong>\u2009: retrouvez\u00a0La R\u00e9publique de Seine-et-Marne\u00a0(sud) sur\u00a0<a href=\"https:\/\/www.facebook.com\/RepubliqueSeineMarne\/\" rel=\"nofollow noopener\" target=\"_blank\">Facebook<\/a>\u00a0et\u00a0<a href=\"https:\/\/twitter.com\/LaRep77\" rel=\"nofollow noopener\" target=\"_blank\">Twitter<\/a>\u2009;\u00a0La Marne\u00a0(nord) sur\u00a0<a href=\"https:\/\/www.facebook.com\/journallarmarne\/?__tn__=%2Cd%2CP-R&amp;eid=ARDLZc91LaHbXzDwChLLLQJVMBLx_ABJremTC2-RG0CYvg0f4f8CLvbV5G1Lli4g_6QoXDcKkU1_LX1W\" rel=\"nofollow noopener\" target=\"_blank\">Facebook<\/a>\u00a0et\u00a0<a href=\"https:\/\/twitter.com\/JournalLaMarne\" rel=\"nofollow noopener\" target=\"_blank\">Twitter<\/a>\u2009; et\u00a0Le Pays Briard\u00a0sur\u00a0<a href=\"https:\/\/www.facebook.com\/LePaysBriard\/?ref=bookmarks\" rel=\"nofollow noopener\" target=\"_blank\">Facebook<\/a>\u00a0et\u00a0<a href=\"https:\/\/twitter.com\/LePaysBriard\" rel=\"nofollow noopener\" target=\"_blank\">Twitter<\/a>\u2009;<br \/><strong>Yvelines\u2009:<\/strong>\u00a0retrouvez\u00a078actu\u00a0sur\u00a0<a href=\"https:\/\/www.facebook.com\/78actu\/\" rel=\"nofollow noopener\" target=\"_blank\">Facebook<\/a>\u00a0et\u00a0<a href=\"https:\/\/x.com\/78actu\" rel=\"nofollow\">Twitter<\/a>\u2009;<br \/><strong>Essonne\u2009:<\/strong>\u00a0retrouvez\u00a0actu Essonne\u00a0sur\u00a0<a href=\"https:\/\/www.facebook.com\/actuessonne\/?ref=br_rs\" rel=\"nofollow noopener\" target=\"_blank\">Facebook<\/a>\u00a0et\u00a0<a href=\"https:\/\/twitter.com\/ActuEssonne\" rel=\"nofollow noopener\" target=\"_blank\">Twitter<\/a>\u2009;<strong>Hauts-de-Seine\u2009:<\/strong>\u00a0retrouvez\u00a0actu\u00a0Hauts-de-Seine\u00a0sur\u00a0<a href=\"https:\/\/www.facebook.com\/actufr.hautsdeseine\/\" rel=\"nofollow noopener\" target=\"_blank\">Facebook<\/a>\u00a0et\u00a0<a href=\"https:\/\/twitter.com\/actufr92\" rel=\"nofollow noopener\" target=\"_blank\">Twitter<\/a>\u2009;<br \/><strong>Seine-Saint-Denis\u2009:<\/strong>\u00a0retrouvez actu Seine-Saint-Denis sur\u00a0<a href=\"https:\/\/www.facebook.com\/actufr.seinesaintdenis\/\" rel=\"nofollow noopener\" target=\"_blank\">Facebook<\/a>\u00a0et\u00a0<a href=\"https:\/\/x.com\/Actufr93\" rel=\"nofollow\">Twitter<\/a>\u2009;<br \/><strong>Val-de-Marne\u2009:\u00a0<\/strong>retrouvez actu Val-de-Marne sur\u00a0<a href=\"https:\/\/www.facebook.com\/actu94.valdemarne\/\" rel=\"nofollow noopener\" target=\"_blank\">Facebook\u00a0<\/a>et\u00a0<a href=\"https:\/\/x.com\/actufr94\" rel=\"nofollow\">Twitter\u2009<\/a>;<br \/><strong>Val-d\u2019Oise\u2009:<\/strong>\u00a0retrouvez La Gazette du Val-d\u2019Oise sur\u00a0<a href=\"https:\/\/x.com\/actufr94\" rel=\"nofollow\">Twitter<\/a><\/p>\n<p class=\" wall-content\">Personnalisez votre actualit\u00e9 en ajoutant vos villes et m\u00e9dias en favori avec <a href=\"https:\/\/moncompte.actu.fr\" title=\"D\u00e9couvez Mon Actu\" rel=\"nofollow noopener\" data-trk=\"{&quot;cta&quot;:{&quot;action&quot;:&quot;https:\\\/\\\/moncompte.actu.fr&quot;,&quot;category&quot;:&quot;mon compte&quot;,&quot;from&quot;:&quot;article footer&quot;,&quot;name&quot;:&quot;Mon actu&quot;,&quot;type&quot;:&quot;cta&quot;}}\" target=\"_blank\">Mon Actu<\/a>.<\/p>\n<p>                    <script async src=\"https:\/\/platform.twitter.com\/widgets.js\" charset=\"utf-8\"><\/script><\/p>\n","protected":false},"excerpt":{"rendered":"Par R\u00e9daction Paris Publi\u00e9 le 23 sept. 2025 \u00e0 12h00 Le temps est frais et pluvieux ce mardi&hellip;\n","protected":false},"author":2,"featured_media":411682,"comment_status":"","ping_status":"","sticky":false,"template":"","format":"standard","meta":{"footnotes":""},"categories":[1592],"tags":[1111,11,1777,674,1011,27,1943,662,1310,303,12,626,25,104],"class_list":{"0":"post-411681","1":"post","2":"type-post","3":"status-publish","4":"format-standard","5":"has-post-thumbnail","7":"category-ile-de-france","8":"tag-actu","9":"tag-actualites","10":"tag-eu","11":"tag-europe","12":"tag-fr","13":"tag-france","14":"tag-handicap","15":"tag-ile-de-france","16":"tag-incendie","17":"tag-justice","18":"tag-news","19":"tag-paris","20":"tag-republique-francaise","21":"tag-societe"},"share_on_mastodon":{"url":"https:\/\/pubeurope.com\/@fr\/115253104231841505","error":""},"_links":{"self":[{"href":"https:\/\/www.europesays.com\/fr\/wp-json\/wp\/v2\/posts\/411681","targetHints":{"allow":["GET"]}}],"collection":[{"href":"https:\/\/www.europesays.com\/fr\/wp-json\/wp\/v2\/posts"}],"about":[{"href":"https:\/\/www.europesays.com\/fr\/wp-json\/wp\/v2\/types\/post"}],"author":[{"embeddable":true,"href":"https:\/\/www.europesays.com\/fr\/wp-json\/wp\/v2\/users\/2"}],"replies":[{"embeddable":true,"href":"https:\/\/www.europesays.com\/fr\/wp-json\/wp\/v2\/comments?post=411681"}],"version-history":[{"count":0,"href":"https:\/\/www.europesays.com\/fr\/wp-json\/wp\/v2\/posts\/411681\/revisions"}],"wp:featuredmedia":[{"embeddable":true,"href":"https:\/\/www.europesays.com\/fr\/wp-json\/wp\/v2\/media\/411682"}],"wp:attachment":[{"href":"https:\/\/www.europesays.com\/fr\/wp-json\/wp\/v2\/media?parent=411681"}],"wp:term":[{"taxonomy":"category","embeddable":true,"href":"https:\/\/www.europesays.com\/fr\/wp-json\/wp\/v2\/categories?post=411681"},{"taxonomy":"post_tag","embeddable":true,"href":"https:\/\/www.europesays.com\/fr\/wp-json\/wp\/v2\/tags?post=411681"}],"curies":[{"name":"wp","href":"https:\/\/api.w.org\/{rel}","templated":true}]}}