{"id":411702,"date":"2025-09-23T10:29:10","date_gmt":"2025-09-23T10:29:10","guid":{"rendered":"https:\/\/www.europesays.com\/fr\/411702\/"},"modified":"2025-09-23T10:29:10","modified_gmt":"2025-09-23T10:29:10","slug":"un-vrai-succes-pour-les-courses-et-marches-des-3-villes-au-treport-eu-et-mers-les-bains","status":"publish","type":"post","link":"https:\/\/www.europesays.com\/fr\/411702\/","title":{"rendered":"Un vrai succ\u00e8s pour les courses et marches des 3 Villes au Tr\u00e9port, Eu et Mers-les-Bains."},"content":{"rendered":"<p>            Par<br \/>\n        <strong><br \/>\n            <a href=\"https:\/\/actu.fr\/auteur\/redaction-informateur\" title=\"Consulter tous les articles de R\u00e9daction Eu\" target=\"_blank\" rel=\"noopener\">R\u00e9daction Eu<\/a><br \/>\n        <\/strong><\/p>\n<p>        Publi\u00e9 le<\/p>\n<p>            23 sept. 2025 \u00e0 12h10        <\/p>\n<p>Quelle belle 44\u00e9me \u00e9dition des <b>courses et marches des trois Villes S\u0153urs<\/b> ! L\u2019\u00e9v\u00e9nement organis\u00e9 par le COB (Club olympique de la Bresle) Athl\u00e9tisme et qui se d\u00e9roulait ce dimanche 21 septembre 2025 <a href=\"https:\/\/actu.fr\/normandie\/le-treport_76711\" target=\"_blank\" rel=\"noopener\">au Tr\u00e9port<\/a> (Seine-Maritime), Eu et Mers-les-Bains a <b>attir\u00e9 la foule<\/b>. Petits et grands ont pu profiter d\u2019une m\u00e9t\u00e9o cl\u00e9mente sur les diff\u00e9rentes \u00e9preuves.<\/p>\n<p class=\" wall-content\">Une fois de plus, les b\u00e9n\u00e9voles de l\u2019organisation n\u2019ont pas fait d\u00e9faut pour le confort et la joie des participants aux nombreuses courses au programme de ce dimanche matin. Premier record : le nombre d\u2019inscrits. Toutes les courses et marches ont fait le plein, avec<b> 1999 participants<\/b> selon les organisateurs.<\/p>\n<p>    <a href=\"https:\/\/www.facebook.com\/plugins\/post.php?href=https%3A%2F%2Fwww.facebook.com%2Fpermalink.php%3Fstory_fbid%3Dpfbid022yDNWmS23XCkTn5asKBE68JCREUjkZuFBwceDCcdoouzRnoeSKu68qD6Y2cEAokjl%26id%3D100070528570924&amp;show_text=true&amp;width=350\" title=\"Ouvrie le lien\" target=\"_blank\" rel=\"noopener\">Cliquez ici pour visualiser le contenu<\/a><\/p>\n<p class=\" wall-content\">C\u2019est par un temps id\u00e9al, sec et frais, comme les aiment les amateurs en qu\u00eate d\u2019une performance, que l\u2019\u00e9preuve du 5 km a ouvert la voie aux runners d\u00e8s 9 h 25.<\/p>\n<p class=\" wall-content\">Puis \u00e0 9h25 la course de 10km suivi du semi-marathon \u00e0 9h50 sont partis du camping du Tr\u00e9port pour emprunter un parcours nature et urbain.<\/p>\n<p>    <img   decoding=\"async\" loading=\"lazy\" class=\"size-large\" src=\"https:\/\/www.europesays.com\/fr\/wp-content\/uploads\/2025\/09\/b1d142dd62d8674d142dd62d889d14v-960x640.jpg\" alt=\"Le podium masculin du 10 km.\" width=\"960\" height=\"640\"\/><br \/>\n    Le podium masculin du 10 km. \u00a9L\u2019InformateurVid\u00e9os : en ce moment sur Actu<\/p>\n<p class=\" wall-content\">Le public venu en nombre a pu encourager les coureurs. Qu\u2019il s\u2019agisse d\u2019un ami, d\u2019un parent ou simplement d\u2019un inconnu, chacun a \u00e9t\u00e9 encourag\u00e9.<\/p>\n<p class=\" wall-content\"><b>Jacky Wattebled<\/b>, pr\u00e9sident du COB, confie sa fiert\u00e9 de voir autant de jeunes d\u00e9fendre leur place sur des distances appropri\u00e9es.<\/p>\n<p>Votre r\u00e9gion, votre actu !<\/p>\n<p>Recevez chaque jour les infos qui comptent pour vous.<\/p>\n<p>\t<a href=\"https:\/\/actu.fr\/newsletter\" class=\"ac-btn ac-btn--corner ac-btn--medium ac-btn--blue800\" target=\"_blank\" rel=\"noopener\">S&rsquo;incrire<\/a><\/p>\n<p class=\" wall-content\">Le prochain rendez-vous des coureurs et marcheurs est fix\u00e9 au 13 d\u00e9cembre pour la <b>Corrida<\/b> <b>Mersoise,<\/b> avec des distances de 8 km et 4 km. Ceux qui aiment aussi le v\u00e9lo pourront participer au <b>Bike &amp; Run de Criel-sur-Mer<\/b> le 12 octobre.<\/p>\n<p>Les podiums des courses<\/p>\n<p>R\u00e9sultats 5km<br \/>&#13;<br \/>\nMasculin<br \/>&#13;<br \/>\nLemoine Loic 15&rsquo;43<br \/>&#13;<br \/>\nBello Nathan 16&rsquo;31<br \/>&#13;<br \/>\nBinoist Kevin 16&rsquo;55<\/p>\n<p>F\u00e9minine<br \/>&#13;<br \/>\nJacques Axelle 19&rsquo;14<br \/>&#13;<br \/>\nLavoine Andrea-Lou<br \/>&#13;<br \/>\n19&rsquo;55<br \/>&#13;<br \/>\nMennemar Lucie 21&rsquo;20<br \/>&#13;<br \/>\nResultats 10km<br \/>&#13;<br \/>\nMasculin<br \/>&#13;<br \/>\nGuerin Florian 30&rsquo;34<br \/>&#13;<br \/>\nPruniaud Mathis 31&rsquo;40<br \/>&#13;<br \/>\nGlouchkoff-Radou Pierrefra\u00a0 33&rsquo;53<br \/>&#13;<br \/>\nFeminine<br \/>&#13;<br \/>\nLavoine Audrey 37&rsquo;59<br \/>&#13;<br \/>\nLeclercq Justine 39&rsquo;07<br \/>&#13;<br \/>\nRebillard Marie 39&rsquo;58<br \/>&#13;<br \/>\nR\u00e9sultat 21km<br \/>&#13;<br \/>\nMasculin<br \/>&#13;<br \/>\nRigaut Jean-Baptiste 1h09&rsquo;40<br \/>&#13;<br \/>\nAbdelkarim Abdelmounem 1h10&rsquo;38<br \/>&#13;<br \/>\nNordest Sebastien 1h12&rsquo;21<br \/>&#13;<br \/>\nF\u00e9minine<br \/>&#13;<br \/>\nVincent Blandine 1h22&rsquo;49<br \/>&#13;<br \/>\nSniegocki Emeline 1h26&rsquo;03<br \/>&#13;<br \/>\nFerment Angelique 1h33&rsquo;08<\/p>\n<p class=\" wall-content\">Personnalisez votre actualit\u00e9 en ajoutant vos villes et m\u00e9dias en favori avec <a href=\"https:\/\/moncompte.actu.fr\" title=\"D\u00e9couvez Mon Actu\" rel=\"nofollow noopener\" data-trk=\"{&quot;cta&quot;:{&quot;action&quot;:&quot;https:\\\/\\\/moncompte.actu.fr&quot;,&quot;category&quot;:&quot;mon compte&quot;,&quot;from&quot;:&quot;article footer&quot;,&quot;name&quot;:&quot;Mon actu&quot;,&quot;type&quot;:&quot;cta&quot;}}\" target=\"_blank\">Mon Actu<\/a>.<\/p>\n","protected":false},"excerpt":{"rendered":"Par R\u00e9daction Eu Publi\u00e9 le 23 sept. 2025 \u00e0 12h10 Quelle belle 44\u00e9me \u00e9dition des courses et marches&hellip;\n","protected":false},"author":2,"featured_media":411703,"comment_status":"","ping_status":"","sticky":false,"template":"","format":"standard","meta":{"footnotes":""},"categories":[1586],"tags":[11,1777,674,1779,1011,27,12,25,60,1778,364,3587],"class_list":{"0":"post-411702","1":"post","2":"type-post","3":"status-publish","4":"format-standard","5":"has-post-thumbnail","7":"category-europe","8":"tag-actualites","9":"tag-eu","10":"tag-europe","11":"tag-european-union","12":"tag-fr","13":"tag-france","14":"tag-news","15":"tag-republique-francaise","16":"tag-sports","17":"tag-ue","18":"tag-union-europeenne","19":"tag-villes-soeurs"},"share_on_mastodon":{"url":"https:\/\/pubeurope.com\/@fr\/115253147818994757","error":""},"_links":{"self":[{"href":"https:\/\/www.europesays.com\/fr\/wp-json\/wp\/v2\/posts\/411702","targetHints":{"allow":["GET"]}}],"collection":[{"href":"https:\/\/www.europesays.com\/fr\/wp-json\/wp\/v2\/posts"}],"about":[{"href":"https:\/\/www.europesays.com\/fr\/wp-json\/wp\/v2\/types\/post"}],"author":[{"embeddable":true,"href":"https:\/\/www.europesays.com\/fr\/wp-json\/wp\/v2\/users\/2"}],"replies":[{"embeddable":true,"href":"https:\/\/www.europesays.com\/fr\/wp-json\/wp\/v2\/comments?post=411702"}],"version-history":[{"count":0,"href":"https:\/\/www.europesays.com\/fr\/wp-json\/wp\/v2\/posts\/411702\/revisions"}],"wp:featuredmedia":[{"embeddable":true,"href":"https:\/\/www.europesays.com\/fr\/wp-json\/wp\/v2\/media\/411703"}],"wp:attachment":[{"href":"https:\/\/www.europesays.com\/fr\/wp-json\/wp\/v2\/media?parent=411702"}],"wp:term":[{"taxonomy":"category","embeddable":true,"href":"https:\/\/www.europesays.com\/fr\/wp-json\/wp\/v2\/categories?post=411702"},{"taxonomy":"post_tag","embeddable":true,"href":"https:\/\/www.europesays.com\/fr\/wp-json\/wp\/v2\/tags?post=411702"}],"curies":[{"name":"wp","href":"https:\/\/api.w.org\/{rel}","templated":true}]}}