{"id":411706,"date":"2025-09-23T10:31:11","date_gmt":"2025-09-23T10:31:11","guid":{"rendered":"https:\/\/www.europesays.com\/fr\/411706\/"},"modified":"2025-09-23T10:31:11","modified_gmt":"2025-09-23T10:31:11","slug":"au-proces-de-frederic-pechier-le-double-sens-troublant-de-lex-anesthesiste-liberation","status":"publish","type":"post","link":"https:\/\/www.europesays.com\/fr\/411706\/","title":{"rendered":"au proc\u00e8s de Fr\u00e9d\u00e9ric P\u00e9chier, le double sens troublant de l\u2019ex-anesth\u00e9siste \u2013 Lib\u00e9ration"},"content":{"rendered":"<p class=\"sc-cPiKLX AiZTS text-element\">Ce lundi 22 septembre, c\u2019est l\u2019effervescence devant le palais de justice de Besan\u00e7on (Doubs). Bien avant l\u2019heure, une foule dense a envahi le parvis, pr\u00eate \u00e0 affronter la pluie diluvienne pour acc\u00e9der \u00e0 la cour d\u2019assises. La jauge atteinte, la police invite une cinquantaine de personnes \u00e0 rebrousser chemin, d\u00e9clenchant un concert de protestations. C\u2019est que l\u2019affiche du jour promet du grand spectacle. Pour la premi\u00e8re fois depuis <a href=\"https:\/\/www.liberation.fr\/societe\/police-justice\/proces-de-frederic-pechier-a-besancon-lanesthesiste-star-et-les-empoisonnements-en-serie-20250908_53XZZA7VTNHSHPFCZ27LAVZXHM\/\" target=\"_blank\" rel=\"nofollow noopener\" title=\"https:\/\/www.liberation.fr\/societe\/police-justice\/proces-de-frederic-pechier-a-besancon-lanesthesiste-star-et-les-empoisonnements-en-serie-20250908_53XZZA7VTNHSHPFCZ27LAVZXHM\/\">l\u2019ouverture de son proc\u00e8s le 8 septembre<\/a>, le Dr Fr\u00e9d\u00e9ric P\u00e9chier prend la parole. L\u2019occasion de \u00abremettre les pendules \u00e0 l\u2019heure\u00bb, avait plastronn\u00e9 par m\u00e9dia interpos\u00e9 l\u2019ex-anesth\u00e9siste star de la clinique Saint-Vincent accus\u00e9 d\u2019avoir empoisonn\u00e9 avec pr\u00e9m\u00e9ditation trente patients, dont douze sont morts entre 2008 et 2017. Apr\u00e8s avoir deux semaines de rang d\u00fb <a href=\"https:\/\/www.liberation.fr\/societe\/police-justice\/proces-de-frederic-pechier-je-voulais-arreter-lanesthesie-parce-que-cetait-une-loterie-20250919_BOO3QV4VR5DE5EB4K27XB25WJQ\/\" target=\"_blank\" rel=\"nofollow noopener\" title=\"https:\/\/www.liberation.fr\/societe\/police-justice\/proces-de-frederic-pechier-je-voulais-ar &lt;div style=\" clear:=\"\" both=\"\"><\/p>\n","protected":false},"excerpt":{"rendered":"Ce lundi 22 septembre, c\u2019est l\u2019effervescence devant le palais de justice de Besan\u00e7on (Doubs). Bien avant l\u2019heure, une&hellip;\n","protected":false},"author":2,"featured_media":411707,"comment_status":"","ping_status":"","sticky":false,"template":"","format":"standard","meta":{"footnotes":""},"categories":[2],"tags":[11,1011,27,51056,12,25],"class_list":{"0":"post-411706","1":"post","2":"type-post","3":"status-publish","4":"format-standard","5":"has-post-thumbnail","7":"category-actualites","8":"tag-actualites","9":"tag-fr","10":"tag-france","11":"tag-frederic-pechier","12":"tag-news","13":"tag-republique-francaise"},"share_on_mastodon":{"url":"https:\/\/pubeurope.com\/@fr\/115253155245672772","error":""},"_links":{"self":[{"href":"https:\/\/www.europesays.com\/fr\/wp-json\/wp\/v2\/posts\/411706","targetHints":{"allow":["GET"]}}],"collection":[{"href":"https:\/\/www.europesays.com\/fr\/wp-json\/wp\/v2\/posts"}],"about":[{"href":"https:\/\/www.europesays.com\/fr\/wp-json\/wp\/v2\/types\/post"}],"author":[{"embeddable":true,"href":"https:\/\/www.europesays.com\/fr\/wp-json\/wp\/v2\/users\/2"}],"replies":[{"embeddable":true,"href":"https:\/\/www.europesays.com\/fr\/wp-json\/wp\/v2\/comments?post=411706"}],"version-history":[{"count":0,"href":"https:\/\/www.europesays.com\/fr\/wp-json\/wp\/v2\/posts\/411706\/revisions"}],"wp:featuredmedia":[{"embeddable":true,"href":"https:\/\/www.europesays.com\/fr\/wp-json\/wp\/v2\/media\/411707"}],"wp:attachment":[{"href":"https:\/\/www.europesays.com\/fr\/wp-json\/wp\/v2\/media?parent=411706"}],"wp:term":[{"taxonomy":"category","embeddable":true,"href":"https:\/\/www.europesays.com\/fr\/wp-json\/wp\/v2\/categories?post=411706"},{"taxonomy":"post_tag","embeddable":true,"href":"https:\/\/www.europesays.com\/fr\/wp-json\/wp\/v2\/tags?post=411706"}],"curies":[{"name":"wp","href":"https:\/\/api.w.org\/{rel}","templated":true}]}}