{"id":411718,"date":"2025-09-23T10:39:10","date_gmt":"2025-09-23T10:39:10","guid":{"rendered":"https:\/\/www.europesays.com\/fr\/411718\/"},"modified":"2025-09-23T10:39:10","modified_gmt":"2025-09-23T10:39:10","slug":"ouverture-de-la-billetterie-pour-la-f1-et-le-grand-prix-historique","status":"publish","type":"post","link":"https:\/\/www.europesays.com\/fr\/411718\/","title":{"rendered":"ouverture de la billetterie pour la F1 et le Grand Prix Historique"},"content":{"rendered":"<p><strong>Depuis lundi 22 septembre, il est possible de r\u00e9server ses places pour assister aux deux \u00e9v\u00e9nements phares de la saison automobile 2026 dans la Principaut\u00e9.<\/strong><\/p>\n<p>Le Formula 1 Grand Prix de Monaco sera en 2026 la toute premi\u00e8re manche europ\u00e9enne de la saison, programm\u00e9 du 4 au 7 juin. Pendant quatre jours, les spectateurs pourront vibrer au rythme du sport automobile avec quatre s\u00e9ries en piste : F1, F2, F3 et Porsche Supercup, dans le cadre  l\u00e9gendaire du circuit de Monaco.<\/p>\n<p>En ouverture de saison, les passionn\u00e9s d\u2019histoire automobile pourront d\u00e9couvrir le Grand Prix Historique du 24 au 26 avril. Cette 15e \u00e9dition marquera une premi\u00e8re avec l\u2019arriv\u00e9e des monoplaces \u00e9quip\u00e9es de moteurs turbo parmi les huit s\u00e9ries engag\u00e9es.<\/p>\n<p class=\"related\"><a href=\"https:\/\/www.monaco-tribune.com\/2025\/05\/grand-prix-de-monaco-2025-billetterie-tarifs-tribunes-notre-guide-pour-reserver-les-meilleures-places\/\" target=\"_blank\" rel=\"noopener\">Grand Prix de Monaco 2025 : billetterie, tarifs, tribunes \u2013 notre guide pour r\u00e9server les meilleures places<\/a><\/p>\n<p>La billetterie est officiellement ouverte<\/p>\n<p>Les amateurs peuvent d\u2019ores et d\u00e9j\u00e0 effectuer leurs r\u00e9servations sur le site officiel du Grand Prix de Monaco ou directement au bureau situ\u00e9 44, rue Grimaldi \u00e0 Monaco. L\u2019Automobile Club de Monaco propose \u00e9galement des espaces d\u2019hospitalit\u00e9 offrant une exp\u00e9rience unique et des vues privil\u00e9gi\u00e9es sur le circuit, avec deux formules disponibles : Belv\u00e9d\u00e8re et Loges VIP ou Classic Club. Il est conseill\u00e9 de r\u00e9server le plus t\u00f4t possible pour \u00eatre s\u00fbr d\u2019avoir une place.<\/p>\n<p>Pour une exp\u00e9rience immersive, la\u00a0MGP Live Fan Zone sera de nouveau install\u00e9e sur la Place d\u2019Armes et proposera de nombreuses animations, des concerts, des \u00e9crans g\u00e9ants et des rencontres avec les pilotes.<\/p>\n<p class=\"related\"><a href=\"https:\/\/www.monaco-tribune.com\/2025\/06\/calendrier-f1-2026-les-week-ends-a-bloquer-pour-suivre-les-24-grands-prix\/\" target=\"_blank\" rel=\"noopener\">Calendrier F1 2026\u00a0: Les week-ends \u00e0 bloquer pour suivre les 24 Grands Prix<\/a><\/p>\n<p>Informations &amp; r\u00e9servations :<\/p>\n<p>R\u00e9servation en ligne\u00a0sur le site officiel\u00a0<strong><strong><a href=\"http:\/\/www.monaco-grandprix.com\/\" target=\"_blank\" rel=\"noreferrer noopener\">www.monaco-grandprix.com<\/a><\/strong><\/strong> ou \u00e0 la billetterie officielle, ouverte du lundi au vendredi, de 9 heures \u00e0 17 heures.<\/p>\n<ul class=\"wp-block-list\">\n<li>Mail : ticketing@monaco-grandprix.com<\/li>\n<li>T\u00e9l\u00e9phone : +377 93 15 26 24<\/li>\n<\/ul>\n","protected":false},"excerpt":{"rendered":"Depuis lundi 22 septembre, il est possible de r\u00e9server ses places pour assister aux deux \u00e9v\u00e9nements phares de&hellip;\n","protected":false},"author":2,"featured_media":411719,"comment_status":"","ping_status":"","sticky":false,"template":"","format":"standard","meta":{"footnotes":""},"categories":[1412],"tags":[1451,1452,1453,1454,1455,1011,27,60],"class_list":{"0":"post-411718","1":"post","2":"type-post","3":"status-publish","4":"format-standard","5":"has-post-thumbnail","7":"category-f1","8":"tag-f1","9":"tag-formula-1","10":"tag-formula1","11":"tag-formule-1","12":"tag-formule1","13":"tag-fr","14":"tag-france","15":"tag-sports"},"share_on_mastodon":{"url":"https:\/\/pubeurope.com\/@fr\/115253186664780176","error":""},"_links":{"self":[{"href":"https:\/\/www.europesays.com\/fr\/wp-json\/wp\/v2\/posts\/411718","targetHints":{"allow":["GET"]}}],"collection":[{"href":"https:\/\/www.europesays.com\/fr\/wp-json\/wp\/v2\/posts"}],"about":[{"href":"https:\/\/www.europesays.com\/fr\/wp-json\/wp\/v2\/types\/post"}],"author":[{"embeddable":true,"href":"https:\/\/www.europesays.com\/fr\/wp-json\/wp\/v2\/users\/2"}],"replies":[{"embeddable":true,"href":"https:\/\/www.europesays.com\/fr\/wp-json\/wp\/v2\/comments?post=411718"}],"version-history":[{"count":0,"href":"https:\/\/www.europesays.com\/fr\/wp-json\/wp\/v2\/posts\/411718\/revisions"}],"wp:featuredmedia":[{"embeddable":true,"href":"https:\/\/www.europesays.com\/fr\/wp-json\/wp\/v2\/media\/411719"}],"wp:attachment":[{"href":"https:\/\/www.europesays.com\/fr\/wp-json\/wp\/v2\/media?parent=411718"}],"wp:term":[{"taxonomy":"category","embeddable":true,"href":"https:\/\/www.europesays.com\/fr\/wp-json\/wp\/v2\/categories?post=411718"},{"taxonomy":"post_tag","embeddable":true,"href":"https:\/\/www.europesays.com\/fr\/wp-json\/wp\/v2\/tags?post=411718"}],"curies":[{"name":"wp","href":"https:\/\/api.w.org\/{rel}","templated":true}]}}