{"id":411725,"date":"2025-09-23T10:43:37","date_gmt":"2025-09-23T10:43:37","guid":{"rendered":"https:\/\/www.europesays.com\/fr\/411725\/"},"modified":"2025-09-23T10:43:37","modified_gmt":"2025-09-23T10:43:37","slug":"archive-video-larchitecture-dissy-revelee-a-loccasion-des-journees-du-patrimoine","status":"publish","type":"post","link":"https:\/\/www.europesays.com\/fr\/411725\/","title":{"rendered":"[Archive] VIDEO \u2013 L\u2019architecture d\u2019Issy r\u00e9v\u00e9l\u00e9e \u00e0 l\u2019occasion des Journ\u00e9es du Patrimoine"},"content":{"rendered":"<p>Parmi les temps forts du week-end, le public pourra d\u00e9couvrir en avant-premi\u00e8re le chantier de \u00ab La Serre \u00bb, imagin\u00e9 par l\u2019architecte n\u00e9erlandais Winy Maas (MVRDV), situ\u00e9 rue Aristide Briand. L\u2019\u00e9v\u00e9nement mettra aussi en lumi\u00e8re les b\u00e2timents prot\u00e9g\u00e9s au titre des Monuments historiques.\u00a0<\/p>\n<p>En 2022, la France comptait plus de 45 000 immeubles prot\u00e9g\u00e9s, class\u00e9s ou inscrits. \u00c0 Issy-les-Moulineaux, huit sites b\u00e9n\u00e9ficient de ce statut. Plusieurs d\u2019entre eux seront ouverts \u00e0 la visite ou inclus dans des parcours urbains, accessibles \u00e0 pied ou \u00e0 v\u00e9lo gr\u00e2ce aux balades organis\u00e9es avec l\u2019association Cocyclette.\u00a0<\/p>\n<p>Des animations adapt\u00e9es \u00e0 tous les publics viendront enrichir ce programme. Sur le parvis de l\u2019\u00e9glise Saint-\u00c9tienne \u2013 elle aussi class\u00e9e \u2013 les Espaces ludiques d\u2019Issy proposeront des jeux autour de l\u2019architecture, \u00e0 la fois p\u00e9dagogiques et participatifs.\u00a0<\/p>\n<p>Au Mus\u00e9e Fran\u00e7ais de la Carte \u00e0 Jouer, le nymph\u00e9e du S\u00e9minaire Saint-Sulpice, rare t\u00e9moin de l\u2019art d\u00e9coratif du XVII e si\u00e8cle, sera mis \u00e0 l\u2019honneur. Gaspard Delhomme, \u00e9tudiant en master d\u2019histoire de l\u2019art \u00e0 la Sorbonne et \u00e9l\u00e8ve de l\u2019ENS de Lyon, y donnera une conf\u00e9rence sur ce patrimoine m\u00e9connu, intitul\u00e9e \u00ab La grotte aux coquillages ou le nymph\u00e9e : un vestige du XVII e si\u00e8cle \u00e0 Issy-les-Moulineaux ? \u00bb.\u00a0<\/p>\n<p>Le programme comprendra \u00e9galement des concerts, des expositions, des conf\u00e9rences et des visites guid\u00e9es propos\u00e9es par les services culturels de la Ville ou les responsables des sites partenaires.\u00a0<\/p>\n<p>Enfin, les scolaires ne seront pas oubli\u00e9s. Le vendredi 19 septembre, des visites p\u00e9dagogiques seront organis\u00e9es dans le cadre de l\u2019op\u00e9ration Les Enfants du patrimoine, coordonn\u00e9e par le Conseil d&rsquo;architecture, d&rsquo;urbanisme et de l&rsquo;environnement (CAUE) des Hauts-de-Seine.\u00a0<\/p>\n<p><strong>Samedi 20 et dimanche 21 septembre 2025.\u00a0<\/strong><\/p>\n<p><strong>Retrouvez l&rsquo;ensemble des \u00e9v\u00e8nements sur <\/strong><a href=\"https:\/\/sortir.issy.com\/?oaq%5Bpassed%5D=1&amp;oaq%5Border%5D=latest\" rel=\"nofollow noopener\" target=\"_blank\"><strong>sortir.issy.com<\/strong><\/a><strong> <\/strong><strong>(certains sont sur inscription).<\/strong><\/p>\n<p><strong>Retrouvez le programme int\u00e9gral <\/strong><a href=\"https:\/\/www.calameo.com\/read\/0007627959f4d6b395690\" rel=\"nofollow noopener\" target=\"_blank\"><strong>ici<\/strong><\/a><strong>.\u00a0<\/strong><\/p>\n","protected":false},"excerpt":{"rendered":"Parmi les temps forts du week-end, le public pourra d\u00e9couvrir en avant-premi\u00e8re le chantier de \u00ab La Serre&hellip;\n","protected":false},"author":2,"featured_media":411726,"comment_status":"","ping_status":"","sticky":false,"template":"","format":"standard","meta":{"footnotes":""},"categories":[1358],"tags":[1348,1384,1385,1386,58,59,1011,27],"class_list":{"0":"post-411725","1":"post","2":"type-post","3":"status-publish","4":"format-standard","5":"has-post-thumbnail","7":"category-arts-et-design","8":"tag-arts","9":"tag-arts-and-design","10":"tag-arts-et-design","11":"tag-design","12":"tag-divertissement","13":"tag-entertainment","14":"tag-fr","15":"tag-france"},"share_on_mastodon":{"url":"https:\/\/pubeurope.com\/@fr\/115253202405326260","error":""},"_links":{"self":[{"href":"https:\/\/www.europesays.com\/fr\/wp-json\/wp\/v2\/posts\/411725","targetHints":{"allow":["GET"]}}],"collection":[{"href":"https:\/\/www.europesays.com\/fr\/wp-json\/wp\/v2\/posts"}],"about":[{"href":"https:\/\/www.europesays.com\/fr\/wp-json\/wp\/v2\/types\/post"}],"author":[{"embeddable":true,"href":"https:\/\/www.europesays.com\/fr\/wp-json\/wp\/v2\/users\/2"}],"replies":[{"embeddable":true,"href":"https:\/\/www.europesays.com\/fr\/wp-json\/wp\/v2\/comments?post=411725"}],"version-history":[{"count":0,"href":"https:\/\/www.europesays.com\/fr\/wp-json\/wp\/v2\/posts\/411725\/revisions"}],"wp:featuredmedia":[{"embeddable":true,"href":"https:\/\/www.europesays.com\/fr\/wp-json\/wp\/v2\/media\/411726"}],"wp:attachment":[{"href":"https:\/\/www.europesays.com\/fr\/wp-json\/wp\/v2\/media?parent=411725"}],"wp:term":[{"taxonomy":"category","embeddable":true,"href":"https:\/\/www.europesays.com\/fr\/wp-json\/wp\/v2\/categories?post=411725"},{"taxonomy":"post_tag","embeddable":true,"href":"https:\/\/www.europesays.com\/fr\/wp-json\/wp\/v2\/tags?post=411725"}],"curies":[{"name":"wp","href":"https:\/\/api.w.org\/{rel}","templated":true}]}}