{"id":411727,"date":"2025-09-23T10:44:11","date_gmt":"2025-09-23T10:44:11","guid":{"rendered":"https:\/\/www.europesays.com\/fr\/411727\/"},"modified":"2025-09-23T10:44:11","modified_gmt":"2025-09-23T10:44:11","slug":"les-finalistes-du-prix-des-deux-magots","status":"publish","type":"post","link":"https:\/\/www.europesays.com\/fr\/411727\/","title":{"rendered":"Les finalistes du Prix des Deux Magots"},"content":{"rendered":"<p>Quatre romanciers sont encore en lice pour ce prix litt\u00e9raire qui sera d\u00e9cern\u00e9 le 6 octobre.<\/p>\n<p class=\"fig-paragraph\">Le jury, pr\u00e9sid\u00e9 par \u00c9tienne de\u00a0Montety, directeur du Figaro litt\u00e9raire, a d\u00e9voil\u00e9 sa derni\u00e8re liste. Quatre auteurs sont encore dans la course, dont deux sont des \u00e9crivains au talent reconnu qui montent discr\u00e8tement en puissance, livre apr\u00e8s livre, Joseph Incardona et Victor Pouchet. Le nom du laur\u00e9at sera r\u00e9v\u00e9l\u00e9 le lundi 6 octobre 2025 \u00e0 12h30, au Caf\u00e9 des Deux Magots \u00e0 Paris.<\/p>\n<p class=\"fig-paragraph\"><strong>Les finalistes\u00a0:<\/strong><\/p>\n<p>                                    <a class=\"fig-a11y-skip a11y-hidden\" href=\"#fig-a11y-skip-main-inarticle\"><br \/>\n        Passer la publicit\u00e9<br \/>\n    <\/a><\/p>\n<p class=\"fig-paragraph\">Feurat Alani, Le ciel est immense, JC Latt\u00e8s<\/p>\n<p class=\"fig-paragraph\">Lucie-Anne Belgy, Il pleut sur la parade, Gallimard<\/p>\n<p class=\"fig-paragraph\">Joseph Incardona, Le monde est fatigu\u00e9,\u00a0Finitude<\/p>\n<p class=\"fig-paragraph\">Victor Pouchet, Voyage voyage, L\u2019Arbal\u00e8te<\/p>\n<p class=\"fig-paragraph\">\u00abCette seconde s\u00e9lection illustre la richesse et la diversit\u00e9 des ouvrages d\u00e9fendus dans le cadre du Prix des Deux Magots\u00a0: on y trouve aussi bien le r\u00e9cit intimiste de Victor Pouchet qu\u2019un vaste roman de soci\u00e9t\u00e9 comme celui de Joseph Incardona Elle distingue \u00e9galement une nouvelle voix litt\u00e9raire avec le premier roman de Lucie-Anne Belgy, tandis que Feurat Alani se d\u00e9marque par l\u2019originalit\u00e9 de son propos. En d\u00e9finitive, cette liste refl\u00e8te l\u2019esprit d\u2019un prix r\u00e9solument vivant, ouvert et curieux\u00bb, a d\u00e9clar\u00e9 \u00c9tienne de\u00a0Montety.<\/p>\n","protected":false},"excerpt":{"rendered":"Quatre romanciers sont encore en lice pour ce prix litt\u00e9raire qui sera d\u00e9cern\u00e9 le 6 octobre. Le jury,&hellip;\n","protected":false},"author":2,"featured_media":411728,"comment_status":"","ping_status":"","sticky":false,"template":"","format":"standard","meta":{"footnotes":""},"categories":[1357],"tags":[1379,58,59,1011,27,1380,40304],"class_list":{"0":"post-411727","1":"post","2":"type-post","3":"status-publish","4":"format-standard","5":"has-post-thumbnail","7":"category-livres","8":"tag-books","9":"tag-divertissement","10":"tag-entertainment","11":"tag-fr","12":"tag-france","13":"tag-livres","14":"tag-prix-litteraire"},"share_on_mastodon":{"url":"https:\/\/pubeurope.com\/@fr\/115253206359311476","error":""},"_links":{"self":[{"href":"https:\/\/www.europesays.com\/fr\/wp-json\/wp\/v2\/posts\/411727","targetHints":{"allow":["GET"]}}],"collection":[{"href":"https:\/\/www.europesays.com\/fr\/wp-json\/wp\/v2\/posts"}],"about":[{"href":"https:\/\/www.europesays.com\/fr\/wp-json\/wp\/v2\/types\/post"}],"author":[{"embeddable":true,"href":"https:\/\/www.europesays.com\/fr\/wp-json\/wp\/v2\/users\/2"}],"replies":[{"embeddable":true,"href":"https:\/\/www.europesays.com\/fr\/wp-json\/wp\/v2\/comments?post=411727"}],"version-history":[{"count":0,"href":"https:\/\/www.europesays.com\/fr\/wp-json\/wp\/v2\/posts\/411727\/revisions"}],"wp:featuredmedia":[{"embeddable":true,"href":"https:\/\/www.europesays.com\/fr\/wp-json\/wp\/v2\/media\/411728"}],"wp:attachment":[{"href":"https:\/\/www.europesays.com\/fr\/wp-json\/wp\/v2\/media?parent=411727"}],"wp:term":[{"taxonomy":"category","embeddable":true,"href":"https:\/\/www.europesays.com\/fr\/wp-json\/wp\/v2\/categories?post=411727"},{"taxonomy":"post_tag","embeddable":true,"href":"https:\/\/www.europesays.com\/fr\/wp-json\/wp\/v2\/tags?post=411727"}],"curies":[{"name":"wp","href":"https:\/\/api.w.org\/{rel}","templated":true}]}}