{"id":411729,"date":"2025-09-23T10:45:19","date_gmt":"2025-09-23T10:45:19","guid":{"rendered":"https:\/\/www.europesays.com\/fr\/411729\/"},"modified":"2025-09-23T10:45:19","modified_gmt":"2025-09-23T10:45:19","slug":"linvite-de-benjamin-duhamel-craque-en-plein-direct-les-larmes-montent","status":"publish","type":"post","link":"https:\/\/www.europesays.com\/fr\/411729\/","title":{"rendered":"l\u2019invit\u00e9 de Benjamin Duhamel craque en plein direct, les larmes montent"},"content":{"rendered":"<p class=\"mb-4 text-lg md:leading-8 break-words\">La d\u00e9cision d\u2019Emmanuel Macron d\u2019annoncer, ce lundi 22 septembre 2025 \u00e0 la tribune des Nations unies, la reconnaissance officielle de l\u2019\u00c9tat de Palestine par la France a provoqu\u00e9 une onde de choc politique et diplomatique. Mais elle a aussi suscit\u00e9 une immense \u00e9motion chez certains. Invit\u00e9 de France Inter ce mardi 23 septembre,<strong> l\u2019intellectuel Elias Sanbar<\/strong>, ancien ambassadeur de la Palestine \u00e0 l\u2019Unesco et ex-n\u00e9gociateur des accords d\u2019Oslo, n\u2019a pas pu retenir ses larmes en direct face \u00e0 Benjamin Duhamel. Quelques heures apr\u00e8s ce tournant diplomatique qualifi\u00e9 d\u2019\u201dhistorique\u201d, Elias Sanbar a tenu \u00e0 rappeler combien cette reconnaissance change la perception du peuple palestinien. \u201cC\u2019est une rupture fondamentale qui me comble de joie\u201d, a-t-il lanc\u00e9 avec force.<\/p>\n<p>L&rsquo;invit\u00e9 de Benjamin Duhamel en larmes sur France Inter<\/p>\n<p class=\"mb-4 text-lg md:leading-8 break-words\">Visiblement boulevers\u00e9, il a confi\u00e9 que ce geste r\u00e9pondait aussi \u00e0 une blessure intime et ancienne. Benjamin Duhamel, qui animait l\u2019entretien, lui a rappel\u00e9 ses propres mots de jeunesse : \u201cElias Sanbar, \u00e0 17 ans, qui disait qu\u2019il \u00e9tait palestinien, on lui r\u00e9pondait : \u2018c\u2019est quoi un Palestinien ?\u2019 C\u2019est \u00e0 ce jeune de 17 ans que cette reconnaissance vient aussi r\u00e9pondre\u201d.  Une \u00e9vocation qui a d\u00e9clench\u00e9 l\u2019\u00e9motion de l\u2019invit\u00e9 du journaliste de France Inter. La voix tremblante,<strong> les yeux embu\u00e9s,<\/strong> Elias Sanbar a laiss\u00e9 parler son c\u0153ur : \u201cBien entendu, c\u2019est \u00e9galement une reconnaissance, et je ne (&#8230;)<a href=\"https:\/\/www.closermag.fr\/people\/je-suis-tres-emu-de-le-dire-linvite-de-benjamin-duhamel-craque-en-plein-direct-les-larmes-montent-3581730\" rel=\"nofollow noopener\" target=\"_blank\" data-ylk=\"slk:Lire la suite sur Closer;elm:context_link;itc:0;sec:content-canvas\" class=\"link \">Lire la suite sur Closer<\/a><a href=\"https:\/\/www.closermag.fr\/vecu\/proces-de-cedric-jubillar-laccuse-ne-lache-pas-des-yeux-la-soeur-de-delphine-elle-passe-un-moment-tres-difficile-a-la-barre-3581833\" rel=\"nofollow noopener\" target=\"_blank\" data-ylk=\"slk:Proc\u00e8s de C\u00e9dric Jubillar : l\u2019accus\u00e9 ne l\u00e2che pas des yeux la soeur de Delphine, elle passe un moment tr\u00e8s difficile \u00e0 la barre;elm:context_link;itc:0;sec:content-canvas\" class=\"link \">Proc\u00e8s de C\u00e9dric Jubillar : l\u2019accus\u00e9 ne l\u00e2che pas des yeux la soeur de Delphine, elle passe un moment tr\u00e8s difficile \u00e0 la barre<\/a><br \/><a href=\"https:\/\/www.closermag.fr\/vecu\/disparition-de-delphine-jubillar-ce-magnet-lourd-de-sens-toujours-sur-un-placard-de-la-maison-du-couple-3566949\" rel=\"nofollow noopener\" target=\"_blank\" data-ylk=\"slk:Disparition de Delphine Jubillar : ce magnet lourd de sens toujours sur un placard de la maison du couple;elm:context_link;itc:0;sec:content-canvas\" class=\"link \">Disparition de Delphine Jubillar : ce magnet lourd de sens toujours sur un placard de la maison du couple<\/a><br \/><a href=\"https:\/\/www.closermag.fr\/vecu\/proces-de-cedric-jubillar-cest-extremement-penible-esclandre-en-plein-tribunal-3581820\" rel=\"nofollow noopener\" target=\"_blank\" data-ylk=\"slk:Proc\u00e8s de C\u00e9dric Jubillar : &quot;C&#039;est extr\u00eamement p\u00e9nible&quot;, esclandre en plein tribunal;elm:context_link;itc:0;sec:content-canvas\" class=\"link \">Proc\u00e8s de C\u00e9dric Jubillar : \u00ab\u00a0C&rsquo;est extr\u00eamement p\u00e9nible\u00a0\u00bb, esclandre en plein tribunal<\/a><br \/><a href=\"https:\/\/www.closermag.fr\/vecu\/proces-de-cedric-jubillar-les-freres-et-la-soeur-de-delphine-jubillar-creent-la-surprise-des-le-deuxieme-jour-3581826\" rel=\"nofollow noopener\" target=\"_blank\" data-ylk=\"slk:Proc\u00e8s de C\u00e9dric Jubillar : les fr\u00e8res et la soeur de Delphine Jubillar cr\u00e9ent la surprise d\u00e8s le deuxi\u00e8me jour;elm:context_link;itc:0;sec:content-canvas\" class=\"link \">Proc\u00e8s de C\u00e9dric Jubillar : les fr\u00e8res et la soeur de Delphine Jubillar cr\u00e9ent la surprise d\u00e8s le deuxi\u00e8me jour<\/a><br \/><a href=\"https:\/\/www.closermag.fr\/vecu\/elle-prend-lavion-ses-jambes-cessent-soudain-de-fonctionner-une-semaine-plus-tard-3581821\" rel=\"nofollow noopener\" target=\"_blank\" data-ylk=\"slk:Elle prend l\u2019avion, ses jambes cessent soudain de fonctionner une semaine plus tard;elm:context_link;itc:0;sec:content-canvas\" class=\"link \">Elle prend l\u2019avion, ses jambes cessent soudain de fonctionner une semaine plus tard<\/a><\/p>\n","protected":false},"excerpt":{"rendered":"La d\u00e9cision d\u2019Emmanuel Macron d\u2019annoncer, ce lundi 22 septembre 2025 \u00e0 la tribune des Nations unies, la reconnaissance&hellip;\n","protected":false},"author":2,"featured_media":411730,"comment_status":"","ping_status":"","sticky":false,"template":"","format":"standard","meta":{"footnotes":""},"categories":[1356],"tags":[54283,27439,58,54282,59,1011,27,9102,252,1364],"class_list":{"0":"post-411729","1":"post","2":"type-post","3":"status-publish","4":"format-standard","5":"has-post-thumbnail","7":"category-television","8":"tag-22-septembre","9":"tag-benjamin-duhamel","10":"tag-divertissement","11":"tag-elias-sanbar","12":"tag-entertainment","13":"tag-fr","14":"tag-france","15":"tag-france-inter","16":"tag-television","17":"tag-tv"},"share_on_mastodon":{"url":"https:\/\/pubeurope.com\/@fr\/115253210335153793","error":""},"_links":{"self":[{"href":"https:\/\/www.europesays.com\/fr\/wp-json\/wp\/v2\/posts\/411729","targetHints":{"allow":["GET"]}}],"collection":[{"href":"https:\/\/www.europesays.com\/fr\/wp-json\/wp\/v2\/posts"}],"about":[{"href":"https:\/\/www.europesays.com\/fr\/wp-json\/wp\/v2\/types\/post"}],"author":[{"embeddable":true,"href":"https:\/\/www.europesays.com\/fr\/wp-json\/wp\/v2\/users\/2"}],"replies":[{"embeddable":true,"href":"https:\/\/www.europesays.com\/fr\/wp-json\/wp\/v2\/comments?post=411729"}],"version-history":[{"count":0,"href":"https:\/\/www.europesays.com\/fr\/wp-json\/wp\/v2\/posts\/411729\/revisions"}],"wp:featuredmedia":[{"embeddable":true,"href":"https:\/\/www.europesays.com\/fr\/wp-json\/wp\/v2\/media\/411730"}],"wp:attachment":[{"href":"https:\/\/www.europesays.com\/fr\/wp-json\/wp\/v2\/media?parent=411729"}],"wp:term":[{"taxonomy":"category","embeddable":true,"href":"https:\/\/www.europesays.com\/fr\/wp-json\/wp\/v2\/categories?post=411729"},{"taxonomy":"post_tag","embeddable":true,"href":"https:\/\/www.europesays.com\/fr\/wp-json\/wp\/v2\/tags?post=411729"}],"curies":[{"name":"wp","href":"https:\/\/api.w.org\/{rel}","templated":true}]}}