{"id":411735,"date":"2025-09-23T10:48:09","date_gmt":"2025-09-23T10:48:09","guid":{"rendered":"https:\/\/www.europesays.com\/fr\/411735\/"},"modified":"2025-09-23T10:48:09","modified_gmt":"2025-09-23T10:48:09","slug":"dans-cet-hopital-de-leure-un-appareil-innovant-pour-soigner-la-prostate-grace-a-la-vapeur-deau","status":"publish","type":"post","link":"https:\/\/www.europesays.com\/fr\/411735\/","title":{"rendered":"Dans cet h\u00f4pital de l&rsquo;Eure, un appareil innovant pour soigner la prostate gr\u00e2ce \u00e0 la vapeur d&rsquo;eau"},"content":{"rendered":"<p>            Par<br \/>\n        <strong><br \/>\n            <a href=\"https:\/\/actu.fr\/auteur\/arielle-bossuyt\" title=\"Consulter tous les articles de Arielle Bossuyt\" rel=\"nofollow noopener\" target=\"_blank\">Arielle Bossuyt<\/a><br \/>\n        <\/strong><\/p>\n<p>        Publi\u00e9 le<\/p>\n<p>            23 sept. 2025 \u00e0 7h12        <\/p>\n<p>Chaque ann\u00e9e, en France, <b>2 millions<\/b> d\u2019hommes \u00e0 partir de 55 ans sont diagnostiqu\u00e9s porteurs d\u2019une hypertrophie de la<b> prostate<\/b>. Si une grande partie n\u2019en souffre pas, pour environ 200 000 d\u2019entre eux, ce<b> trouble <\/b>affecte leur quotidien.<\/p>\n<blockquote class=\"ac-article-quote wall-content\">\n<p>\u00ab\u00a0Avec l\u2019\u00e2ge, la prostate prend du volume, c\u2019est l\u2019\u00e9volution naturelle de l\u2019homme. Mais parfois elle prend tellement de place qu\u2019elle pince la vessie ce qui entra\u00eene une g\u00eane lors des mictions. Cela peut engendrer des infections et autres troubles.\u00a0\u00bb<\/p>\n<p>Hany Mankarios, chef du service d\u2019urologie au CH Eure-Seine<\/p><\/blockquote>\n<p class=\" wall-content\">En effet, le patient ne parvenant pas \u00e0 vider compl\u00e8tement sa vessie peut contracter une prostatique, <b>infection<\/b> de la prostate.<\/p>\n<p>1er sympt\u00f4me : des difficult\u00e9s \u00e0 uriner<\/p>\n<p class=\" wall-content\">\u00ab\u00a0L\u2019urine stagnante dans la vessie est propice \u00e0 la culture des bact\u00e9ries car il s\u2019agit d\u2019un liquide ti\u00e8de et acide : un terrain id\u00e9al\u00a0\u00bb, souligne le docteur.<\/p>\n<p class=\" wall-content\">Certains <b>sympt\u00f4mes<\/b> r\u00e9v\u00e8lent une hypertrophie de la prostate : passer plus de temps \u00e0 uriner, se r\u00e9veiller plusieurs fois dans la nuit pour aller aux toilettes, mettre quatre minutes au lieu de 20 secondes pour vider sa vessie, fuite urinaire\u2026<\/p>\n<p class=\" wall-content\">\u00ab\u00a0Comme les sympt\u00f4mes s\u2019aggravent au fil des ans, les patients ne sont pas toujours conscients de leur \u00e9tat. Il y a aussi une certaine omerta : certains n\u2019osent pas parler de leurs probl\u00e8mes\u00a0\u00bb, constate Hany Mankarios.<\/p>\n<p>Vid\u00e9os : en ce moment sur Actu<\/p>\n<p class=\" wall-content\">En cas de doute, \u00e0 partir de <b>55 ans, <\/b>des analyses sont r\u00e9alis\u00e9es et des examens comme une \u00e9chographie et une endoscopie sont faits. Bonne nouvelle pour les hommes atteints de ce trouble : l\u2019hypertrophie se soigne.<\/p>\n<p class=\" wall-content\">Par ailleurs, afin d\u2019am\u00e9liorer la prise en charge des <b>patients<\/b>, l\u2019<b>h\u00f4pital<\/b> de<a href=\"https:\/\/actu.fr\/normandie\/vernon_27681\" rel=\"nofollow noopener\" target=\"_blank\"> Vernon<\/a> (Eure) s\u2019est dot\u00e9 d\u2019un nouvel appareil : le R\u00e9zum, \u00e9labor\u00e9 aux <b>\u00c9tats-Unis<\/b>.<\/p>\n<p>Votre r\u00e9gion, votre actu !<\/p>\n<p>Recevez chaque jour les infos qui comptent pour vous.<\/p>\n<p>\t<a href=\"https:\/\/actu.fr\/newsletter\" class=\"ac-btn ac-btn--corner ac-btn--medium ac-btn--blue800\" rel=\"nofollow noopener\" target=\"_blank\">S&rsquo;incrire<\/a><\/p>\n<p class=\" wall-content\">Cette<b> technologie<\/b> r\u00e9cente permet de traiter l\u2019hypertrophie par vapeur d\u2019eau.<\/p>\n<blockquote class=\"ac-article-quote wall-content\">\n<p>\u00ab\u00a0Nous introduisons un petit tuyau dans le corps. \u00c0 l\u2019aide d\u2019une piq\u00fbre, de la vapeur d\u2019eau \u00e0 forte temp\u00e9rature (103 degr\u00e9s) est inject\u00e9e dans la prostate ce qui, \u00e0 terme, engendrera une atrophie de l\u2019organe.\u00a0\u00bb<\/p>\n<p>Hany Mankarios, chef du service urologie au CH Eure Seine<\/p><\/blockquote>\n<p class=\" wall-content\">Avec cette m\u00e9thode, le patient est trait\u00e9 en 10 minutes et peut rentrer chez lui le jour m\u00eame. Toutefois, il devra uriner \u00e0 l\u2019aide d\u2019une sonde pendant sept jours et verra les effets de l\u2019op\u00e9ration deux \u00e0 trois mois plus tard.<\/p>\n<p>Vapeur d\u2019eau inject\u00e9e \u00e0 103 degr\u00e9s<\/p>\n<blockquote class=\"ac-article-quote wall-content\">\n<p>\u00ab\u00a0Cette m\u00e9thode reste moins invasive que le grattage prostatique qui implique de d\u00e9couper des morceaux de prostate. Cette derni\u00e8re doit se faire sous anesth\u00e9sie g\u00e9n\u00e9rale ou p\u00e9ridurale et dure 1h15. Le patient doit rester trois jours \u00e0 l\u2019h\u00f4pital. Quant \u00e0 la gu\u00e9rison, elle peut \u00eatre douloureuse parce que la plaie sera au contact de l\u2019urine.\u00a0\u00bb<\/p>\n<p>Hany Mankarios, chef du service urologie au CH Eure Seine<\/p><\/blockquote>\n<p class=\" wall-content\">L\u2019appareil a co\u00fbt\u00e9 50 000 euros et a d\u00e9j\u00e0 permis de traiter 22 patients depuis son arriv\u00e9e \u00e0 l\u2019h\u00f4pital de Vernon, en mai.\u00a0<\/p>\n<p class=\" wall-content\">Personnalisez votre actualit\u00e9 en ajoutant vos villes et m\u00e9dias en favori avec <a href=\"https:\/\/moncompte.actu.fr\" title=\"D\u00e9couvez Mon Actu\" rel=\"nofollow noopener\" data-trk=\"{&quot;cta&quot;:{&quot;action&quot;:&quot;https:\\\/\\\/moncompte.actu.fr&quot;,&quot;category&quot;:&quot;mon compte&quot;,&quot;from&quot;:&quot;article footer&quot;,&quot;name&quot;:&quot;Mon actu&quot;,&quot;type&quot;:&quot;cta&quot;}}\" target=\"_blank\">Mon Actu<\/a>.<\/p>\n","protected":false},"excerpt":{"rendered":"Par Arielle Bossuyt Publi\u00e9 le 23 sept. 2025 \u00e0 7h12 Chaque ann\u00e9e, en France, 2 millions d\u2019hommes \u00e0&hellip;\n","protected":false},"author":2,"featured_media":411736,"comment_status":"","ping_status":"","sticky":false,"template":"","format":"standard","meta":{"footnotes":""},"categories":[10],"tags":[1011,27,72,100,71,104],"class_list":{"0":"post-411735","1":"post","2":"type-post","3":"status-publish","4":"format-standard","5":"has-post-thumbnail","7":"category-sante","8":"tag-fr","9":"tag-france","10":"tag-health","11":"tag-hopital","12":"tag-sante","13":"tag-societe"},"share_on_mastodon":{"url":"https:\/\/pubeurope.com\/@fr\/115253221968811054","error":""},"_links":{"self":[{"href":"https:\/\/www.europesays.com\/fr\/wp-json\/wp\/v2\/posts\/411735","targetHints":{"allow":["GET"]}}],"collection":[{"href":"https:\/\/www.europesays.com\/fr\/wp-json\/wp\/v2\/posts"}],"about":[{"href":"https:\/\/www.europesays.com\/fr\/wp-json\/wp\/v2\/types\/post"}],"author":[{"embeddable":true,"href":"https:\/\/www.europesays.com\/fr\/wp-json\/wp\/v2\/users\/2"}],"replies":[{"embeddable":true,"href":"https:\/\/www.europesays.com\/fr\/wp-json\/wp\/v2\/comments?post=411735"}],"version-history":[{"count":0,"href":"https:\/\/www.europesays.com\/fr\/wp-json\/wp\/v2\/posts\/411735\/revisions"}],"wp:featuredmedia":[{"embeddable":true,"href":"https:\/\/www.europesays.com\/fr\/wp-json\/wp\/v2\/media\/411736"}],"wp:attachment":[{"href":"https:\/\/www.europesays.com\/fr\/wp-json\/wp\/v2\/media?parent=411735"}],"wp:term":[{"taxonomy":"category","embeddable":true,"href":"https:\/\/www.europesays.com\/fr\/wp-json\/wp\/v2\/categories?post=411735"},{"taxonomy":"post_tag","embeddable":true,"href":"https:\/\/www.europesays.com\/fr\/wp-json\/wp\/v2\/tags?post=411735"}],"curies":[{"name":"wp","href":"https:\/\/api.w.org\/{rel}","templated":true}]}}