{"id":411737,"date":"2025-09-23T10:50:13","date_gmt":"2025-09-23T10:50:13","guid":{"rendered":"https:\/\/www.europesays.com\/fr\/411737\/"},"modified":"2025-09-23T10:50:13","modified_gmt":"2025-09-23T10:50:13","slug":"nouveau-jour-sur-m6-sarrete-deja-a-peine-trois-mois-apres-le-lancement-de-la-serie","status":"publish","type":"post","link":"https:\/\/www.europesays.com\/fr\/411737\/","title":{"rendered":"\u00ab\u00a0Nouveau jour\u00a0\u00bb sur M6\u00a0s\u2019arr\u00eate d\u00e9j\u00e0, \u00e0 peine trois mois apr\u00e8s le lancement de la s\u00e9rie"},"content":{"rendered":"<p>        <img decoding=\"async\" loading=\"lazy\" src=\"https:\/\/www.europesays.com\/fr\/wp-content\/uploads\/2025\/09\/234f6e1_upload-1-5mo96ziwllba-nouveau-jour.jpeg\"  width=\"728\" height=\"410\" alt=\"La s\u00e9rie \u00ab\u00a0Nouveau jour\u00a0\u00bb sur M6\u00a0s\u2019arr\u00eate apr\u00e8s seulement 4\u00a0mois de diffusion.\"\/>  <\/p>\n<p>Copyright Nicolas LEFEVRE\/M6<\/p>\n<p>La s\u00e9rie \u00ab\u00a0Nouveau jour\u00a0\u00bb sur M6\u00a0s\u2019arr\u00eate apr\u00e8s seulement 4\u00a0mois de diffusion.<\/p>\n<p class=\"asset asset-text\">S\u00c9RIE &#8211; La cha\u00eene <a href=\"https:\/\/www.huffingtonpost.fr\/divertissement\/article\/dans-l-amour-est-dans-le-pre-jean-louis-et-sa-clef-pour-dormir-tranquille-ont-beaucoup-amuse-les-telespectateurs_255139.html\" target=\"_blank\" rel=\"noopener\">M6<\/a> a annonc\u00e9 l\u2019arr\u00eat quasi-imm\u00e9diat de la diffusion de son <a href=\"https:\/\/www.huffingtonpost.fr\/culture\/article\/les-2be3-et-filip-nikolic-sur-le-devant-de-la-scene-en-2025-avec-telefilm-serie-et-livre_254842.html\" target=\"_blank\" rel=\"noopener\">feuilleton<\/a> quotidien\u00a0Nouveau jour, lanc\u00e9 fin juin, en raison d\u2019audiences d\u00e9cevantes. Cette saga familiale, qui se joue dans un <a href=\"https:\/\/www.huffingtonpost.fr\/international\/article\/vous-avez-concu-votre-bebe-dans-leur-hotel-ce-groupe-polonais-vous-promet-une-recompense_255065.html\" target=\"_blank\" rel=\"noopener\">h\u00f4tel<\/a> de luxe de l\u2019H\u00e9rault dirig\u00e9 par Louise (Helena Noguerra), cessera d\u2019\u00eatre diffus\u00e9e d\u00e8s ce mardi 23\u00a0septembre.<\/p>\n<p class=\"asset asset-text\">\u00ab\u00a0Malgr\u00e9 des critiques tr\u00e8s positives depuis son lancement, et des <a href=\"https:\/\/www.huffingtonpost.fr\/culture\/article\/kpop-demon-hunters-devient-le-film-le-plus-regarde-de-l-histoire-sur-netflix_254048.html\" target=\"_blank\" rel=\"noopener\">audiences<\/a> cons\u00e9quentes sur M6+, Nouveau Jour n\u2019a pas trouv\u00e9 son public en lin\u00e9aire (sur la t\u00e9l\u00e9vision traditionnelle, ndlr)\u00a0\u00bb, a justifi\u00e9 la cha\u00eene dans un message envoy\u00e9 lundi \u00e0 l\u2019AFP.<\/p>\n<p class=\"asset asset-text\">La saison 1 ainsi que les \u00e9pisodes in\u00e9dits qui n\u2019ont pas \u00e9t\u00e9 encore diffus\u00e9s sont accessibles sur la plateforme en ligne M6+. Le tournage de ce projet qui avait pourtant un casting prometteur (Helena Noguerra, Bruno Solo, La\u00ebtitia Milot ou encore Vincent Desagnat) devrait \u00e9galement s\u2019arr\u00eater \u00e0 l\u2019issue de cette premi\u00e8re saison. \u00ab\u00a0Le constat que nous faisons est qu\u2019il n\u2019y a pas la place pour plus de 4 s\u00e9ries quotidiennes feuilletonnantes en lin\u00e9aire\u00a0\u00bb, indique M6, se r\u00e9f\u00e9rant notamment au format court Sc\u00e8nes de m\u00e9nages qui existe depuis 2009.<\/p>\n<p class=\"asset asset-text\">Avec\u00a0Nouveau Jour, M6 tentait une nouvelle incursion dans le segment tr\u00e8s pris\u00e9 des feuilletons quotidiens, un genre rest\u00e9 longtemps absent du PAF mais devenu incontournable \u00e0 l\u2019heure du streaming et depuis le succ\u00e8s de Plus belle la vie. Une ultime d\u00e9sillusion pour le programme de M6 qui avait d\u00e9j\u00e0 connu un premier d\u00e9classement fin ao\u00fbt, en \u00e9tant diffus\u00e9 \u00e0 13h30\u00a0au lieu de 20H40 initialement.<\/p>\n<p class=\"asset asset-text\">Le diffuseur a adress\u00e9 un message \u00e0 l\u2019intention de ses \u00e9quipes suite \u00e0 l\u2019arr\u00eat du show\u00a0: \u00ab\u00a0Nous tenons \u00e0 remercier tr\u00e8s sinc\u00e8rement tous les com\u00e9diens, les auteurs, les r\u00e9alisateurs, les techniciens et toutes les \u00e9quipes de production qui ont travaill\u00e9 avec passion et enthousiasme sur ce projet, salu\u00e9 par la critique, mais qui n\u2019a malheureusement pas rencontr\u00e9 le public\u00a0\u00bb, rapporte le communiqu\u00e9.<\/p>\n","protected":false},"excerpt":{"rendered":"Copyright Nicolas LEFEVRE\/M6 La s\u00e9rie \u00ab\u00a0Nouveau jour\u00a0\u00bb sur M6\u00a0s\u2019arr\u00eate apr\u00e8s seulement 4\u00a0mois de diffusion. S\u00c9RIE &#8211; La cha\u00eene&hellip;\n","protected":false},"author":2,"featured_media":411738,"comment_status":"","ping_status":"","sticky":false,"template":"","format":"standard","meta":{"footnotes":""},"categories":[8],"tags":[58,59,1011,27,494,1368,31854,595],"class_list":{"0":"post-411737","1":"post","2":"type-post","3":"status-publish","4":"format-standard","5":"has-post-thumbnail","7":"category-divertissement","8":"tag-divertissement","9":"tag-entertainment","10":"tag-fr","11":"tag-france","12":"tag-m6","13":"tag-plus-belle-la-vie","14":"tag-scenes-de-menages","15":"tag-serie-tv"},"share_on_mastodon":{"url":"https:\/\/pubeurope.com\/@fr\/115253230445755819","error":""},"_links":{"self":[{"href":"https:\/\/www.europesays.com\/fr\/wp-json\/wp\/v2\/posts\/411737","targetHints":{"allow":["GET"]}}],"collection":[{"href":"https:\/\/www.europesays.com\/fr\/wp-json\/wp\/v2\/posts"}],"about":[{"href":"https:\/\/www.europesays.com\/fr\/wp-json\/wp\/v2\/types\/post"}],"author":[{"embeddable":true,"href":"https:\/\/www.europesays.com\/fr\/wp-json\/wp\/v2\/users\/2"}],"replies":[{"embeddable":true,"href":"https:\/\/www.europesays.com\/fr\/wp-json\/wp\/v2\/comments?post=411737"}],"version-history":[{"count":0,"href":"https:\/\/www.europesays.com\/fr\/wp-json\/wp\/v2\/posts\/411737\/revisions"}],"wp:featuredmedia":[{"embeddable":true,"href":"https:\/\/www.europesays.com\/fr\/wp-json\/wp\/v2\/media\/411738"}],"wp:attachment":[{"href":"https:\/\/www.europesays.com\/fr\/wp-json\/wp\/v2\/media?parent=411737"}],"wp:term":[{"taxonomy":"category","embeddable":true,"href":"https:\/\/www.europesays.com\/fr\/wp-json\/wp\/v2\/categories?post=411737"},{"taxonomy":"post_tag","embeddable":true,"href":"https:\/\/www.europesays.com\/fr\/wp-json\/wp\/v2\/tags?post=411737"}],"curies":[{"name":"wp","href":"https:\/\/api.w.org\/{rel}","templated":true}]}}