{"id":411741,"date":"2025-09-23T10:52:11","date_gmt":"2025-09-23T10:52:11","guid":{"rendered":"https:\/\/www.europesays.com\/fr\/411741\/"},"modified":"2025-09-23T10:52:11","modified_gmt":"2025-09-23T10:52:11","slug":"le-patron-du-medef-annonce-un-enorme-meeting-du-patronat-dans-quelques-jours","status":"publish","type":"post","link":"https:\/\/www.europesays.com\/fr\/411741\/","title":{"rendered":"le patron du Medef annonce \u00abun \u00e9norme meeting\u00bb du patronat dans \u00abquelques jours\u00bb"},"content":{"rendered":"<p>Patrick Martin a pr\u00e9cis\u00e9 que cette mobilisation servirait \u00e0 revendiquer l\u2019apport des entreprises \u00e0 l\u2019int\u00e9r\u00eat public et face \u00e0 \u00abcertaines th\u00e9ories dangereuses pour nos entreprises\u00bb.<\/p>\n<p class=\"fig-paragraph\">La menace,\u00a0<a href=\"http:\/\/www.lefigaro.fr\/conjoncture\/budget-le-medef-menace-d-une-grande-mobilisation-patronale-si-les-impots-des-entreprises-augmentent-20250913\" target=\"_blank\" data-fig-type=\"NewsFlash\" rel=\"noopener\" data-gtm-custom-categorie=\"navigation\" data-gtm-custom-action=\"crossclick\" data-gtm-custom-label=\"Contextuel\" data-gtm-event=\"customEventSPE\" data-fig-domain=\"LEFIGARO\">agit\u00e9e il y a quelques jours<\/a>, \u00abd\u2019une grande mobilisation patronale\u00bb prend forme. Le pr\u00e9sident du Medef Patrick Martin a annonc\u00e9 ce mardi \u00abun \u00e9norme meeting\u00bb du\u00a0<a href=\"https:\/\/video.lefigaro.fr\/figaro\/economie\/budget-le-medef-menace-dune-grande-mobilisation-patronale-si-les-impots-des-entreprises-venaient-a-augmenter-20250914\" data-fig-type=\"Video\" data-gtm-custom-categorie=\"navigation\" data-gtm-custom-action=\"crossclick\" data-gtm-custom-label=\"Contextuel\" data-gtm-event=\"customEventSPE\" data-fig-domain=\"LEFIGARO\" target=\"_blank\" rel=\"noopener\">patronat<\/a>\u00a0dans \u00abquelques jours\u00bb, pour revendiquer l\u2019apport des entreprises \u00e0 l\u2019int\u00e9r\u00eat public et face \u00e0 \u00abcertaines th\u00e9ories dangereuses pour nos entreprises\u00bb. \u00abNous organiserons, toutes organisations patronales confondues, un \u00e9norme meeting dans quelques jours pour dire positivement, joyeusement, ce que nous sommes et ce que nous sommes fiers d\u2019\u00eatre\u00bb, a lanc\u00e9 Patrick Martin lors de l\u2019\u00e9v\u00e9nement BIG organis\u00e9 par la banque publique d\u2019investissement Bpifrance.<\/p>\n<p class=\"fig-paragraph\">Dans une interview au Parisien parue le 13 septembre dernier, il avait d\u00e9j\u00e0 pr\u00e9venu qu\u2019une \u00abgrande mobilisation patronale\u00bb serait organis\u00e9e si les imp\u00f4ts des entreprises \u00e9taient augment\u00e9s dans le cadre du budget 2026. \u00abOn ne descendra pas dans la rue. On r\u00e9unira massivement, comme ce fut le cas par le pass\u00e9, sous forme de meeting, des milliers de chefs d\u2019entreprise de tout profil, en termes de taille, de secteur d\u2019activit\u00e9, d\u2019origine territoriale pour bien signifier que nous refusons d\u2019\u00eatre la variable d\u2019ajustement de politiques qui nous paraissent contraires \u00e0 la bonne marche de l\u2019\u00e9conomie et \u00e0 l\u2019int\u00e9r\u00eat du pays, dans lequel nous jouons un r\u00f4le important\u00bb, avait-il pr\u00e9cis\u00e9.<\/p>\n<p>                                    <a class=\"fig-a11y-skip a11y-hidden\" href=\"#fig-a11y-skip-main-inarticle\"><br \/>\n        Passer la publicit\u00e9<br \/>\n    <\/a><\/p>\n<p>\u00abNotre responsabilit\u00e9 est de mieux faire savoir qui nous sommes\u00bb<\/p>\n<p class=\"fig-paragraph\">Lors de l\u2019\u00e9v\u00e9nement organis\u00e9 par Bpifrance ce mardi, Patrick Martin a martel\u00e9 que les entreprises devaient \u00abrevendiquer (leur) contribution essentielle [&#8230;] au bien public\u00bb. \u00abIl y a une forme d\u2019effacement de la r\u00e9alit\u00e9, peut-\u00eatre de la v\u00e9rit\u00e9\u00bb, a-t-il regrett\u00e9, estimant que \u00abcirculent fr\u00e9n\u00e9tiquement certaines th\u00e8ses, certaines th\u00e9ories dangereuses, y compris pour nos entreprises\u00bb. Une allusion en particulier \u00e0 la proposition de taxe Zucman, qui consisterait \u00e0 imposer \u00e0 2% minimum par an le patrimoine, y compris professionnel, des 1800 Fran\u00e7ais les plus riches. \u00c0 ce propos, Patrick Martin a ironiquement d\u00e9clar\u00e9 qu\u2019il ne savait \u00abpas danser la Zucmania\u00bb.<\/p>\n<p class=\"fig-paragraph\">\u00abOn voudrait signifier que (les entreprises) ne sont que des actionnaires assoiff\u00e9s de dividendes. \u00c7a ne se r\u00e9sume \u00e9videmment pas \u00e0 cela\u00bb, a-t-il voulu recadrer. \u00abNotre responsabilit\u00e9 est de mieux faire savoir qui nous sommes\u00bb, a d\u00e9clar\u00e9 le patron des patrons. Il a \u00e9galement rappel\u00e9 que les entreprises du Medef repr\u00e9sentaient aussi 12 millions de salari\u00e9s. \u00abJe ne dis pas que chacun d\u2019eux est heureux comme un pape dans nos entreprises, mais je vois les sondages\u00a0: nos concitoyens n\u2019ont jamais autant eu confiance dans l\u2019entreprise, (notamment) parce que d\u2019autres profils de d\u00e9cideurs se sont discr\u00e9dit\u00e9s et c\u2019est inqui\u00e9tant pour notre d\u00e9mocratie\u00bb.<\/p>\n","protected":false},"excerpt":{"rendered":"Patrick Martin a pr\u00e9cis\u00e9 que cette mobilisation servirait \u00e0 revendiquer l\u2019apport des entreprises \u00e0 l\u2019int\u00e9r\u00eat public et face&hellip;\n","protected":false},"author":2,"featured_media":411742,"comment_status":"","ping_status":"","sticky":false,"template":"","format":"standard","meta":{"footnotes":""},"categories":[6],"tags":[35,33,34,1011,27,4803,32226],"class_list":{"0":"post-411741","1":"post","2":"type-post","3":"status-publish","4":"format-standard","5":"has-post-thumbnail","7":"category-economie","8":"tag-business","9":"tag-economie","10":"tag-economy","11":"tag-fr","12":"tag-france","13":"tag-medef","14":"tag-patronat"},"share_on_mastodon":{"url":"","error":""},"_links":{"self":[{"href":"https:\/\/www.europesays.com\/fr\/wp-json\/wp\/v2\/posts\/411741","targetHints":{"allow":["GET"]}}],"collection":[{"href":"https:\/\/www.europesays.com\/fr\/wp-json\/wp\/v2\/posts"}],"about":[{"href":"https:\/\/www.europesays.com\/fr\/wp-json\/wp\/v2\/types\/post"}],"author":[{"embeddable":true,"href":"https:\/\/www.europesays.com\/fr\/wp-json\/wp\/v2\/users\/2"}],"replies":[{"embeddable":true,"href":"https:\/\/www.europesays.com\/fr\/wp-json\/wp\/v2\/comments?post=411741"}],"version-history":[{"count":0,"href":"https:\/\/www.europesays.com\/fr\/wp-json\/wp\/v2\/posts\/411741\/revisions"}],"wp:featuredmedia":[{"embeddable":true,"href":"https:\/\/www.europesays.com\/fr\/wp-json\/wp\/v2\/media\/411742"}],"wp:attachment":[{"href":"https:\/\/www.europesays.com\/fr\/wp-json\/wp\/v2\/media?parent=411741"}],"wp:term":[{"taxonomy":"category","embeddable":true,"href":"https:\/\/www.europesays.com\/fr\/wp-json\/wp\/v2\/categories?post=411741"},{"taxonomy":"post_tag","embeddable":true,"href":"https:\/\/www.europesays.com\/fr\/wp-json\/wp\/v2\/tags?post=411741"}],"curies":[{"name":"wp","href":"https:\/\/api.w.org\/{rel}","templated":true}]}}