{"id":411773,"date":"2025-09-23T11:11:10","date_gmt":"2025-09-23T11:11:10","guid":{"rendered":"https:\/\/www.europesays.com\/fr\/411773\/"},"modified":"2025-09-23T11:11:10","modified_gmt":"2025-09-23T11:11:10","slug":"les-temperatures-baissent-en-bretagne-voici-a-quoi-sattendre","status":"publish","type":"post","link":"https:\/\/www.europesays.com\/fr\/411773\/","title":{"rendered":"les temp\u00e9ratures baissent en Bretagne, voici \u00e0 quoi s&rsquo;attendre"},"content":{"rendered":"<p>            Par<br \/>\n        <strong><br \/>\n            <a href=\"https:\/\/actu.fr\/auteur\/brian-legoff\" title=\"Consulter tous les articles de Brian Le Goff\" rel=\"nofollow noopener\" target=\"_blank\">Brian Le Goff<\/a><br \/>\n        <\/strong><\/p>\n<p>        Publi\u00e9 le<\/p>\n<p>            23 sept. 2025 \u00e0 11h18        <\/p>\n<p>Apr\u00e8s une <a href=\"https:\/\/actu.fr\/bretagne\/rennes_35238\/des-orages-attendus-en-ille-et-vilaine-le-departement-place-en-vigilance-par-meteo-france_63156302.html\" rel=\"nofollow noopener\" target=\"_blank\">m\u00e9t\u00e9o plut\u00f4t perturb\u00e9e ces derni\u00e8res semaines<\/a>, ces derniers jours de septembre <strong>s\u2019annoncent plut\u00f4t calmes<\/strong> en <a href=\"https:\/\/actu.fr\/bretagne\/\" rel=\"nofollow noopener\" target=\"_blank\">Bretagne<\/a>. Toutefois, c\u2019est <strong>du c\u00f4t\u00e9 des temp\u00e9ratures qu\u2019il faudra pr\u00eater attention<\/strong> avec une baisse significative depuis d\u00e9j\u00e0 quelques jours. \u00ab\u2009On se trouve dans un nouveau <strong>conflit de masses d\u2019air, domin\u00e9 actuellement par le froid\u2009\u00bb<\/strong>, explique S\u00e9bastien Decaux, de <a href=\"https:\/\/www.meteo.bzh\/\" rel=\"nofollow noopener\" target=\"_blank\">M\u00e9t\u00e9o Bretagne<\/a>.<\/p>\n<blockquote class=\"ac-article-quote wall-content\">\n<p>On a un anticyclone sur les \u00celes Britanniques. Autour, le vent tourne dans le sens des aiguilles d&rsquo;une montre et dirige ainsi un air tr\u00e8s frais d&rsquo;origine scandinave sur la Bretagne, notamment.<\/p>\n<p>    <strong>S\u00e9bastien Decaux<\/strong><br \/>\n        M\u00e9t\u00e9orologue chez M\u00e9t\u00e9o Bretagne    <\/p><\/blockquote>\n<p class=\" wall-content\">Cette fra\u00eecheur provoque donc des <strong>temp\u00e9ratures minimales basses,<\/strong> fr\u00e9quemment avec une valeur \u00e0 un chiffre le matin. \u00ab\u2009Par exemple, ce mardi, au petit matin, il a fait <strong>4 \u00e0 5\u00a0\u00b0C<\/strong> sur le <a href=\"https:\/\/actu.fr\/bretagne\/finistere_29\" rel=\"nofollow noopener\" target=\"_blank\">Finist\u00e8re<\/a>, tandis qu\u2019en <a href=\"https:\/\/actu.fr\/bretagne\/ille-et-vilaine_35\" rel=\"nofollow noopener\" target=\"_blank\">Ille-et-Vilaine<\/a>, on comptait <strong>7 \u00e0 9\u00a0\u00b0C\u2009\u00bb<\/strong>, continue S\u00e9bastien Decaux. On vse rapproche <strong>des records de fra\u00eecheur<\/strong> pour la p\u00e9riode par endroits \u00e0 1 ou 2\u00a0\u00b0C pr\u00e8s.<\/p>\n<p class=\" wall-content\">\n<p>\u00ab\u2009Rien de bien m\u00e9chant\u2009\u00bb<\/p>\n<p class=\" wall-content\">Dans l\u2019est de la r\u00e9gion, il y a un peu de nuages li\u00e9s \u00e0 la goutte froide qui s\u2019est d\u00e9plac\u00e9e sur le sud. Cette derni\u00e8re dirige le vent dans le sens inverse des aiguilles d\u2019une montre, ce qui engendre la<strong> remont\u00e9e de nuages.<\/strong><\/p>\n<p class=\" wall-content\">Globalement, la <strong>m\u00e9t\u00e9o reste belle en Bretagne avec quelques ond\u00e9es,<\/strong> \u00ab\u2009mais rien de bien m\u00e9chant\u2009\u00bb, note le m\u00e9t\u00e9orologue de M\u00e9t\u00e9o Bretagne. Le vent reste un peu fort avec des <strong>rafales autour de 40\u00a0km\/h<\/strong>.<\/p>\n<p class=\" wall-content\">En Ille-et-Vilaine, ce sera un <strong>ressenti automnal<\/strong>. \u00ab\u2009Sur le nord du d\u00e9partement et dans les <a href=\"https:\/\/actu.fr\/bretagne\/cotes-d-armor_22\" rel=\"nofollow noopener\" target=\"_blank\">C\u00f4tes-d\u2019Armor<\/a>, il fera 14-15\u00a0\u00b0C dans l\u2019apr\u00e8s-midi. Plut\u00f4t 16-17\u00a0\u00b0C sur le <a href=\"https:\/\/actu.fr\/rennes\/\" rel=\"nofollow noopener\" target=\"_blank\">bassin rennais,<\/a> du c\u00f4t\u00e9 de <a href=\"https:\/\/actu.fr\/bretagne\/vannes_56260\" rel=\"nofollow noopener\" target=\"_blank\">Vannes<\/a> et vers la <a href=\"https:\/\/actu.fr\/bretagne\/saint-gildas-de-rhuys_56214\" rel=\"nofollow noopener\" target=\"_blank\">Presqu\u2019\u00eele de Rhuys<\/a>, dans le <a href=\"https:\/\/actu.fr\/bretagne\/saint-gildas-de-rhuys_56214\" rel=\"nofollow noopener\" target=\"_blank\">Morbihan<\/a>.\u2009\u00bb<\/p>\n<p class=\" wall-content\"><strong>Mercredi<\/strong> 24\u00a0septembre, ce sera encore un temps variable entre nuages, \u00e9claircies et ond\u00e9es localis\u00e9es. Le matin, il fera entre<strong> 7 et 10\u00a0\u00b0C<\/strong>. Dans l\u2019apr\u00e8s-midi, le thermom\u00e8tre monte jusqu\u2019\u00e0 <strong>16, 17, voire 18\u00a0\u00b0C<\/strong>. \u00ab\u2009Il n\u2019est pas impossible qu\u2019il y ait quelques <strong>averses \u00e9parses<\/strong>.\u2009\u00bb<\/p>\n<p>Votre r\u00e9gion, votre actu !<\/p>\n<p>Recevez chaque jour les infos qui comptent pour vous.<\/p>\n<p>\t<a href=\"https:\/\/actu.fr\/newsletter\" class=\"ac-btn ac-btn--corner ac-btn--medium ac-btn--blue800\" rel=\"nofollow noopener\" target=\"_blank\">S&rsquo;incrire<\/a><br \/>\nUn soleil plus g\u00e9n\u00e9reux \u00e0 l\u2019ouest<\/p>\n<p class=\" wall-content\"><strong>Jeudi, la situation est toujours plus variable<\/strong> \u00e0 l\u2019est avec nuages, toujours des ond\u00e9es localis\u00e9es sur l\u2019Ille-et-Vilaine. \u00c0 l\u2019ouest, notamment sur les C\u00f4tes-d\u2019Armor et le Morbihan, c\u2019est un temps variable, sec avec de plus belles \u00e9claircies. \u00ab\u2009Le soleil est plus g\u00e9n\u00e9reux en allant vers le Finist\u00e8re. Il fera <strong>7 \u00e0 13\u00a0\u00b0C le matin, 16 \u00e0 18 l\u2019apr\u00e8s-midi<\/strong>.\u2009\u00bb<\/p>\n<p class=\" wall-content\">\n<p class=\" wall-content\"><strong>Vendredi 16\u00a0septembre,<\/strong> il y a encore moins de nuages, mais les valeurs minimales sont basses, <strong>parfois inf\u00e9rieures \u00e0 5\u00a0\u00b0C<\/strong>, alors que, sur les c\u00f4tes et les \u00eeles, le thermom\u00e8tre grimpe<strong> jusqu\u2019\u00e0 12-13\u00a0\u00b0C<\/strong>. \u00ab\u2009C\u2019est un temps agr\u00e9able de saison avec des conditions automnales plut\u00f4t sympathiques l\u2019apr\u00e8s-midi avec 18-19\u00a0\u00b0C.\u2009\u00bb<\/p>\n<p>Qu\u2019en sera-t-il pour le week-end\u2009?<\/p>\n<p class=\" wall-content\">Pour samedi, pour l\u2019instant, \u00e0 cette \u00e9ch\u00e9ance, le <strong>temps est favorable aux \u00e9claircies<\/strong> avec un <strong>petit voile<\/strong> d\u2019altitude qui repr\u00e9sente les pr\u00e9mices possibles d\u2019une perturbation qui sera sur le littoral atlantique dimanche matin. <strong>\u00ab\u2009Mais, il est encore difficile de dire<\/strong> si cette perturbation prendra une <strong>trajectoire sur la Bretagne ou sur le sud de la France<\/strong>. Comme ce sera un <strong>ancien cyclone, nomm\u00e9 Gabrielle,<\/strong> venu des A\u00e7ores, c\u2019est difficile \u00e0 dire.\u2009\u00bb<\/p>\n<p class=\" wall-content\">Personnalisez votre actualit\u00e9 en ajoutant vos villes et m\u00e9dias en favori avec <a href=\"https:\/\/moncompte.actu.fr\" title=\"D\u00e9couvez Mon Actu\" rel=\"nofollow noopener\" data-trk=\"{&quot;cta&quot;:{&quot;action&quot;:&quot;https:\\\/\\\/moncompte.actu.fr&quot;,&quot;category&quot;:&quot;mon compte&quot;,&quot;from&quot;:&quot;article footer&quot;,&quot;name&quot;:&quot;Mon actu&quot;,&quot;type&quot;:&quot;cta&quot;}}\" target=\"_blank\">Mon Actu<\/a>.<\/p>\n","protected":false},"excerpt":{"rendered":"Par Brian Le Goff Publi\u00e9 le 23 sept. 2025 \u00e0 11h18 Apr\u00e8s une m\u00e9t\u00e9o plut\u00f4t perturb\u00e9e ces derni\u00e8res&hellip;\n","protected":false},"author":2,"featured_media":411774,"comment_status":"","ping_status":"","sticky":false,"template":"","format":"standard","meta":{"footnotes":""},"categories":[2821],"tags":[1111,11,829,1777,674,1011,27,3447,2357,12,584,25,104],"class_list":{"0":"post-411773","1":"post","2":"type-post","3":"status-publish","4":"format-standard","5":"has-post-thumbnail","7":"category-rennes","8":"tag-actu","9":"tag-actualites","10":"tag-bretagne","11":"tag-eu","12":"tag-europe","13":"tag-fr","14":"tag-france","15":"tag-froid","16":"tag-meteo-france","17":"tag-news","18":"tag-rennes","19":"tag-republique-francaise","20":"tag-societe"},"share_on_mastodon":{"url":"https:\/\/pubeurope.com\/@fr\/115253312492618924","error":""},"_links":{"self":[{"href":"https:\/\/www.europesays.com\/fr\/wp-json\/wp\/v2\/posts\/411773","targetHints":{"allow":["GET"]}}],"collection":[{"href":"https:\/\/www.europesays.com\/fr\/wp-json\/wp\/v2\/posts"}],"about":[{"href":"https:\/\/www.europesays.com\/fr\/wp-json\/wp\/v2\/types\/post"}],"author":[{"embeddable":true,"href":"https:\/\/www.europesays.com\/fr\/wp-json\/wp\/v2\/users\/2"}],"replies":[{"embeddable":true,"href":"https:\/\/www.europesays.com\/fr\/wp-json\/wp\/v2\/comments?post=411773"}],"version-history":[{"count":0,"href":"https:\/\/www.europesays.com\/fr\/wp-json\/wp\/v2\/posts\/411773\/revisions"}],"wp:featuredmedia":[{"embeddable":true,"href":"https:\/\/www.europesays.com\/fr\/wp-json\/wp\/v2\/media\/411774"}],"wp:attachment":[{"href":"https:\/\/www.europesays.com\/fr\/wp-json\/wp\/v2\/media?parent=411773"}],"wp:term":[{"taxonomy":"category","embeddable":true,"href":"https:\/\/www.europesays.com\/fr\/wp-json\/wp\/v2\/categories?post=411773"},{"taxonomy":"post_tag","embeddable":true,"href":"https:\/\/www.europesays.com\/fr\/wp-json\/wp\/v2\/tags?post=411773"}],"curies":[{"name":"wp","href":"https:\/\/api.w.org\/{rel}","templated":true}]}}