{"id":411775,"date":"2025-09-23T11:12:11","date_gmt":"2025-09-23T11:12:11","guid":{"rendered":"https:\/\/www.europesays.com\/fr\/411775\/"},"modified":"2025-09-23T11:12:11","modified_gmt":"2025-09-23T11:12:11","slug":"tyler-morton-revient-sur-son-exclusion-a-rennes","status":"publish","type":"post","link":"https:\/\/www.europesays.com\/fr\/411775\/","title":{"rendered":"Tyler Morton revient sur son exclusion \u00e0 Rennes"},"content":{"rendered":"<p>  \u00ab\u00a0Je dois m\u2019habituer \u00e0 ce championnat\u00a0\u00bb<\/p>\n<p>Lundi, en marge de son premier entretien accord\u00e9 \u00e0 un m\u00e9dia fran\u00e7ais, dont l\u2019int\u00e9gralit\u00e9 sera \u00e0 retrouver ce soir dans le Progr\u00e8s et dans notre journal de mercredi, l\u2019ancien joueur de Liverpool est revenu sur ce fait de jeu\u00a0: \u00ab\u00a0Je n\u2019ai pas envie d\u2019avoir de probl\u00e8mes (il r\u00e9fl\u00e9chit\u2026) Exclusion ou non, c\u2019est difficile \u00e0 dire, mais j\u2019aurai d\u00fb \u00eatre plus intelligent dans mon tacle. Je vais m\u2019am\u00e9liorer et je m\u2019excuse de mon geste aupr\u00e8s des supporters et de mes partenaires. Je dois m\u2019habituer \u00e0 ce championnat, comprendre les arbitres et savoir ce qu\u2019on peut faire et ne pas faire. J\u2019ai fait, comme on dit, un tacle tr\u00e8s anglais.\u00a0\u00bb<\/p>\n<p>Admettant par ailleurs que le Rennais Rouault aurait d\u00fb \u00eatre exclu pour sa semelle sur Merah, <a href=\"https:\/\/www.leprogres.fr\/sport\/2025\/09\/15\/discipline-pour-son-tacle-sur-merah-rouault-aurait-du-voir-rouge\" target=\"_blank\" rel=\"noopener\">la Direction technique de l\u2019arbitrage avait jug\u00e9 dans son rapport<\/a>\u00a0: \u00ab\u00a0Le tacle r\u00e9alis\u00e9 par le joueur lyonnais se caract\u00e9rise par une absence de capacit\u00e9 \u00e0 jouer le ballon, par un geste lanc\u00e9 par derri\u00e8re et par une jambe droite tendue qui vient impacter avec vitesse le bas de la jambe gauche du joueur rennais. L\u2019intervention peut ainsi \u00eatre consid\u00e9r\u00e9e comme relevant d\u2019une faute grossi\u00e8re au sens des Lois du jeu.\u00a0\u00bb<\/p>\n","protected":false},"excerpt":{"rendered":"\u00ab\u00a0Je dois m\u2019habituer \u00e0 ce championnat\u00a0\u00bb Lundi, en marge de son premier entretien accord\u00e9 \u00e0 un m\u00e9dia fran\u00e7ais,&hellip;\n","protected":false},"author":2,"featured_media":411776,"comment_status":"","ping_status":"","sticky":false,"template":"","format":"standard","meta":{"footnotes":""},"categories":[2821],"tags":[1111,11,829,2757,1777,674,63,1011,27,2428,2756,12,2755,584,25,2429,517],"class_list":{"0":"post-411775","1":"post","2":"type-post","3":"status-publish","4":"format-standard","5":"has-post-thumbnail","7":"category-rennes","8":"tag-actu","9":"tag-actualites","10":"tag-bretagne","11":"tag-edition-lyon-villeurbanne","12":"tag-eu","13":"tag-europe","14":"tag-football","15":"tag-fr","16":"tag-france","17":"tag-lyon","18":"tag-lyon-bassin","19":"tag-news","20":"tag-ol-olympique-lyonnais-football","21":"tag-rennes","22":"tag-republique-francaise","23":"tag-rhone","24":"tag-sport"},"share_on_mastodon":{"url":"https:\/\/pubeurope.com\/@fr\/115253316558716146","error":""},"_links":{"self":[{"href":"https:\/\/www.europesays.com\/fr\/wp-json\/wp\/v2\/posts\/411775","targetHints":{"allow":["GET"]}}],"collection":[{"href":"https:\/\/www.europesays.com\/fr\/wp-json\/wp\/v2\/posts"}],"about":[{"href":"https:\/\/www.europesays.com\/fr\/wp-json\/wp\/v2\/types\/post"}],"author":[{"embeddable":true,"href":"https:\/\/www.europesays.com\/fr\/wp-json\/wp\/v2\/users\/2"}],"replies":[{"embeddable":true,"href":"https:\/\/www.europesays.com\/fr\/wp-json\/wp\/v2\/comments?post=411775"}],"version-history":[{"count":0,"href":"https:\/\/www.europesays.com\/fr\/wp-json\/wp\/v2\/posts\/411775\/revisions"}],"wp:featuredmedia":[{"embeddable":true,"href":"https:\/\/www.europesays.com\/fr\/wp-json\/wp\/v2\/media\/411776"}],"wp:attachment":[{"href":"https:\/\/www.europesays.com\/fr\/wp-json\/wp\/v2\/media?parent=411775"}],"wp:term":[{"taxonomy":"category","embeddable":true,"href":"https:\/\/www.europesays.com\/fr\/wp-json\/wp\/v2\/categories?post=411775"},{"taxonomy":"post_tag","embeddable":true,"href":"https:\/\/www.europesays.com\/fr\/wp-json\/wp\/v2\/tags?post=411775"}],"curies":[{"name":"wp","href":"https:\/\/api.w.org\/{rel}","templated":true}]}}