{"id":411779,"date":"2025-09-23T11:14:10","date_gmt":"2025-09-23T11:14:10","guid":{"rendered":"https:\/\/www.europesays.com\/fr\/411779\/"},"modified":"2025-09-23T11:14:10","modified_gmt":"2025-09-23T11:14:10","slug":"un-appel-a-temoins-lance-5","status":"publish","type":"post","link":"https:\/\/www.europesays.com\/fr\/411779\/","title":{"rendered":"un appel \u00e0 t\u00e9moins lanc\u00e9"},"content":{"rendered":"<p>            Par<br \/>\n        <strong><br \/>\n            <a href=\"https:\/\/actu.fr\/auteur\/ivan-capecchi\" title=\"Consulter tous les articles de Ivan CAPECCHI\" rel=\"nofollow noopener\" target=\"_blank\">Ivan CAPECCHI<\/a><br \/>\n        <\/strong><\/p>\n<p>        Publi\u00e9 le<\/p>\n<p>            23 sept. 2025 \u00e0 12h23        <\/p>\n<p>Ce mardi, la <strong>police du Bas-Rhin<\/strong> a lanc\u00e9 un <a href=\"https:\/\/actu.fr\/tag\/appel-a-temoins\" rel=\"nofollow noopener\" target=\"_blank\">appel \u00e0 t\u00e9moins<\/a> dans le cadre de la <a href=\"https:\/\/actu.fr\/tag\/disparition\" rel=\"nofollow noopener\" target=\"_blank\">disparition inqui\u00e9tante<\/a> de <strong>Damien Reuther, 43 ans<\/strong>. Cet homme aux cheveux ch\u00e2tains et aux yeux gris a quitt\u00e9 son domicile <strong>d\u2019H\u0153nheim, pr\u00e8s de Strasbourg (Bas-Rhin)<\/strong>, dans la nuit du 21 au 22 septembre, et ce \u00ab\u00a0<strong>dans des circonstances particuli\u00e8rement inqui\u00e9tantes<\/strong>\u00ab\u00a0, indique la <a href=\"https:\/\/actu.fr\/tag\/police\" rel=\"nofollow noopener\" target=\"_blank\">police<\/a>.<\/p>\n<p>Damien Reuther fait 185 cm et est de corpulence normale<\/p>\n<p class=\" wall-content\">Cette derni\u00e8re pr\u00e9cise que Damien mesure <strong>185 cm<\/strong> et est de <strong>corpulence normale<\/strong>.<\/p>\n<p class=\" wall-content\">Au moment de sa disparition, il portait un <strong>jeans<\/strong>, des <strong>baskets vertes<\/strong> et un <strong>gilet bleu marine<\/strong>.<\/p>\n<p>Il est susceptible de se d\u00e9placer avec une bicyclette<\/p>\n<p class=\" wall-content\">Signe particulier : il est susceptible de <strong>se d\u00e9placer avec une bicyclette de marque Pegasus grise<\/strong>.<\/p>\n<p class=\" wall-content\">En cas d\u2019information, contactez la police au <strong>03 90 23 13 05<\/strong>.<\/p>\n<p class=\" wall-content\">Personnalisez votre actualit\u00e9 en ajoutant vos villes et m\u00e9dias en favori avec <a href=\"https:\/\/moncompte.actu.fr\" title=\"D\u00e9couvez Mon Actu\" rel=\"nofollow noopener\" data-trk=\"{&quot;cta&quot;:{&quot;action&quot;:&quot;https:\\\/\\\/moncompte.actu.fr&quot;,&quot;category&quot;:&quot;mon compte&quot;,&quot;from&quot;:&quot;article footer&quot;,&quot;name&quot;:&quot;Mon actu&quot;,&quot;type&quot;:&quot;cta&quot;}}\" target=\"_blank\">Mon Actu<\/a>.<\/p>\n","protected":false},"excerpt":{"rendered":"Par Ivan CAPECCHI Publi\u00e9 le 23 sept. 2025 \u00e0 12h23 Ce mardi, la police du Bas-Rhin a lanc\u00e9&hellip;\n","protected":false},"author":2,"featured_media":411780,"comment_status":"","ping_status":"","sticky":false,"template":"","format":"standard","meta":{"footnotes":""},"categories":[2820],"tags":[1111,11,4260,3676,1777,674,118,1011,27,775,12,1072,25,640],"class_list":{"0":"post-411779","1":"post","2":"type-post","3":"status-publish","4":"format-standard","5":"has-post-thumbnail","7":"category-strasbourg","8":"tag-actu","9":"tag-actualites","10":"tag-appel-a-temoins","11":"tag-disparition-inquietante","12":"tag-eu","13":"tag-europe","14":"tag-faits-divers","15":"tag-fr","16":"tag-france","17":"tag-grand-est","18":"tag-news","19":"tag-police","20":"tag-republique-francaise","21":"tag-strasbourg"},"share_on_mastodon":{"url":"https:\/\/pubeurope.com\/@fr\/115253324335633723","error":""},"_links":{"self":[{"href":"https:\/\/www.europesays.com\/fr\/wp-json\/wp\/v2\/posts\/411779","targetHints":{"allow":["GET"]}}],"collection":[{"href":"https:\/\/www.europesays.com\/fr\/wp-json\/wp\/v2\/posts"}],"about":[{"href":"https:\/\/www.europesays.com\/fr\/wp-json\/wp\/v2\/types\/post"}],"author":[{"embeddable":true,"href":"https:\/\/www.europesays.com\/fr\/wp-json\/wp\/v2\/users\/2"}],"replies":[{"embeddable":true,"href":"https:\/\/www.europesays.com\/fr\/wp-json\/wp\/v2\/comments?post=411779"}],"version-history":[{"count":0,"href":"https:\/\/www.europesays.com\/fr\/wp-json\/wp\/v2\/posts\/411779\/revisions"}],"wp:featuredmedia":[{"embeddable":true,"href":"https:\/\/www.europesays.com\/fr\/wp-json\/wp\/v2\/media\/411780"}],"wp:attachment":[{"href":"https:\/\/www.europesays.com\/fr\/wp-json\/wp\/v2\/media?parent=411779"}],"wp:term":[{"taxonomy":"category","embeddable":true,"href":"https:\/\/www.europesays.com\/fr\/wp-json\/wp\/v2\/categories?post=411779"},{"taxonomy":"post_tag","embeddable":true,"href":"https:\/\/www.europesays.com\/fr\/wp-json\/wp\/v2\/tags?post=411779"}],"curies":[{"name":"wp","href":"https:\/\/api.w.org\/{rel}","templated":true}]}}