{"id":41178,"date":"2025-04-21T09:41:20","date_gmt":"2025-04-21T09:41:20","guid":{"rendered":"https:\/\/www.europesays.com\/fr\/41178\/"},"modified":"2025-04-21T09:41:20","modified_gmt":"2025-04-21T09:41:20","slug":"la-reconversion-nationale-de-piolle-patine-deja","status":"publish","type":"post","link":"https:\/\/www.europesays.com\/fr\/41178\/","title":{"rendered":"LA RECONVERSION NATIONALE DE PIOLLE PATINE D\u00c9J\u00c0"},"content":{"rendered":"<p>Posted On 21 avril 2025 <\/p>\n<p class=\"p1\" style=\"text-align: justify;\">Eric Piolle a d\u00e9sert\u00e9 Grenoble pour se consacrer \u00e0 ses ambitions nationales. Mais d&rsquo;ores et d\u00e9j\u00e0 sa mauvaise image y compris au sein de son propre parti les plombe.<\/p>\n<p>TONDELIER \u00c9CARTE PIOLLE<\/p>\n<p style=\"text-align: justify;\">Depuis deux mois, le Maire de Grenoble est ainsi l&rsquo;acteur d&rsquo;une tragicom\u00e9die path\u00e9tique qu&rsquo;il a lui m\u00eame initi\u00e9 \u00e0 propos de sa candidature pour \u00eatre porte-parole des Verts. Consciente que le personnage \u00e0 l&rsquo;image plus que clivante en raison de son bilan \u00e0 Grenoble desservirait plus son parti qu&rsquo;il ne lui apporterait, la secr\u00e9taire nationale Marine Tondelier avait en effet <a href=\"https:\/\/grenoble-le-changement.fr\/2025\/02\/21\/piolle-vire-aussi-par-marine-tondelier-la-secretaire-nationale-des-ecolos\/\" target=\"_blank\" rel=\"noopener\">d\u00e9cid\u00e9 de l&rsquo;\u00e9carter<\/a> de son courant majoritaire en f\u00e9vrier.<\/p>\n<p><a href=\"https:\/\/i2.wp.com\/grenoble-le-changement.fr\/wp-content\/uploads\/2025\/02\/PHOTO-2025-02-20-11-17-50.jpg?ssl=1\" rel=\"lightbox[81453] noopener\" target=\"_blank\"><img loading=\"lazy\" decoding=\"async\" class=\" wp-image-80213 jetpack-lazy-image\" src=\"https:\/\/i2.wp.com\/grenoble-le-changement.fr\/wp-content\/uploads\/2025\/02\/PHOTO-2025-02-20-11-17-50.jpg?resize=678%2C542&amp;ssl=1\" alt=\"\" width=\"678\" height=\"542\" data-recalc-dims=\"1\" data-lazy-src=\"https:\/\/www.europesays.com\/fr\/wp-content\/uploads\/2025\/04\/PHOTO-2025-02-20-11-17-50.jpg\" \/><\/a>Exclu comme un ind\u00e9sirable des boucles internes au parti<br \/>\nUN GRAND D\u00c9FENSEUR DU D\u00c9BAT&#8230; MAIS PAS \u00c0 GRENOBLE<\/p>\n<p style=\"text-align: justify;\">Plut\u00f4t que de r\u00e9gler cette tambouille politicienne en interne, Eric Piolle avait alors d\u00e9cid\u00e9 de s&rsquo;en plaindre&#8230; dans les m\u00e9dias. En jugant sans rire que Marine Tondelier \u00e9tait en train \u00ab\u00a0d&rsquo;\u00e9touffer le d\u00e9bat interne\u00a0\u00bb. Reconnaissons que c&rsquo;est un expert qui parle, vue la consid\u00e9ration qu&rsquo;il a pour le d\u00e9bat et la contradiction avec les oppositions au conseil municipal de Grenoble et<a href=\"https:\/\/grenoble-le-changement.fr\/2025\/04\/20\/la-municipalite-veut-eliminer-les-citoyens-genants\/\" target=\"_blank\" rel=\"noopener\"> les collectifs d&rsquo;habitants et de commercants.<\/a><\/p>\n<p>PIOLLE ASSUME ABANDONNER GRENOBLE<\/p>\n<p style=\"text-align: justify;\">D\u00e9sesp\u00e9r\u00e9, en mars il avait adress\u00e9 une longue lettre-plaidoyer implorant les adh\u00e9rents des Verts de parrainer sa candidature afin qu&rsquo;il puisse se pr\u00e9senter \u00e0 l&rsquo;\u00e9lection de porte-parole. Lettre dans laquelle il expliquait clairement son abandon de Grenoble, r\u00e9v\u00e9lant que les tractations politiciennes l&rsquo;occupent depuis des mois et jugeant qu'\u00a0\u00bb\u00e0 la date du congr\u00e8s (avril), j\u2019aurai effectu\u00e9 93% de mon mandat de maire. Quelques semaines plus tard, le leadership \u00e0 Grenoble basculera logiquement vers la future candidate t\u00eate de liste\u00a0\u00bb.<\/p>\n<p><a href=\"https:\/\/i0.wp.com\/grenoble-le-changement.fr\/wp-content\/uploads\/2025\/04\/piolle-ruffin.png?ssl=1\" rel=\"lightbox[81453] noopener\" target=\"_blank\"><img loading=\"lazy\" decoding=\"async\" class=\" wp-image-81436 jetpack-lazy-image\" src=\"https:\/\/i0.wp.com\/grenoble-le-changement.fr\/wp-content\/uploads\/2025\/04\/piolle-ruffin.png?resize=475%2C631&amp;ssl=1\" alt=\"\" width=\"475\" height=\"631\" data-recalc-dims=\"1\" data-lazy-src=\"https:\/\/www.europesays.com\/fr\/wp-content\/uploads\/2025\/04\/1745228477_556_piolle-ruffin.png\" \/><\/a>Eric Piolle pense que le fait d&rsquo;avoir mis en piste Laurence Ruffin pour candidater aux \u00e9lections municipales le dispense de s&rsquo;occuper de la municipalit\u00e9<\/p>\n<p style=\"text-align: justify;\">Comme si<a href=\"https:\/\/grenoble-le-changement.fr\/2025\/04\/19\/municipales-la-candidate-de-piolle-confirme-son-dogmatisme\/\" target=\"_blank\" rel=\"noopener\"> sa candidate Laurence Ruffin<\/a> \u00e9tait Maire et allait s&rsquo;occuper de la gestion municipale \u00e0 sa place, alors qu&rsquo;elle n&rsquo;est m\u00eame pas officiellement t\u00eate de liste \u00e0 ce stade.<\/p>\n<p>IL PEINE \u00c0 TROUVER 329 SOUTIENS CHEZ LES VERTS<\/p>\n<p style=\"text-align: justify;\">Malgr\u00e9 cette lettre et tout son foin m\u00e9diatique, Eric Piolle aura pein\u00e9 jusqu&rsquo;\u00e0 la date de cl\u00f4ture pour r\u00e9unir les parrainages n\u00e9cessaires \u00e0 son d\u00e9p\u00f4t de candidature. \u00ab\u00a0329 signatures d\u2019adh\u00e9rents, la t\u00e2che n\u2019aurait pas d\u00fb \u00eatre trop difficile pour celui qui avait \u00e9t\u00e9 le premier maire \u00e9colo d\u2019une grande ville\u2026 \u00bb sugg\u00e9rait Eve Moulinier (<a target=\"_blank\" href=\"https:\/\/c.ledauphine.com\/politique\/2025\/03\/14\/isere-piolle-est-il-freine-par-tondelier-dans-sa-quete-de-parrainages-ecologistes\" rel=\"noopener\">le Dauphin\u00e9 Lib\u00e9r\u00e9<\/a>). Et pourtant : il n&rsquo;aura r\u00e9ussi que dans les tout derniers jours. Le Maire de Grenoble est vu comme un boulet que bien peu veulent soutenir y compris dans sa famille politique.<\/p>\n<p>TONDELIER R\u00c9\u00c9LUE MALGR\u00c9 LES ATTAQUES DE PIOLLE<\/p>\n<p style=\"text-align: justify;\">Les \u00e9lections internes des Verts ont finalement eu lieu la semaine derni\u00e8re, avec un Piolle sur la ligne de d\u00e9part in extremis. Et on peut en tirer plusieurs enseignements. D&rsquo;abord, Marine Tondelier avec qui Eric Piolle est d\u00e9sormais en bisbille, a \u00e9t\u00e9 <a target=\"_blank\" href=\"https:\/\/www.francetvinfo.fr\/politique\/eelv\/marine-tondelier-est-reelue-sans-surprise-des-le-premier-tour-a-la-tete-des-ecologistes_7199160.html\" rel=\"noopener\">r\u00e9\u00e9lue secr\u00e9taire g\u00e9n\u00e9rale<\/a> dans un fauteuil (73%) et ce d\u00e8s les 1er tour devant trois concurrents. Les attaques m\u00e9diatiques de Piolle, ses piques sur sa gestion (par ressentiment par rapport \u00e0 son petit cas personnel) n&rsquo;y auront rien chang\u00e9.<\/p>\n<p>TOUS LES POSTES POURVUS AU 1ER TOUR&#8230; SAUF POUR LUI\u00a0<\/p>\n<p style=\"text-align: justify;\">Tous les autres postes, y compris celui de porte-parole f\u00e9minine (les Verts fonctionnent avec un bin\u00f4me paritaire \u00e0 ce poste) ont \u00e9galement \u00e9t\u00e9 pourvus avec des candidats \u00e9lus d\u00e8s le 1er tour. Il n&rsquo;y a en fait que le poste de porte-parole homme auquel candidate Piolle qui fait l&rsquo;objet d&rsquo;un ballotage et conduit \u00e0 un second tour \u00e0 venir entre le 24 et le 26 avril. Le phare de l&rsquo;humanit\u00e9 n&rsquo;a en effet <a target=\"_blank\" href=\"https:\/\/x.com\/EricPiolle\/status\/1913648006240358693\">obtenu que 37% de suffrages<\/a> ce qui le force \u00e0 disputer un duel.<\/p>\n<p><a href=\"https:\/\/i0.wp.com\/grenoble-le-changement.fr\/wp-content\/uploads\/2025\/04\/piolle-37-porte-parole.png?ssl=1\" rel=\"lightbox[81453] noopener\" target=\"_blank\"><img loading=\"lazy\" decoding=\"async\" class=\" wp-image-81464 jetpack-lazy-image\" src=\"https:\/\/i0.wp.com\/grenoble-le-changement.fr\/wp-content\/uploads\/2025\/04\/piolle-37-porte-parole.png?resize=444%2C458&amp;ssl=1\" alt=\"\" width=\"444\" height=\"458\" data-recalc-dims=\"1\" data-lazy-src=\"https:\/\/www.europesays.com\/fr\/wp-content\/uploads\/2025\/04\/piolle-37-porte-parole.png\" \/><\/a>Sur X, Piolle trouve le moyen de se vanter de son score&#8230;<br \/>\nUN CANDIDAT DE SECOND RANG POUR DE VULGAIRES \u00c9LECTIONS INTERNES<\/p>\n<p style=\"text-align: justify;\">Narcisse parvient tout de m\u00eame \u00e0 se f\u00e9liciter de son score avec la publication d&rsquo;un visuel sur ses r\u00e9seaux sociaux pour se f\u00e9liciter d&rsquo;\u00eatre arriv\u00e9 en t\u00eate au 1er tour. Il faut bien mesurer \u00e0 quel point la chute est brutale pour le personnage. Il y a 4 ans il \u00e9tait candidat \u00e0 la primaire des Verts pour \u00eatre Pr\u00e9sident de la R\u00e9publique (avant de se prendre une t\u00f4le en finissant avant-dernier). Aujourd&rsquo;hui il fait campagne publiquement pour un petit scrutin interne dans l&rsquo;entre soi des Verts&#8230;<\/p>\n<p>\u00c0 300 VOIX SEULEMENT D&rsquo;UN OUTSIDER INCONNU<\/p>\n<p style=\"text-align: justify;\">Dans sa publication sur X, Piolle oublie par ailleurs de pr\u00e9ciser qu&rsquo;une poign\u00e9e de % seulement le s\u00e9parent de son concurrent qualifi\u00e9 au second tour, Guillaume H\u00e9douin. Vous ne le connaissez pas ? C&rsquo;est normal : il s&rsquo;agit d&rsquo;un \u00e9lu rural, conseiller r\u00e9gional de Normandie, qui ne b\u00e9n\u00e9ficie d&rsquo;aucune m\u00e9diatisation contrairement au Maire de Grenoble amoureux des plateaux nationaux. Partant donc avec ce d\u00e9ficit de notori\u00e9t\u00e9 comme s\u00e9rieux handicap, <a target=\"_blank\" href=\"https:\/\/drive.google.com\/file\/d\/1zuWRa-HAyRurR6CQwsz6jJcu3HjVy3sU\/view\" rel=\"noopener\">H\u00e9douin talonne Piolle avec 300 voix d&rsquo;\u00e9cart<\/a>.<\/p>\n<p><a href=\"https:\/\/i1.wp.com\/grenoble-le-changement.fr\/wp-content\/uploads\/2025\/04\/piolle-porte-parole.png?ssl=1\" rel=\"lightbox[81453] noopener\" target=\"_blank\"><img loading=\"lazy\" decoding=\"async\" class=\" wp-image-81460 jetpack-lazy-image\" src=\"https:\/\/i1.wp.com\/grenoble-le-changement.fr\/wp-content\/uploads\/2025\/04\/piolle-porte-parole.png?resize=658%2C272&amp;ssl=1\" alt=\"\" width=\"658\" height=\"272\" data-recalc-dims=\"1\" data-lazy-src=\"https:\/\/www.europesays.com\/fr\/wp-content\/uploads\/2025\/04\/piolle-porte-parole.png\" \/><\/a>Le r\u00e9sultat du 1er tour de l&rsquo;\u00e9lection au poste de porte-parole.<br \/>\nLE D\u00c9MAGO DEMANDE LE DROIT DE VOTE \u00c0 16 ANS..<\/p>\n<p style=\"text-align: justify;\">Piolle avait pourtant tent\u00e9 d&rsquo;influer sur le scrutin en utilisant une \u00e9ni\u00e8me ficelle m\u00e9diatique. Au moment o\u00f9 les adh\u00e9rents verts votaient, il a en effet <a target=\"_blank\" href=\"https:\/\/actu.fr\/auvergne-rhone-alpes\/grenoble_38185\/grenoble-le-maire-eric-piolle-veut-baisser-l-age-du-droit-de-vote-aux-municipales_62529289.html\" rel=\"noopener\">fait force publicit\u00e9 de sa signature d&rsquo;une tribune pour abaisser le droit de vote \u00e0 16 ans<\/a> aux municipales (la gauche en perdition \u00e9lectorale cherche toujours \u00e0 se cr\u00e9er de nouveaux \u00e9lecteurs pour sauver ses meubles). L&rsquo;occasion de faire un plateau t\u00e9l\u00e9 et un peu de presse : de la visibilit\u00e9 \u00e0 moindre frais en plein pendant le vote.\u00a0<\/p>\n<p>LE FUTUR BOULET DES VERTS ?<\/p>\n<p style=\"text-align: justify;\">\u00c7a n&rsquo;aura pas suffi \u00e0 plier le match. Piolle reste en ballotage dans un scrutin \u00e0 danger pour lui et c&rsquo;est \u00e0 cela qu&rsquo;on mesure le degr\u00e9 de rejet qu&rsquo;il suscite. Sa notori\u00e9t\u00e9, incontestable, s&rsquo;accompagne d&rsquo;une image tr\u00e8s mauvaise y compris pour nombre d&rsquo;adh\u00e9rents des Verts car elle s&rsquo;est b\u00e2tie sur la mauvaise image de Grenoble li\u00e9e \u00e0 sa politique et \u00e0 ses prises de positions particuli\u00e8rement dogmatique<a href=\"https:\/\/grenoble-le-changement.fr\/2025\/04\/19\/municipales-la-candidate-de-piolle-confirme-son-dogmatisme\/\" target=\"_blank\" rel=\"noopener\">s. S&rsquo;il \u00e9tait p\u00e9niblement \u00e9lu porte-parole le 26 avril, il deviendrait alors un vrai boulet pour les Verts&#8230; comme il le sera pour sa candidate Laurence Ruffin \u00e0 Grenoble, qui devra r\u00e9pondre de son bilan.<\/a><\/p>\n","protected":false},"excerpt":{"rendered":"Posted On 21 avril 2025 Eric Piolle a d\u00e9sert\u00e9 Grenoble pour se consacrer \u00e0 ses ambitions nationales. Mais&hellip;\n","protected":false},"author":2,"featured_media":41179,"comment_status":"","ping_status":"","sticky":false,"template":"","format":"standard","meta":{"footnotes":""},"categories":[9566],"tags":[1111,11,2430,9607,1777,674,10608,1011,27,2731,12583,10136,4729,12,25],"class_list":{"0":"post-41178","1":"post","2":"type-post","3":"status-publish","4":"format-standard","5":"has-post-thumbnail","7":"category-grenoble","8":"tag-actu","9":"tag-actualites","10":"tag-auvergne-rhone-alpes","11":"tag-eric-piolle","12":"tag-eu","13":"tag-europe","14":"tag-eve-moulinier","15":"tag-fr","16":"tag-france","17":"tag-grenoble","18":"tag-guillaume-hedouin","19":"tag-laurence-ruffin","20":"tag-marine-tondelier","21":"tag-news","22":"tag-republique-francaise"},"share_on_mastodon":{"url":"https:\/\/pubeurope.com\/@fr\/114375300517566614","error":""},"_links":{"self":[{"href":"https:\/\/www.europesays.com\/fr\/wp-json\/wp\/v2\/posts\/41178","targetHints":{"allow":["GET"]}}],"collection":[{"href":"https:\/\/www.europesays.com\/fr\/wp-json\/wp\/v2\/posts"}],"about":[{"href":"https:\/\/www.europesays.com\/fr\/wp-json\/wp\/v2\/types\/post"}],"author":[{"embeddable":true,"href":"https:\/\/www.europesays.com\/fr\/wp-json\/wp\/v2\/users\/2"}],"replies":[{"embeddable":true,"href":"https:\/\/www.europesays.com\/fr\/wp-json\/wp\/v2\/comments?post=41178"}],"version-history":[{"count":0,"href":"https:\/\/www.europesays.com\/fr\/wp-json\/wp\/v2\/posts\/41178\/revisions"}],"wp:featuredmedia":[{"embeddable":true,"href":"https:\/\/www.europesays.com\/fr\/wp-json\/wp\/v2\/media\/41179"}],"wp:attachment":[{"href":"https:\/\/www.europesays.com\/fr\/wp-json\/wp\/v2\/media?parent=41178"}],"wp:term":[{"taxonomy":"category","embeddable":true,"href":"https:\/\/www.europesays.com\/fr\/wp-json\/wp\/v2\/categories?post=41178"},{"taxonomy":"post_tag","embeddable":true,"href":"https:\/\/www.europesays.com\/fr\/wp-json\/wp\/v2\/tags?post=41178"}],"curies":[{"name":"wp","href":"https:\/\/api.w.org\/{rel}","templated":true}]}}