{"id":411783,"date":"2025-09-23T11:16:13","date_gmt":"2025-09-23T11:16:13","guid":{"rendered":"https:\/\/www.europesays.com\/fr\/411783\/"},"modified":"2025-09-23T11:16:13","modified_gmt":"2025-09-23T11:16:13","slug":"crash-aerien-evite-a-nice-il-va-falloir-ameliorer-le-systeme-affirme-gerard-feldzer-expert-en-aeronautique","status":"publish","type":"post","link":"https:\/\/www.europesays.com\/fr\/411783\/","title":{"rendered":"Crash a\u00e9rien \u00e9vit\u00e9 \u00e0 Nice : \u00ab\u00a0Il va falloir am\u00e9liorer le syst\u00e8me\u00a0\u00bb, affirme G\u00e9rard Feldzer, expert en a\u00e9ronautique"},"content":{"rendered":"<ul class=\"jsx-862013697 ArticleChapo__List\">\n<li class=\"jsx-862013697 ArticleChapo__List_Item flex\">Un accident a \u00e9t\u00e9 \u00e9vit\u00e9 de justesse \u00e0 l&rsquo;a\u00e9roport de Nice, dimanche.<\/li>\n<li class=\"jsx-862013697 ArticleChapo__List_Item flex\">La cons\u00e9quence d&rsquo;une erreur humaine, selon G\u00e9rard Feldzer.<\/li>\n<li class=\"jsx-862013697 ArticleChapo__List_Item flex\">L&rsquo;expert en a\u00e9ronautique et pr\u00e9sident d'\u00a0\u00bbAviation sans fronti\u00e8res\u00a0\u00bb livre son analyse sur LCI.<\/li>\n<\/ul>\n<p data-module=\"article-paragraph\" class=\"jsx-3046738180 Paragraph\">L&rsquo;incident aurait pu \u00eatre bien plus dramatique. \u00c0 l&rsquo;a\u00e9roport de Nice, dimanche 21 septembre, deux avions de ligne ont <a href=\"https:\/\/www.tf1info.fr\/transports\/incident-grave-une-collision-d-avions-evitee-de-justesse-a-l-aeroport-de-nice-dimanche-soir-2396170.html\" target=\"_blank\" rel=\"noopener\">\u00e9vit\u00e9 de justesse un accident<\/a>. Cette incursion sur la piste est le r\u00e9sultat d&rsquo;une \u00ab\u00a0erreur humaine\u00a0\u00bb, explique G\u00e9rard Feldzer, expert en a\u00e9ronautique et pr\u00e9sident d'\u00a0\u00bbAviation sans fronti\u00e8res\u00a0\u00bb sur LCI.<\/p>\n<p data-module=\"article-paragraph\" class=\"jsx-3046738180 Paragraph Paragraph__End\">\u00ab\u00a0Est-ce que easyJet a eu l&rsquo;autorisation d&rsquo;entrer sur la piste ou pas ? C&rsquo;est la m\u00eame chose pour Nouvelair sur l&rsquo;autorisation d&rsquo;atterrissage. Quant au contr\u00f4leur, il faudra d\u00e9terminer assez vite pourquoi il y a eu cette confusion\u00a0\u00bb, poursuit-il. Les enqu\u00eateurs vont \u00e9galement devoir d\u00e9terminer s&rsquo;il y avait des \u00ab\u00a0facteurs contributifs\u00a0\u00bb comme une mauvaise visibilit\u00e9. \u00a0<\/p>\n<p><a href=\"https:\/\/www.tf1info.fr\/transports\/video-reportage-la-piste-d-atterrissage-etait-eteinte-le-controleur-aerien-d-ajaccio-s-endort-l-avion-provenant-de-paris-fait-20-minutes-de-boucles-dans-les-airs-2395263.html\" rel=\"noopener\" class=\"jsx-3308031228 Link flex\" target=\"_blank\"><img decoding=\"async\" src=\"https:\/\/www.europesays.com\/fr\/wp-content\/uploads\/2025\/09\/cap-piste-632282-0@1x.jpeg\" alt=\"TF1\" loading=\"lazy\" importance=\"low\" fetchpriority=\"low\" class=\"\" aria-hidden=\"true\"\/><\/p>\n<p class=\"jsx-3657663356 ReadMoreArticle__Title\">Lire aussi<\/p>\n<p class=\"jsx-3657663356\">\u00ab\u00a0La piste d&rsquo;atterrissage \u00e9tait \u00e9teinte\u00a0\u00bb : le contr\u00f4leur d&rsquo;Ajaccio s&rsquo;endort, l&rsquo;avion fait 20 minutes de boucles dans les airs<\/p>\n<p><\/a><\/p>\n<p data-module=\"article-paragraph\" class=\"jsx-3046738180 Paragraph Paragraph__End\">En outre, \u00ab\u00a0il y a des instruments \u00e0 bord, et notamment des radars, qui donnent la position des avions. Vous les voyez sur vos \u00e9crans et \u00e7a vous donne l&rsquo;ordre, s&rsquo;il y a une trajectoire qui risque un accident, de corriger. Vous avez entre cinq et dix secondes pour r\u00e9agir\u00a0\u00bb, explique le sp\u00e9cialiste. Dans ce cas, \u00ab\u00a0il va falloir non seulement se donner la conviction qu&rsquo;il y a une responsabilit\u00e9 des uns et des autres, mais en plus am\u00e9liorer le syst\u00e8me pour que \u00e7a ne se reproduise pas\u00a0\u00bb, souligne G\u00e9rard Feldzer.<\/p>\n<p>Emma ALLAMAND<\/p>\n","protected":false},"excerpt":{"rendered":"Un accident a \u00e9t\u00e9 \u00e9vit\u00e9 de justesse \u00e0 l&rsquo;a\u00e9roport de Nice, dimanche. La cons\u00e9quence d&rsquo;une erreur humaine, selon&hellip;\n","protected":false},"author":2,"featured_media":411784,"comment_status":"","ping_status":"","sticky":false,"template":"","format":"standard","meta":{"footnotes":""},"categories":[2819],"tags":[1111,11,1921,13143,54284,30556,1777,674,1011,27,1922,12,2401,882,25,133,5010],"class_list":{"0":"post-411783","1":"post","2":"type-post","3":"status-publish","4":"format-standard","5":"has-post-thumbnail","7":"category-nice","8":"tag-actu","9":"tag-actualites","10":"tag-article-video","11":"tag-avion-secteur-aerien","12":"tag-brunet-sans-filtre","13":"tag-crash-aerien","14":"tag-eu","15":"tag-europe","16":"tag-fr","17":"tag-france","18":"tag-info","19":"tag-news","20":"tag-nice","21":"tag-provence-alpes-cote-dazur","22":"tag-republique-francaise","23":"tag-video","24":"tag-video-sujets-de-societe"},"share_on_mastodon":{"url":"https:\/\/pubeurope.com\/@fr\/115253332514753856","error":""},"_links":{"self":[{"href":"https:\/\/www.europesays.com\/fr\/wp-json\/wp\/v2\/posts\/411783","targetHints":{"allow":["GET"]}}],"collection":[{"href":"https:\/\/www.europesays.com\/fr\/wp-json\/wp\/v2\/posts"}],"about":[{"href":"https:\/\/www.europesays.com\/fr\/wp-json\/wp\/v2\/types\/post"}],"author":[{"embeddable":true,"href":"https:\/\/www.europesays.com\/fr\/wp-json\/wp\/v2\/users\/2"}],"replies":[{"embeddable":true,"href":"https:\/\/www.europesays.com\/fr\/wp-json\/wp\/v2\/comments?post=411783"}],"version-history":[{"count":0,"href":"https:\/\/www.europesays.com\/fr\/wp-json\/wp\/v2\/posts\/411783\/revisions"}],"wp:featuredmedia":[{"embeddable":true,"href":"https:\/\/www.europesays.com\/fr\/wp-json\/wp\/v2\/media\/411784"}],"wp:attachment":[{"href":"https:\/\/www.europesays.com\/fr\/wp-json\/wp\/v2\/media?parent=411783"}],"wp:term":[{"taxonomy":"category","embeddable":true,"href":"https:\/\/www.europesays.com\/fr\/wp-json\/wp\/v2\/categories?post=411783"},{"taxonomy":"post_tag","embeddable":true,"href":"https:\/\/www.europesays.com\/fr\/wp-json\/wp\/v2\/tags?post=411783"}],"curies":[{"name":"wp","href":"https:\/\/api.w.org\/{rel}","templated":true}]}}