{"id":411785,"date":"2025-09-23T11:17:26","date_gmt":"2025-09-23T11:17:26","guid":{"rendered":"https:\/\/www.europesays.com\/fr\/411785\/"},"modified":"2025-09-23T11:17:26","modified_gmt":"2025-09-23T11:17:26","slug":"cinq-artistes-reunis-nantes-pour-une-exposition-tres-trait-reussie","status":"publish","type":"post","link":"https:\/\/www.europesays.com\/fr\/411785\/","title":{"rendered":"Cinq artistes r\u00e9unis Nantes pour une exposition tr\u00e8s trait r\u00e9ussie"},"content":{"rendered":"<p>Mais que peut-il y avoir entre deux traits\u00a0? Une \u0153uvre d\u2019art, bien s\u00fbr\u00a0! Ou plut\u00f4t des \u0153uvres, car en l\u2019occurrence, ils sont cinq artistes\u00a0\u00e0 les accrocher dans la galerie Robet Dantec. Ici, la th\u00e9matique du trait devient profusion de couleurs et formes, chaque artiste d\u00e9clinant son propre protocole.<\/p>\n<p>Alberto Cont, qui pratique l\u2019aquarelle et le crayon de couleurs, fait vibrer la ligne afin d\u2019en saisir la lumi\u00e8re. Dans sa singuli\u00e8re s\u00e9rie Velature, il revisite la tradition de la peinture v\u00e9nitienne, par l\u2019application successive de glacis. Mais ici, c\u2019est avec ses crayons qu\u2019il superpose les couches, lesquelles produisent des transitions progressives entre les tons qui, \u00e0 leur tour, sugg\u00e8rent une profondeur spatiale.\u00a0\u00c0 travers cette petite prouesse, les compositions se r\u00e9v\u00e8lent de v\u00e9ritables champs vibratoires.<\/p>\n<p>Arthur Lambert, lui aussi, joue avec les lignes. Alternant et croisant une multitude de petits traits ultra-fins, il forme autant de grilles, d\u2019architectures \u00e0 la dimension abstraite.\u00a0Dans une infinie patience, ses dessins accouch\u00e9s traduisent subtilement\u00a0l\u2019apparition et la disparition de l\u2019image.<\/p>\n<p>Des herbes folles balay\u00e9es par les vents<\/p>\n<p>Robinson Hass, toujours dans le trait, pratique un autre registre. Sur de grands formats, il produit des paysages assez minimalistes o\u00f9, au premier plan, des herbes folles sont balay\u00e9es par les vents. Mais c\u2019est d\u2019une peinture gestuelle qu\u2019il s\u2019agit l\u00e0, o\u00f9, pour la production du v\u00e9g\u00e9tal, le jaillissement du trait implique tout le mouvement du corps.<\/p>\n<p>Isabelle Vorle suit volontiers des chemins de hasard, semant derri\u00e8re elle une po\u00e9sie plastique. Ses aquarelles se d\u00e9clinent en petites surfaces accol\u00e9es, aux multiples tons. Ses compositions exp\u00e9rimentales pourraient faire songer\u00a0\u00e0 de la mosa\u00efque.<\/p>\n<p>Le cinqui\u00e8me artiste, Bastien Faudon, est un peu hors champ, puisqu\u2019il est sculpteur. On peut donc\u00a0parler en quelque sorte, d\u2019un trait en trois dimensions. Ses \u0153uvres tout en\u00a0torsion ou en rubans d\u00e9roul\u00e9s, sont empreintes d\u2019\u00e9l\u00e9gance.<\/p>\n<p><strong>Jusqu\u2019au vendredi 31\u00a0octobre, <\/strong>galerie Robet Dantec, 36, rue Voltaire, du mardi au samedi, de 14\u00a0h \u00e0 19\u00a0h.<\/p>\n<p>\u00a0<\/p>\n","protected":false},"excerpt":{"rendered":"Mais que peut-il y avoir entre deux traits\u00a0? Une \u0153uvre d\u2019art, bien s\u00fbr\u00a0! Ou plut\u00f4t des \u0153uvres, car&hellip;\n","protected":false},"author":2,"featured_media":411786,"comment_status":"","ping_status":"","sticky":false,"template":"","format":"standard","meta":{"footnotes":""},"categories":[2818],"tags":[1111,11,2937,1777,674,3293,1011,27,766,12,2636,25,11386,26224,54285,933],"class_list":{"0":"post-411785","1":"post","2":"type-post","3":"status-publish","4":"format-standard","5":"has-post-thumbnail","7":"category-nantes","8":"tag-actu","9":"tag-actualites","10":"tag-artistes","11":"tag-eu","12":"tag-europe","13":"tag-exposition","14":"tag-fr","15":"tag-france","16":"tag-nantes","17":"tag-news","18":"tag-pays-de-la-loire","19":"tag-republique-francaise","20":"tag-reunis","21":"tag-reussie","22":"tag-trait","23":"tag-tres"},"share_on_mastodon":{"url":"https:\/\/pubeurope.com\/@fr\/115253336215023210","error":""},"_links":{"self":[{"href":"https:\/\/www.europesays.com\/fr\/wp-json\/wp\/v2\/posts\/411785","targetHints":{"allow":["GET"]}}],"collection":[{"href":"https:\/\/www.europesays.com\/fr\/wp-json\/wp\/v2\/posts"}],"about":[{"href":"https:\/\/www.europesays.com\/fr\/wp-json\/wp\/v2\/types\/post"}],"author":[{"embeddable":true,"href":"https:\/\/www.europesays.com\/fr\/wp-json\/wp\/v2\/users\/2"}],"replies":[{"embeddable":true,"href":"https:\/\/www.europesays.com\/fr\/wp-json\/wp\/v2\/comments?post=411785"}],"version-history":[{"count":0,"href":"https:\/\/www.europesays.com\/fr\/wp-json\/wp\/v2\/posts\/411785\/revisions"}],"wp:featuredmedia":[{"embeddable":true,"href":"https:\/\/www.europesays.com\/fr\/wp-json\/wp\/v2\/media\/411786"}],"wp:attachment":[{"href":"https:\/\/www.europesays.com\/fr\/wp-json\/wp\/v2\/media?parent=411785"}],"wp:term":[{"taxonomy":"category","embeddable":true,"href":"https:\/\/www.europesays.com\/fr\/wp-json\/wp\/v2\/categories?post=411785"},{"taxonomy":"post_tag","embeddable":true,"href":"https:\/\/www.europesays.com\/fr\/wp-json\/wp\/v2\/tags?post=411785"}],"curies":[{"name":"wp","href":"https:\/\/api.w.org\/{rel}","templated":true}]}}