{"id":411787,"date":"2025-09-23T11:18:22","date_gmt":"2025-09-23T11:18:22","guid":{"rendered":"https:\/\/www.europesays.com\/fr\/411787\/"},"modified":"2025-09-23T11:18:22","modified_gmt":"2025-09-23T11:18:22","slug":"concerts-dj-sets-et-spectacles-gratuits-sous-les-nefs-a-nantes-big-city-nantes","status":"publish","type":"post","link":"https:\/\/www.europesays.com\/fr\/411787\/","title":{"rendered":"Concerts, DJ Sets et spectacles gratuits sous les Nefs \u00e0 Nantes ! \u2013 Big City Nantes"},"content":{"rendered":"<p>23 septembre 2025<\/p>\n<p>\u00b7 Article sponsoris\u00e9<\/p>\n<p><img fetchpriority=\"high\" width=\"527\" height=\"351\" src=\"https:\/\/www.europesays.com\/fr\/wp-content\/uploads\/2025\/09\/Ete-indien-aux-Nefs-2023-Lizzie-Les-Machines-de-lile-Nantes-\u00a9-David-Galland-_-LVAN-527x351.jpg\" class=\"attachment-csco-thumbnail-uncropped size-csco-thumbnail-uncropped wp-post-image\" alt=\"Ete-indien-aux-Nefs-2023-Lizzie-Les-Machines-de-lile-Nantes\" decoding=\"async\"  \/>\t<img loading=\"lazy\" width=\"1044\" height=\"696\" src=\"https:\/\/www.europesays.com\/fr\/wp-content\/uploads\/2025\/09\/Ete-indien-aux-Nefs-2023-Lizzie-Les-Machines-de-lile-Nantes-\u00a9-David-Galland-_-LVAN-1044x696.jpg\" class=\"attachment-csco-large-uncropped size-csco-large-uncropped wp-post-image\" alt=\"Ete-indien-aux-Nefs-2023-Lizzie-Les-Machines-de-lile-Nantes\" decoding=\"async\"  \/>\t<\/p>\n<p>\nCr\u00e9dit : David-Galland-LVAN\t<\/p>\n<p>Il est de retour pour une toute nouvelle \u00e9dition ! L\u2019<strong><a href=\"https:\/\/www.lesmachines-nantes.fr\/save-the-date-ete-indien-2025\/\" target=\"_blank\" rel=\"noreferrer noopener\">\u00e9t\u00e9 indien<\/a><\/strong> revient \u00e0 Nantes du <strong>4 au 31 octobre 2025<\/strong> sous les Nefs des Machines de l\u2019\u00eele. <br \/>Pendant pr\u00e8s d\u2019un mois, ce rendez-vous incontournable propose une programmation <strong>100% gratuite<\/strong>. Ouvert \u00e0 tous, m\u00ealant spectacles vivants, th\u00e9\u00e2tre, concerts, DJ sets, d\u00e9fil\u00e9 et une grande soir\u00e9e sp\u00e9ciale Halloween \ud83d\udc7b. Un moment unique qui fait vibrer la ville en automne et c\u00e9l\u00e8bre la culture, la cr\u00e9ativit\u00e9 et la convivialit\u00e9 dans un cadre exceptionnel !<\/p>\n<p>Spectacles, concerts et DJ Sets, l\u2019\u00e9t\u00e9 Indien te<br \/>donne rendez-vous du 4 au 31 octobre 2025 !<br \/>\n<img loading=\"lazy\" decoding=\"async\" width=\"1160\" height=\"653\" src=\"https:\/\/www.europesays.com\/fr\/wp-content\/uploads\/2025\/09\/x1920x1080_Ete-Indien-2025-1160x653.png.pagespeed.ic.z1g5xLx0RE.jpg\" alt=\"\u00c9t\u00e9 indien \u00e0 Nantes\" class=\"wp-image-120728\" style=\"aspect-ratio:16\/9;object-fit:cover\"  \/>Cr\u00e9dit : Voyage \u00e0 Nantes \u2014 \u00c9t\u00e9 indien \u00e0 Nantes<br \/>\nDu 3 au 5 octobre, un week-end consacr\u00e9 \u00e0 six nuances de groove vu du Japon<\/p>\n<p>Pour d\u00e9buter les festivit\u00e9s, viens assister au <strong>Nippon Rhythm Weekender<\/strong>. Un week-end musical qui met en lumi\u00e8re la richesse et la diversit\u00e9 de la musique japonaise \u00e0 travers des concerts et des DJ Sets. Vendredi 3 octobre, retrouve <strong>Heavenphetamine, Tomoki Tamura et Shoko Igarashi<\/strong> \u00e0 Trempo. Samedi 4 octobre, <strong>Tokyo Riddim Band et Atemi<\/strong> d\u00e9barquent sous les Nefs. Et enfin, dimanche, <strong>Kay Suzuki et Atemi <\/strong>enflammeront le LAB ! Entre reggae japonais r\u00e9tro-futuriste, grooves insulaires et sons \u00e9lectroniques, l\u2019\u00e9v\u00e9nement promet un voyage unique au c\u0153ur des rythmes d\u2019ici et d\u2019ailleurs !<\/p>\n<p><img loading=\"lazy\" decoding=\"async\" width=\"1160\" height=\"607\" src=\"https:\/\/www.bigcitynantes.fr\/wp-content\/uploads\/2025\/09\/xgaellecorreaXtrempo-NRW-event-fcb-1-1160x607.jpg.pagespeed.ic.dVvN9BIyRd.jpg\" alt=\"\u00e9t\u00e9 indien \u00e0 Nantes\" class=\"wp-image-120722\"  \/>Cr\u00e9dit : Voyage \u00e0 nantes \u2014 \u00e9t\u00e9 indien \u00e0 Nantes<br \/>\nTh\u00e9\u00e2tre de rue<\/p>\n<p>Retrouve le <strong>vendredi 10 octobre<\/strong> du th\u00e9\u00e2tre de rue \u00e0 <strong>20h25<\/strong> sous les Nefs pour assister \u00e0 une adaptation de<strong> <\/strong>Romeo et Juliette<strong> <\/strong>compl\u00e8tement d\u00e9cal\u00e9e qui s\u2019intitule \u00ab\u00a0<strong>POURQUOI ROMEO N\u2019A-T\u2019IL PAS FINI CHEZ MIDAS\u00a0?<\/strong>\u00ab\u00a0. Un spectacle burlesque et qui promet des rires. <\/p>\n<p><a href=\"https:\/\/www.bigcitynantes.fr\/contact\/\" title=\"Publicit\u00e9\" target=\"_blank\" rel=\"noopener\"><br \/>\n<img decoding=\"async\" alt=\"Publicit\u00e9\" src=\"https:\/\/www.europesays.com\/fr\/wp-content\/uploads\/2025\/09\/ADS.webp.webp\" \/><br \/>\n<\/a><\/p>\n<p>\nPublicit\u00e9\n<\/p>\n<\/p>\n<p>Spectacle participatif \u00ab Fant\u00f4me \u00bb<\/p>\n<p><strong>Le samedi 18 octobre<\/strong> \u00e0 partir de 20h, on compte sur toi ! Oui, car <strong>tu vas pouvoir participer <\/strong>\u00e0 \u00ab Fant\u00f4me \u00bb avec le Collectif La M\u00e9andre, un spectacle pluridisciplinaire qui m\u00eale arts num\u00e9riques, th\u00e9\u00e2tre, musique et d\u00e9ambulation ! La compagnie fait appel \u00e0 20 complices, femmes, volontaires pour intervenir dans le spectacle \ud83e\udd2b<br \/>Attention, il faudra \u00eatre disponible pour rencontrer l\u2019\u00e9quipe et participer \u00e0 des ateliers avant la repr\u00e9sentation officielle !<br \/><a href=\"https:\/\/www.lesmachines-nantes.fr\/ete-indien-2025-dossier-de-presse\/\" target=\"_blank\" rel=\"noopener\">Retrouve toutes les infos ici ! <\/a><\/p>\n<p><img loading=\"lazy\" decoding=\"async\" width=\"1160\" height=\"773\" src=\"https:\/\/www.europesays.com\/fr\/wp-content\/uploads\/2025\/09\/Collectif-La-Meandre-\u2014-Fantome-_-Loic-Nys-1160x773.jpg\" alt=\"Collectif La M\u00e9andre Fant\u00f4me\" class=\"wp-image-120824\" style=\"aspect-ratio:16\/9;object-fit:cover\"  \/>Cr\u00e9dit : Lo\u00efc Nys \u2014 Collectif La M\u00e9andre Fant\u00f4me<br \/>\nConcert Afro-Jazz<\/p>\n<p><strong>Le vendredi 24 octobre<\/strong> retrouve le groupe nantais Tribeqa pour la Sumu Release Party ! Une soir\u00e9e Afro-Jazz port\u00e9e par ce groupe tant attendu. N\u00e9 en 2003 de la rencontre de quatre musiciens nantais, il propose une musique m\u00ealant plusieurs styles, principalement du jazz, hip-hop, soul, funk. <\/p>\n<p>Soir\u00e9e Halloween<\/p>\n<p>Viens finir l\u2019\u00e9t\u00e9 Indien en beaut\u00e9 avec la grande f\u00eate d\u2019Halloween <strong>le vendredi 31 octobre<\/strong> ! D\u00e8s 18h30, rendez-vous sous les Nefs dans ton<br \/>plus beau costume puis profite <strong>d\u2019une grande parade avec DJ Set et<br \/>d\u00e9corations XXL !<\/strong> Si tu le souhaites, un atelier de cr\u00e9ation de costume<br \/>sera aussi ouvert au public en amont du festival !<\/p>\n","protected":false},"excerpt":{"rendered":"23 septembre 2025 \u00b7 Article sponsoris\u00e9 Cr\u00e9dit : David-Galland-LVAN Il est de retour pour une toute nouvelle \u00e9dition&hellip;\n","protected":false},"author":2,"featured_media":411788,"comment_status":"","ping_status":"","sticky":false,"template":"","format":"standard","meta":{"footnotes":""},"categories":[2818],"tags":[1111,11,48554,1777,674,1011,27,766,12,2636,25],"class_list":{"0":"post-411787","1":"post","2":"type-post","3":"status-publish","4":"format-standard","5":"has-post-thumbnail","7":"category-nantes","8":"tag-actu","9":"tag-actualites","10":"tag-carrousel","11":"tag-eu","12":"tag-europe","13":"tag-fr","14":"tag-france","15":"tag-nantes","16":"tag-news","17":"tag-pays-de-la-loire","18":"tag-republique-francaise"},"share_on_mastodon":{"url":"https:\/\/pubeurope.com\/@fr\/115253340852107444","error":""},"_links":{"self":[{"href":"https:\/\/www.europesays.com\/fr\/wp-json\/wp\/v2\/posts\/411787","targetHints":{"allow":["GET"]}}],"collection":[{"href":"https:\/\/www.europesays.com\/fr\/wp-json\/wp\/v2\/posts"}],"about":[{"href":"https:\/\/www.europesays.com\/fr\/wp-json\/wp\/v2\/types\/post"}],"author":[{"embeddable":true,"href":"https:\/\/www.europesays.com\/fr\/wp-json\/wp\/v2\/users\/2"}],"replies":[{"embeddable":true,"href":"https:\/\/www.europesays.com\/fr\/wp-json\/wp\/v2\/comments?post=411787"}],"version-history":[{"count":0,"href":"https:\/\/www.europesays.com\/fr\/wp-json\/wp\/v2\/posts\/411787\/revisions"}],"wp:featuredmedia":[{"embeddable":true,"href":"https:\/\/www.europesays.com\/fr\/wp-json\/wp\/v2\/media\/411788"}],"wp:attachment":[{"href":"https:\/\/www.europesays.com\/fr\/wp-json\/wp\/v2\/media?parent=411787"}],"wp:term":[{"taxonomy":"category","embeddable":true,"href":"https:\/\/www.europesays.com\/fr\/wp-json\/wp\/v2\/categories?post=411787"},{"taxonomy":"post_tag","embeddable":true,"href":"https:\/\/www.europesays.com\/fr\/wp-json\/wp\/v2\/tags?post=411787"}],"curies":[{"name":"wp","href":"https:\/\/api.w.org\/{rel}","templated":true}]}}