{"id":411807,"date":"2025-09-23T11:28:11","date_gmt":"2025-09-23T11:28:11","guid":{"rendered":"https:\/\/www.europesays.com\/fr\/411807\/"},"modified":"2025-09-23T11:28:11","modified_gmt":"2025-09-23T11:28:11","slug":"premier-bain-de-foule-pour-jean-michel-aulas-apres-son-adoubement-par-la-droite-et-le-centre","status":"publish","type":"post","link":"https:\/\/www.europesays.com\/fr\/411807\/","title":{"rendered":"premier bain de foule pour Jean-Michel Aulas apr\u00e8s son adoubement par la droite et le centre"},"content":{"rendered":"<p><strong>REPORTAGE &#8211;<\/strong> L\u2019homme d\u2019affaires de 76 ans s\u2019est rendu ce mardi matin sur le march\u00e9 du Point du jour, o\u00f9 il a esquiss\u00e9 le r\u00e9cit qu\u2019il livrera aux Lyonnais vendredi, lors de son meeting d\u2019entr\u00e9e en campagne pour les municipales.<\/p>\n<p class=\"fig-paragraph\"><a href=\"http:\/\/www.lefigaro.fr\/elections\/municipales\/au-plus-tard-en-septembre-a-lyon-la-candidature-d-aulas-se-precise-pour-les-municipales-20250704\" data-fig-type=\"NewsFlash\" data-gtm-custom-categorie=\"navigation\" data-gtm-custom-action=\"crossclick\" data-gtm-custom-label=\"Contextuel\" data-gtm-event=\"customEventSPE\" data-fig-domain=\"LEFIGARO\" rel=\"nofollow noopener\" target=\"_blank\">Jean-Michel Aulas<\/a>\u00a0a finalement choisi le quartier de\u00a0<a href=\"http:\/\/www.lefigaro.fr\/lyon\/il-etait-souriant-discutait-s-arretait-gerard-collomb-un-politique-proche-de-son-quartier-a-lyon-20231128\" data-fig-type=\"NewsFlash\" data-gtm-custom-categorie=\"navigation\" data-gtm-custom-action=\"crossclick\" data-gtm-custom-label=\"Contextuel\" data-gtm-event=\"customEventSPE\" data-fig-domain=\"LEFIGARO\" rel=\"nofollow noopener\" target=\"_blank\">G\u00e9rard Collomb<\/a>, o\u00f9 vit toujours sa veuve, pour son premier bain de foule. L\u2019homme d\u2019affaires de 76 ans s\u2019est pr\u00e9sent\u00e9 ce mardi matin aux habitants du 5e arrondissement de Lyon, sur le march\u00e9 du Point du jour, fief du centriste\u00a0<a href=\"http:\/\/www.lefigaro.fr\/lyon\/un-depute-renaissance-de-lyon-fait-condamner-3-militants-d-ultradroite-pour-diffamation-20240220\" data-fig-type=\"NewsFlash\" data-gtm-custom-categorie=\"navigation\" data-gtm-custom-action=\"crossclick\" data-gtm-custom-label=\"Contextuel\" data-gtm-event=\"customEventSPE\" data-fig-domain=\"LEFIGARO\" rel=\"nofollow noopener\" target=\"_blank\">Thomas Rudigoz<\/a>\u00a0(LREM), longtemps compagnon de route de l\u2019ancien ministre de l\u2019Int\u00e9rieur. En terrain conquis, il a commenc\u00e9 \u00e0 y d\u00e9rouler son argumentaire de campagne contre la majorit\u00e9 \u00e9cologiste en place depuis 2020 et le r\u00e9cit d\u2019un \u00abamoureux de Lyon\u00bb, \u00abissu de la soci\u00e9t\u00e9 civile\u00bb et \u00abparti de rien\u00bb.<\/p>\n<p class=\"fig-paragraph\">\u00abJMA\u00bb avait pr\u00e9alablement boucl\u00e9 le tour de table de ses soutiens. Apr\u00e8s avoir re\u00e7u\u00a0<a href=\"http:\/\/www.lefigaro.fr\/lyon\/municipales-2026-a-lyon-jean-michel-aulas-va-se-lancer-dans-l-aventure-soutenu-par-lr-20250904\" data-fig-type=\"NewsFlash\" data-gtm-custom-categorie=\"navigation\" data-gtm-custom-action=\"crossclick\" data-gtm-custom-label=\"Contextuel\" data-gtm-event=\"customEventSPE\" data-fig-domain=\"LEFIGARO\" rel=\"nofollow noopener\" target=\"_blank\">l\u2019onction de la droite<\/a>\u00a0au d\u00e9but du mois et celle d\u2019Horizons en d\u00e9but de semaine, l\u2019ancien pr\u00e9sident de l\u2019Olympique Lyonnais a obtenu celle de la macronie lundi soir par la voix de Gabriel Attal.\u00a0<a href=\"http:\/\/www.lefigaro.fr\/lyon\/jean-michel-aulas-recu-par-attal-et-l-elysee-pour-evoquer-sa-candidature-aux-municipales-a-lyon-20250320\" data-fig-type=\"NewsFlash\" data-gtm-custom-categorie=\"navigation\" data-gtm-custom-action=\"crossclick\" data-gtm-custom-label=\"Contextuel\" data-gtm-event=\"customEventSPE\" data-fig-domain=\"LEFIGARO\" rel=\"nofollow noopener\" target=\"_blank\">Les deux hommes se sont rencontr\u00e9s \u00e0 plusieurs reprises ces derniers mois.<\/a>\u00a0Mois au cours desquels Jean-Michel Aulas a aussi rencontr\u00e9 Emmanuel\u2026<\/p>\n<p class=\"fig-premium-paywall__infos\">\n        Cet article est r\u00e9serv\u00e9 aux abonn\u00e9s.        Il vous reste 82% \u00e0 d\u00e9couvrir.\n    <\/p>\n<p>                <img  data- alt=\"Le Figaro\" class=\"fig-img--complete fig-img\"\/><\/p>\n<p class=\"fig-premium-paywall__title\">Vous avez envie de lire la suite ?<\/p>\n<p class=\"fig-premium-paywall__subtitle\">D\u00e9bloquez tous les articles imm\u00e9diatement.<\/p>\n<p class=\"fig-premium-paywall__connect\">\n                D\u00e9j\u00e0 abonn\u00e9\u00a0?                <a class=\"fig-premium-paywall__connect-link\" href=\"https:\/\/connect.lefigaro.fr\/login?client=horizon_web&amp;type=main&amp;redirect_uri=https%3A%2F%2Fwww.lefigaro.fr%2Flyon%2Flyon-premier-bain-de-foule-pour-jean-michel-aulas-apres-son-adoubement-par-la-droite-et-le-centre-20250923\" data-js-gtm=\"{&quot;customCategorie&quot;: &quot;conversion&quot;, &quot;customAction&quot;: &quot;before_Landing_Connexion_paywall_auto&quot;, &quot;customLabel&quot;: &quot;bGVmaWdhcm8uZnJfXzFmMDk4NjNkLWJlNzUtNjBhOC1iZWM5LTcxNjAwYjc3OTgzYl9fTmV3c0ZsYXNo_Lyon\u00a0: premier bain de foule pour Jean-Michel Aulas apr\u00e8s son adoubement par la droite et le centre_420&quot;, &quot;customIDSPE&quot;: &quot;bGVmaWdhcm8uZnJfXzFmMDk4NjNkLWJlNzUtNjBhOC1iZWM5LTcxNjAwYjc3OTgzYl9fTmV3c0ZsYXNo&quot;, &quot;event&quot;: &quot;customEventSPE&quot;}\" rel=\"nofollow noopener\" target=\"_blank\"><br \/>\n                    Connectez-vous<br \/>\n                <\/a>\n            <\/p>\n","protected":false},"excerpt":{"rendered":"REPORTAGE &#8211; L\u2019homme d\u2019affaires de 76 ans s\u2019est rendu ce mardi matin sur le march\u00e9 du Point du&hellip;\n","protected":false},"author":2,"featured_media":411808,"comment_status":"","ping_status":"","sticky":false,"template":"","format":"standard","meta":{"footnotes":""},"categories":[1889],"tags":[1111,11,2430,4188,1777,674,1011,27,2428,12,25],"class_list":{"0":"post-411807","1":"post","2":"type-post","3":"status-publish","4":"format-standard","5":"has-post-thumbnail","7":"category-lyon","8":"tag-actu","9":"tag-actualites","10":"tag-auvergne-rhone-alpes","11":"tag-elections-municipales","12":"tag-eu","13":"tag-europe","14":"tag-fr","15":"tag-france","16":"tag-lyon","17":"tag-news","18":"tag-republique-francaise"},"share_on_mastodon":{"url":"https:\/\/pubeurope.com\/@fr\/115253379258703800","error":""},"_links":{"self":[{"href":"https:\/\/www.europesays.com\/fr\/wp-json\/wp\/v2\/posts\/411807","targetHints":{"allow":["GET"]}}],"collection":[{"href":"https:\/\/www.europesays.com\/fr\/wp-json\/wp\/v2\/posts"}],"about":[{"href":"https:\/\/www.europesays.com\/fr\/wp-json\/wp\/v2\/types\/post"}],"author":[{"embeddable":true,"href":"https:\/\/www.europesays.com\/fr\/wp-json\/wp\/v2\/users\/2"}],"replies":[{"embeddable":true,"href":"https:\/\/www.europesays.com\/fr\/wp-json\/wp\/v2\/comments?post=411807"}],"version-history":[{"count":0,"href":"https:\/\/www.europesays.com\/fr\/wp-json\/wp\/v2\/posts\/411807\/revisions"}],"wp:featuredmedia":[{"embeddable":true,"href":"https:\/\/www.europesays.com\/fr\/wp-json\/wp\/v2\/media\/411808"}],"wp:attachment":[{"href":"https:\/\/www.europesays.com\/fr\/wp-json\/wp\/v2\/media?parent=411807"}],"wp:term":[{"taxonomy":"category","embeddable":true,"href":"https:\/\/www.europesays.com\/fr\/wp-json\/wp\/v2\/categories?post=411807"},{"taxonomy":"post_tag","embeddable":true,"href":"https:\/\/www.europesays.com\/fr\/wp-json\/wp\/v2\/tags?post=411807"}],"curies":[{"name":"wp","href":"https:\/\/api.w.org\/{rel}","templated":true}]}}