{"id":411817,"date":"2025-09-23T11:34:11","date_gmt":"2025-09-23T11:34:11","guid":{"rendered":"https:\/\/www.europesays.com\/fr\/411817\/"},"modified":"2025-09-23T11:34:11","modified_gmt":"2025-09-23T11:34:11","slug":"accord-du-mercosur-la-confederation-paysanne-appelle-a-manifester-a-paris-le-14-octobre","status":"publish","type":"post","link":"https:\/\/www.europesays.com\/fr\/411817\/","title":{"rendered":"Accord du Mercosur\u00a0: la Conf\u00e9d\u00e9ration paysanne appelle \u00e0 manifester \u00e0 Paris le 14\u00a0octobre"},"content":{"rendered":"<p>\u00ab Pour stopper <a href=\"https:\/\/www.letelegramme.fr\/monde\/accord-uemercosur-la-commission-europeenne-valide-le-texte-et-le-soumet-aux-etats-membres-6881560.php\" target=\"_blank\" rel=\"noopener\">l\u2019accord de libre-\u00e9change UE-Mercosur<\/a>, la Conf\u00e9d\u00e9ration paysanne appelle largement l\u2019ensemble des paysan\u00b7nes, encart\u00e9s ou non, les organisations citoyennes de solidarit\u00e9 internationale, de protection des consommateur\u00b7trices, de d\u00e9fense de l\u2019environnement, les syndicats de travailleur\u00b7euses, les p\u00e9titionnaires contre la loi Duplomb, les citoyen\u00b7nes \u00e0 monter sur Paris pour manifester, tracteurs en t\u00eate, le 14 octobre \u00bb, a lanc\u00e9, ce mardi, la Conf\u00e9d\u00e9ration paysanne.<\/p>\n","protected":false},"excerpt":{"rendered":"\u00ab Pour stopper l\u2019accord de libre-\u00e9change UE-Mercosur, la Conf\u00e9d\u00e9ration paysanne appelle largement l\u2019ensemble des paysan\u00b7nes, encart\u00e9s ou non,&hellip;\n","protected":false},"author":2,"featured_media":411818,"comment_status":"","ping_status":"","sticky":false,"template":"","format":"standard","meta":{"footnotes":""},"categories":[1888],"tags":[11,21427,327,5825,765,1777,674,1011,27,2088,12,626,25,801,364],"class_list":{"0":"post-411817","1":"post","2":"type-post","3":"status-publish","4":"format-standard","5":"has-post-thumbnail","7":"category-paris","8":"tag-actualites","9":"tag-agriculteurs-en-colere","10":"tag-agriculture","11":"tag-agroalimentaire","12":"tag-en-continu","13":"tag-eu","14":"tag-europe","15":"tag-fr","16":"tag-france","17":"tag-manifestation","18":"tag-news","19":"tag-paris","20":"tag-republique-francaise","21":"tag-social","22":"tag-union-europeenne"},"share_on_mastodon":{"url":"https:\/\/pubeurope.com\/@fr\/115253402906780033","error":""},"_links":{"self":[{"href":"https:\/\/www.europesays.com\/fr\/wp-json\/wp\/v2\/posts\/411817","targetHints":{"allow":["GET"]}}],"collection":[{"href":"https:\/\/www.europesays.com\/fr\/wp-json\/wp\/v2\/posts"}],"about":[{"href":"https:\/\/www.europesays.com\/fr\/wp-json\/wp\/v2\/types\/post"}],"author":[{"embeddable":true,"href":"https:\/\/www.europesays.com\/fr\/wp-json\/wp\/v2\/users\/2"}],"replies":[{"embeddable":true,"href":"https:\/\/www.europesays.com\/fr\/wp-json\/wp\/v2\/comments?post=411817"}],"version-history":[{"count":0,"href":"https:\/\/www.europesays.com\/fr\/wp-json\/wp\/v2\/posts\/411817\/revisions"}],"wp:featuredmedia":[{"embeddable":true,"href":"https:\/\/www.europesays.com\/fr\/wp-json\/wp\/v2\/media\/411818"}],"wp:attachment":[{"href":"https:\/\/www.europesays.com\/fr\/wp-json\/wp\/v2\/media?parent=411817"}],"wp:term":[{"taxonomy":"category","embeddable":true,"href":"https:\/\/www.europesays.com\/fr\/wp-json\/wp\/v2\/categories?post=411817"},{"taxonomy":"post_tag","embeddable":true,"href":"https:\/\/www.europesays.com\/fr\/wp-json\/wp\/v2\/tags?post=411817"}],"curies":[{"name":"wp","href":"https:\/\/api.w.org\/{rel}","templated":true}]}}