{"id":41182,"date":"2025-04-21T09:43:10","date_gmt":"2025-04-21T09:43:10","guid":{"rendered":"https:\/\/www.europesays.com\/fr\/41182\/"},"modified":"2025-04-21T09:43:10","modified_gmt":"2025-04-21T09:43:10","slug":"du-festival-de-cannes-aux-studios-canal-comment-les-dessins-et-gribouilles-de-cette-rennaise-ont-conquis-le-cinema","status":"publish","type":"post","link":"https:\/\/www.europesays.com\/fr\/41182\/","title":{"rendered":"Du Festival de Cannes aux Studios Canal\u00a0+, comment les dessins et gribouilles de cette Rennaise ont conquis le Cin\u00e9ma"},"content":{"rendered":"<p>Des pages manuscrites recouvertes de petits dessins color\u00e9s, des dates surlign\u00e9es couleurs pastel et des petits gribouillages tr\u00e8s esth\u00e9tiques : sur sa page <a href=\"https:\/\/www.instagram.com\/la.machine.infernale\/?hl=fr\" target=\"_blank\" rel=\"nofollow noopener\">Instagram<\/a>, le cin\u00e9ma et l\u2019artistique sont rois. Avec pr\u00e8s de 54 000 abonn\u00e9s, des collaborations avec le Festival de Cannes, les studios Canal + ou le festival Travelling, le compte, n\u00e9 \u00e0 Rennes en 2020, a acquis une certaine notori\u00e9t\u00e9 dans la sph\u00e8re cin\u00e9phile et culturelle. Et \u00e0 seulement 24 ans, Capucine Lancien, sa cr\u00e9atrice, est dans la lign\u00e9e de ces nouveaux d\u00e9fricheurs culturels, pas vraiment critiques, pas vraiment influenceurs non plus &#8211; des passionn\u00e9s sollicit\u00e9s par les institutions pour mettre en avant les nouvelles productions culturelles.<\/p>\n<blockquote class=\"instagram-media\" data-instgrm-captioned=\"\" data-instgrm-permalink=\"https:\/\/www.instagram.com\/p\/DEpHsnto0Mo\/?utm_source=ig_embed&amp;utm_campaign=loading\" data-instgrm-version=\"14\" style=\" background:#FFF; border:0; border-radius:3px; box-shadow:0 0 1px 0 rgba(0,0,0,0.5),0 1px 10px 0 rgba(0,0,0,0.15); margin: 1px; max-width:540px; min-width:326px; padding:0; width:99.375%; width:-webkit-calc(100% - 2px); width:calc(100% - 2px);\"\/><p>Des coups de crayon digitalis\u00e9s<\/p>\n<p>\u00ab Le projet a commenc\u00e9 pendant le confinement en 2020, au milieu d\u2019une pile de dossiers \u00e0 rendre et de partiels \u00e0 distance \u00bb, raconte celle qui, originaire de Quimperl\u00e9 (29), \u00e9tait \u00e0 l\u2019\u00e9poque \u00e9tudiante en Humanit\u00e9s \u00e0 l\u2019Universit\u00e9 Rennes 2. Prospectus, tickets de cin\u00e9ma, magazines : Capucine colle, depuis qu\u2019elle a 7 ans, tout ce qu\u2019elle peut dans des petits livrets remplis \u00e0 ras bord. \u00ab J\u2019ai toujours eu l\u2019habitude d\u2019\u00e9crire dans des carnets, je fais \u00e7a depuis que je suis toute petite. J\u2019ai d\u00e9cid\u00e9 de faire \u00e9voluer cette habitude au format digital, pour m\u2019\u00e9chapper. \u00bb Le compte prend alors le nom de La Machine Infernale, du nom de la pi\u00e8ce de Jean Cocteau sur laquelle elle avait un examen.<\/p>\n<p><img decoding=\"async\" src=\"https:\/\/www.europesays.com\/fr\/wp-content\/uploads\/2025\/04\/6802554c6e874b45250d8144.1.jpeg\" width=\"480\" height=\"300\" class=\"web_golden_m\" loading=\"lazy\" alt=\"Dans ses carnets, Capucine Lancien colle tout, en un patchwork color\u00e9 de souvenirs, et transpose cette vision sur son compte Instagram.\"\/>Dans ses carnets, Capucine Lancien colle tout, en un patchwork color\u00e9 de souvenirs, et transpose cette vision sur son compte Instagram. (Instagram\/@la.machine.infernale)<\/p>\n<p>Au d\u00e9part destin\u00e9e \u00e0 ses amis, la notori\u00e9t\u00e9 de la plateforme s\u2019envole, et ses publications se diversifient : listes th\u00e9matiques de films (\u00ab 7 films pour faire la f\u00eate \u00bb, \u00ab 18 films sur l\u2019enfance \u00bb ), extraits de sc\u00e8nes cultes, et collages color\u00e9s \u00e9voquant le scrapbooking et une ambiance tr\u00e8s \u00ab cocooning \u00bb. Le mercredi, Capucine liste les films en salles, ceux qu\u2019elle a eu la chance d\u2019aller voir en salles, ceux qui l\u2019attirent, ceux qu\u2019elle a ador\u00e9 &#8211; ou d\u00e9test\u00e9.<\/p>\n<p><img decoding=\"async\" src=\"https:\/\/www.europesays.com\/fr\/wp-content\/uploads\/2025\/04\/6802554c34580fe86c0154c2.1.jpeg\" width=\"480\" height=\"300\" class=\"web_golden_m\" loading=\"lazy\" alt=\"Capucine propose, tous les mercredis, une liste non exhaustive des films \u00e0 voir en salles obscures.\"\/>Capucine propose, tous les mercredis, une liste non exhaustive des films \u00e0 voir en salles obscures. (Instagram\/@la.machine.infernale)\u00ab Rennes, c\u2019est une ville jeune, artistique et inspirante \u00bb<\/p>\n<p>C\u2019est le cin\u00e9ma Arvor, son \u00ab cin\u00e9ma f\u00e9tiche \u00bb, qui la contacte en premier pour qu\u2019elle relaie les films \u00e0 l\u2019affiche dans la salle historique de Rennes. \u00ab J\u2019ai connu ce cin\u00e9ma en arrivant \u00e0 Rennes, en 2017, alors qu\u2019il \u00e9tait encore Rue d\u2019Antrain. J\u2019ai trouv\u00e9 le lieu tellement romantique et apaisant, j\u2019y allais tout le temps ! \u00bb Au fur et \u00e0 mesure, la Bretonne s\u2019empare d\u2019autres lieux culturels de la ville, comme le cin\u00e9-Tambour de Rennes 2.<\/p>\n<p>\u00ab Rennes, c\u2019est ma ville de c\u0153ur, j\u2019y ai pass\u00e9 toutes mes ann\u00e9es \u00e9tudiantes. C\u2019est ici qu\u2019a \u00e9clos ma passion pour le cin\u00e9ma. Il n\u2019y a pas que l\u2019Arvor, on y compte beaucoup de belles salles, et parfois du cin\u00e9ma en plein air\u2026 C\u2019est une ville jeune, artistique et inspirante \u00bb se r\u00e9jouit celle dont le public est, typiquement, \u00ab une Rennaise de moins de trente ans \u00bb, car, comme toujours sur les r\u00e9seaux sociaux, on gravite forc\u00e9ment autour de ceux qui nous ressemblent.<\/p>\n<blockquote class=\"instagram-media\" data-instgrm-captioned=\"\" data-instgrm-permalink=\"https:\/\/www.instagram.com\/p\/DFnhZ6Doy9R\/?utm_source=ig_embed&amp;utm_campaign=loading\" data-instgrm-version=\"14\" style=\" background:#FFF; border:0; border-radius:3px; box-shadow:0 0 1px 0 rgba(0,0,0,0.5),0 1px 10px 0 rgba(0,0,0,0.15); margin: 1px; max-width:540px; min-width:326px; padding:0; width:99.375%; width:-webkit-calc(100% - 2px); width:calc(100% - 2px);\"\/>\n<p>Avec le format rectangulaire bien connu d\u2019Instagram, Capucine Lancien m\u00eale les anciens codes du dessin et de l\u2019illustration, \u00e0 ceux plus modernes des r\u00e9seaux sociaux. R\u00e9sultat : des recommandations diff\u00e9rentes de celles des m\u00e9dias culturels classiques, et la valorisation de cin\u00e9astes parfois inconnus du grand public. Ses r\u00e9alisateurs pr\u00e9f\u00e9r\u00e9s ? C\u00e9line Sciamma, r\u00e9alisatrice du \u00ab Portrait de la Jeune fille en feu \u00bb, mais aussi Jacques Demy et Agn\u00e8s Varda, dont elle conna\u00eet la filmographie par c\u0153ur. \u00ab Le cin\u00e9ma de Jacques Demy, c\u2019est tr\u00e8s sentimental : je regardais ses films en boucle quand j\u2019\u00e9tais petite, c\u2019est un pan de mon enfance. J\u2019ai d\u00e9couvert Agn\u00e8s Varda plus tard, \u00e0 l\u2019adolescence, et j\u2019ai ador\u00e9 son m\u00e9lange de po\u00e9sie, d\u2019art plastiques, de photo\u2026 C\u2019est un univers qui me parle beaucoup. \u00bb<\/p>\n<p>Festival d\u2019animation d\u2019Annecy, festival Travelling \u00e0 Rennes \u00ab qu [\u2019elle] adore \u00bb \u2026 La jeune illustratrice diversifie ses exp\u00e9riences, et se retrouve m\u00eame \u00e0 collaborer depuis quelques ann\u00e9es avec le festival de Cannes pour partager des \u00ab carnets de bord \u00bb.<\/p>\n<p>Si le compte est devenu une mine d\u2019or pour qui s\u2019int\u00e9resse \u00e0 l\u2019univers cin\u00e9matographique, Capucine, qui se d\u00e9finit comme \u00ab r\u00e9dactrice culturelle et illustratrice \u00bb l\u2019assure : elle ne se consid\u00e8re pas comme une critique de cin\u00e9ma. \u00ab Des gens le font bien mieux que moi, je ne suis pas journaliste. J\u2019\u00e9tais encore tr\u00e8s novice il y a 5 ans : je n\u2019avais pas vu certains films cultes, je ne m\u2019y connaissais pas vraiment en cin\u00e9ma, en tout cas pas dans sa globalit\u00e9. \u00bb Son objectif n\u2019est pas l\u00e0 : Capucine veut donner envie d\u2019aller en salle. \u00ab Ce que je veux, c\u2019est d\u00e9culpabiliser : on n\u2019est pas oblig\u00e9s de tout voir, de tout conna\u00eetre, de tout lire pour conna\u00eetre le monde du cin\u00e9ma. Je voulais d\u00e9dramatiser le fait d\u2019aller en salles en partageant mes coups de c\u0153ur, et en mettant en lumi\u00e8re les \u0153uvres que j\u2019aime. \u00bb<\/p>\n<p>Le cin\u00e9ma, un autre moyen de se connecter \u00e0 l\u2019actualit\u00e9<\/p>\n<p>Pour autant, ce compte ne lui permet pas d\u2019\u00e9chapper \u00e0 la r\u00e9alit\u00e9. \u00ab J\u2019essaie de ne pas faire semblant. J\u2019aime Varda, mais j\u2019aime aussi les drames, les films politiques. Je parle de l\u2019actualit\u00e9 en partageant des films engag\u00e9s. Le cin\u00e9ma, c\u2019est toujours une \u00e9chappatoire, mais on utilise aussi ce moyen pour se connecter \u00e0 l\u2019actualit\u00e9, en France et dans le monde. \u00bb Et pour la suite ? Capucine, qui vit aujourd\u2019hui entre Rennes et Paris, se r\u00e9mun\u00e8re d\u00e9sormais gr\u00e2ce au cin\u00e9ma et \u00e0 sa boutique d\u2019illustration, et partage son temps entre les festivals culturels et des publications en collaboration avec des distributeurs. Celle qui n\u2019oublie pas son \u00ab r\u00eave de devenir ma\u00eetresse d\u2019\u00e9cole \u00bb veut continuer \u00e0 d\u00e9velopper La Machine Infernale. \u00ab Tant que \u00e7a fonctionne, je continuerai. Le public est pr\u00e9sent et int\u00e9ress\u00e9, et je trouverai toujours des id\u00e9es pour donner aux gens l\u2019envie d\u2019aller au cin\u00e9ma ! \u00bb<\/p>\n<p><script async src=\"\/\/www.instagram.com\/embed.js\"><\/script><\/p>\n","protected":false},"excerpt":{"rendered":"Des pages manuscrites recouvertes de petits dessins color\u00e9s, des dates surlign\u00e9es couleurs pastel et des petits gribouillages tr\u00e8s&hellip;\n","protected":false},"author":2,"featured_media":41183,"comment_status":"","ping_status":"","sticky":false,"template":"","format":"standard","meta":{"footnotes":""},"categories":[2821],"tags":[1111,11,829,3173,1777,674,1011,27,848,12,584,25],"class_list":{"0":"post-41182","1":"post","2":"type-post","3":"status-publish","4":"format-standard","5":"has-post-thumbnail","7":"category-rennes","8":"tag-actu","9":"tag-actualites","10":"tag-bretagne","11":"tag-culture-a-rennes","12":"tag-eu","13":"tag-europe","14":"tag-fr","15":"tag-france","16":"tag-ille-et-vilaine","17":"tag-news","18":"tag-rennes","19":"tag-republique-francaise"},"share_on_mastodon":{"url":"https:\/\/pubeurope.com\/@fr\/114375308360708273","error":""},"_links":{"self":[{"href":"https:\/\/www.europesays.com\/fr\/wp-json\/wp\/v2\/posts\/41182","targetHints":{"allow":["GET"]}}],"collection":[{"href":"https:\/\/www.europesays.com\/fr\/wp-json\/wp\/v2\/posts"}],"about":[{"href":"https:\/\/www.europesays.com\/fr\/wp-json\/wp\/v2\/types\/post"}],"author":[{"embeddable":true,"href":"https:\/\/www.europesays.com\/fr\/wp-json\/wp\/v2\/users\/2"}],"replies":[{"embeddable":true,"href":"https:\/\/www.europesays.com\/fr\/wp-json\/wp\/v2\/comments?post=41182"}],"version-history":[{"count":0,"href":"https:\/\/www.europesays.com\/fr\/wp-json\/wp\/v2\/posts\/41182\/revisions"}],"wp:featuredmedia":[{"embeddable":true,"href":"https:\/\/www.europesays.com\/fr\/wp-json\/wp\/v2\/media\/41183"}],"wp:attachment":[{"href":"https:\/\/www.europesays.com\/fr\/wp-json\/wp\/v2\/media?parent=41182"}],"wp:term":[{"taxonomy":"category","embeddable":true,"href":"https:\/\/www.europesays.com\/fr\/wp-json\/wp\/v2\/categories?post=41182"},{"taxonomy":"post_tag","embeddable":true,"href":"https:\/\/www.europesays.com\/fr\/wp-json\/wp\/v2\/tags?post=41182"}],"curies":[{"name":"wp","href":"https:\/\/api.w.org\/{rel}","templated":true}]}}