{"id":411821,"date":"2025-09-23T11:36:43","date_gmt":"2025-09-23T11:36:43","guid":{"rendered":"https:\/\/www.europesays.com\/fr\/411821\/"},"modified":"2025-09-23T11:36:43","modified_gmt":"2025-09-23T11:36:43","slug":"en-direct-violations-despaces-aeriens-cest-un-chemin-dangereux-pris-par-la-russie-avertit-le-patron-de-lotan","status":"publish","type":"post","link":"https:\/\/www.europesays.com\/fr\/411821\/","title":{"rendered":"EN DIRECT &#8211; Violations d&rsquo;espaces a\u00e9riens : \u00ab\u00a0C&rsquo;est un chemin dangereux pris par la Russie\u00a0\u00bb, avertit le patron de l&rsquo;Otan"},"content":{"rendered":"<ul class=\"jsx-862013697 ArticleChapo__List\">\n<li class=\"jsx-862013697 ArticleChapo__List_Item flex\">Lundi, les a\u00e9roports de Copenhague (Danemark) et d&rsquo;Oslo (Norv\u00e8ge) ont rouvert mardi apr\u00e8s avoir \u00e9t\u00e9 ferm\u00e9s lundi en raison de la pr\u00e9sence de drones non identifi\u00e9s, ont annonc\u00e9 la police et les a\u00e9roports \u00e0 l&rsquo;AFP.<\/li>\n<li class=\"jsx-862013697 ArticleChapo__List_Item flex\">De son c\u00f4t\u00e9, l&rsquo;Otan appelle la Russie \u00e0 cesser \u00ab\u00a0l&rsquo;escalade\u00a0\u00bb apr\u00e8s ces faits.<\/li>\n<li class=\"jsx-862013697 ArticleChapo__List_Item flex\">Suivez les derni\u00e8res informations.<\/li>\n<\/ul>\n<p>Minute par minute\u00c0 COPENHAGUE, \u00ab\u00a0TROP T\u00d4T\u00a0\u00bb POUR ACCUSER MOSCOU13:26<\/p>\n<p>Concernant l&rsquo;incursion de drones dans le ciel de Copenhague, il est \u00ab\u00a0trop t\u00f4t\u00a0\u00bb pour dire si la Russie est impliqu\u00e9e, a aussi indiqu\u00e9 le chef de l&rsquo;Otan.<\/p>\n<p>UNE D\u00c9FENSE A\u00c9RIENNE EFFICACE13:11<\/p>\n<p>\u00ab\u00a0Notre d\u00e9fense a\u00e9rienne a fait exactement ce qu&rsquo;elle devait faire en Pologne et en Estonie\u00a0\u00bb, assure le patron de l&rsquo;Otan.<\/p>\n<p>\u00ab\u00a0UN CHEMIN DANGEREUX\u00a0\u00bb13:06<\/p>\n<p>\u00ab\u00a0C&rsquo;est un chemin dangereux pris par la Russie\u00a0\u00bb, avertit le patron de l&rsquo;Otan, Mark Rutte, ajoutant que l&rsquo;Alliance atlantique est pr\u00eate \u00e0 \u00ab\u00a0d\u00e9fendre chaque centim\u00e8tre de notre territoire\u00a0\u00bb.<\/p>\n<p>L&rsquo;OTAN INTERPELLE MOSCOU12:53<\/p>\n<p>La Russie doit cesser l'\u00a0\u00bbescalade\u00a0\u00bb apr\u00e8s plusieurs violations de l&rsquo;espace a\u00e9rien de l&rsquo;Otan par des avions ou drones au cours des derniers jours, a averti l&rsquo;Alliance atlantique apr\u00e8s une r\u00e9union de ses repr\u00e9sentants \u00e0 Bruxelles.<\/p>\n<p>\u00ab\u00a0La Russie porte l&rsquo;enti\u00e8re responsabilit\u00e9 de ces agissements, qui sont de nature \u00e0 conduire \u00e0 une escalade, risquent de donner lieu \u00e0 une erreur d&rsquo;appr\u00e9ciation et mettent des vies en danger. Tout cela doit cesser\u00a0\u00bb, a mis en garde l&rsquo;Alliance dans un communiqu\u00e9.<\/p>\n<p>OSLO ACCUSE MOSCOU12:52<\/p>\n<p>Le gouvernement norv\u00e9gien a affirm\u00e9 que des appareils russes avaient viol\u00e9 l&rsquo;espace a\u00e9rien du pays scandinave \u00e0 trois reprises cette ann\u00e9e, des incidents qu&rsquo;Oslo a qualifi\u00e9s d'\u00a0\u00bbinacceptables\u00a0\u00bb.<\/p>\n<p>\u00ab\u00a0La Russie a viol\u00e9 l&rsquo;espace a\u00e9rien norv\u00e9gien \u00e0 trois reprises ce printemps et cet \u00e9t\u00e9\u00a0\u00bb, a d\u00e9clar\u00e9 le Premier ministre norv\u00e9gien, Jonas Gahr St\u00f8re, dans un communiqu\u00e9. \u00ab\u00a0Nous ne pouvons pas \u00e9tablir s&rsquo;il s&rsquo;agit d&rsquo;un acte d\u00e9lib\u00e9r\u00e9 ou d&rsquo;une erreur de navigation. Quelle qu&rsquo;en soit la cause, cela reste inacceptable, et nous l&rsquo;avons clairement fait savoir aux autorit\u00e9s russes\u00a0\u00bb, a-t-il ajout\u00e9.<\/p>\n<p>\u00ab\u00a0ATTAQUE GRAVE\u00a0\u00bb SELON COPENHAGUE12:52<\/p>\n<p>Les autorit\u00e9s danoises ont d\u00e9nonc\u00e9 mardi une \u00ab\u00a0grave attaque\u00a0\u00bb contre les infrastructures du pays apr\u00e8s le survol de l&rsquo;a\u00e9roport de Copenhague par des drones d&rsquo;origine inconnue qui ont bloqu\u00e9 le trafic a\u00e9rien pendant quatre heures lundi. Il s&rsquo;agit de \u00ab\u00a0l&rsquo;attaque la plus grave contre une infrastructure critique\u00a0\u00bb au Danemark, a r\u00e9agi la Premi\u00e8re ministre danoise, Mette Frederiksen, dans un communiqu\u00e9 transmis \u00e0 l&rsquo;AFP.<\/p>\n<p>Les a\u00e9roports de Copenhague et Oslo ont rouvert t\u00f4t mardi matin apr\u00e8s le passage de drones qui a entrain\u00e9 l&rsquo;annulation ou le d\u00e9tournement de dizaines de vols dans les deux pays.<\/p>\n<p>DEUX MORTS EN UKRAINE10:55<\/p>\n<p>De nouvelles frappes russes sur l&rsquo;Ukraine ont fait deux morts dans la nuit de lundi \u00e0 mardi dans le sud du pays, ont annonc\u00e9 les autorit\u00e9s locales. La Russie a lanc\u00e9 trois missiles et 115 drones sur l&rsquo;Ukraine pendant la nuit, a indiqu\u00e9 l&rsquo;arm\u00e9e de l&rsquo;air ukrainienne.\u00a0<\/p>\n<p>Si la plupart des drones ont \u00e9t\u00e9 d\u00e9truits par la d\u00e9fense antia\u00e9rienne, deux civils ont \u00e9t\u00e9 tu\u00e9es dans les r\u00e9gions m\u00e9ridionales de Zaporijjia et d&rsquo;Odessa, ont rapport\u00e9 les autorit\u00e9s locales.<\/p>\n<p>\u00ab\u00a0La Russie a poursuivi sa terreur contre le peuple de l&rsquo;Ukraine\u00a0\u00bb, a d\u00e9clar\u00e9 la Premi\u00e8re ministre Ioulia Svyrydenko sur les m\u00e9dias sociaux, alors que le pays est vis\u00e9 quasi-quotidiennement par ce type d&rsquo;attaques mortelles.<\/p>\n<p>L&rsquo;ONU D\u00c9NONCE LES TORTURES DE CIVILS UKRAINIENS10:08<\/p>\n<p>Les autorit\u00e9s russes ont soumis des d\u00e9tenus civils dans les zones ukrainiennes occup\u00e9es \u00e0 des actes de torture, incluant des violences sexuelles, de mani\u00e8re \u00ab\u00a0r\u00e9pandue et syst\u00e9matique\u00a0\u00bb, d\u00e9nonce mardi un rapport du Haut-Commissariat aux droits de l&rsquo;homme de l&rsquo;ONU.\u00a0<\/p>\n<p>Les enqu\u00eateurs de l&rsquo;ONU ont interrog\u00e9 216 civils lib\u00e9r\u00e9s depuis juin 2023. Parmi eux, 92 % ont fait \u00ab\u00a0des r\u00e9cits coh\u00e9rents et d\u00e9taill\u00e9s de torture ou de mauvais traitements pendant leur captivit\u00e9\u00a0\u00bb, selon le rapport.<\/p>\n<p>Ils ont d\u00e9crit \u00ab\u00a0des passages \u00e0 tabac s\u00e9v\u00e8res avec divers instruments, tels que des b\u00e2tons et des matraques, des d\u00e9charges \u00e9lectriques sur diverses parties du corps et des simulacres d&rsquo;ex\u00e9cution\u00a0\u00bb.<\/p>\n<p>\u00ab\u00a0COMPORTEMENT DANGEREUX\u00a0\u00bb06:56<\/p>\n<p>Les \u00c9tats-Unis ont promis lundi de d\u00e9fendre \u00ab\u00a0chaque centim\u00e8tre du territoire de l&rsquo;Otan\u00a0\u00bb, au cours d&rsquo;un Conseil de s\u00e9curit\u00e9 de l&rsquo;ONU convoqu\u00e9 par l&rsquo;Estonie apr\u00e8s l&rsquo;incursion d&rsquo;avions russes dans son espace a\u00e9rien, le troisi\u00e8me incident en dix jours visant des pays voisins de la Russie.<\/p>\n<p>\u00ab\u00a0Au moment o\u00f9 le pr\u00e9sident Trump et les \u00c9tats-Unis\u00a0\u00bb tentent de \u00ab\u00a0mettre fin \u00e0 cette guerre atroce entre la Russie et l&rsquo;Ukraine, nous nous attendons \u00e0 ce que la Russie cherche des moyens de d\u00e9sescalade, et non \u00e0 prendre le risque d&rsquo;une extension du conflit\u00a0\u00bb, a lanc\u00e9 le nouvel ambassadeur des \u00c9tats-Unis aupr\u00e8s de l&rsquo;ONU, Mike Waltz.<\/p>\n<p>\u00ab\u00a0La Russie doit de toute urgence mettre un terme \u00e0 ce comportement dangereux\u00a0\u00bb, a-t-il encore dit.<\/p>\n<p>RENCONTRE AU SOMMET06:01<\/p>\n<p>Lors d&rsquo;une conf\u00e9rence de presse, la porte-parole de la Maison-Blanche a confirm\u00e9 la rencontre des deux chefs d&rsquo;\u00c9tat. Un entretien qui aura lieu en marge de l&rsquo;Assembl\u00e9e g\u00e9n\u00e9rale de l&rsquo;ONU qui se tient \u00e0 New York.<\/p>\n<p>International<img decoding=\"async\" src=\"https:\/\/www.europesays.com\/fr\/wp-content\/uploads\/2025\/08\/trump-zelensky-mb-ebaa93-1@1x.jpeg\" alt=\"Guerre en Ukraine : Trump va rencontrer Zelensky demain en marge de l'Assembl\u00e9e g\u00e9n\u00e9rale de l'ONU\" loading=\"lazy\" importance=\"low\" fetchpriority=\"low\" class=\"\" aria-hidden=\"true\"\/><\/p>\n<p data-module=\"article-paragraph\" class=\"jsx-3046738180 Paragraph Paragraph__End\">La rencontre \u00e9tait pr\u00e9vue, elle intervient dans un contexte particulier. Lors d&rsquo;une conf\u00e9rence de presse, lundi 22 septembre, la porte-parole de la Maison Blanche, Karoline Leavitt, a confirm\u00e9 que Donald Trump rencontrerait bien Volodymyr Zelensky mardi \u00e0 New York, en marge de l&rsquo;Assembl\u00e9e g\u00e9n\u00e9rale de l&rsquo;ONU. Ce nouvel entretien entre les pr\u00e9sidents am\u00e9ricain et ukrainien \u00e9tait d\u00e9j\u00e0 planifi\u00e9e, mais les sujets devraient \u00e0 nouveau \u00eatre nombreux entre les deux hommes, alors <a href=\"https:\/\/www.tf1info.fr\/international\/avions-mig-31-russes-dans-le-ciel-estonien-ce-que-l-on-sait-de-cette-incursion-denoncee-par-l-otan-mais-dementie-par-moscou-2395756.html\" target=\"_blank\" rel=\"noopener\">que des avions russes ont p\u00e9n\u00e9tr\u00e9 dans l&rsquo;espace a\u00e9rien de l&rsquo;Estonie<\/a> vendredi.<\/p>\n<p data-module=\"article-paragraph\" class=\"jsx-3046738180 Paragraph Paragraph__End\">Apr\u00e8s <a href=\"https:\/\/www.tf1info.fr\/international\/frappes-russes-guerre-en-ukraine-nouvelle-incursion-d-un-drone-dans-le-ciel-d-un-pays-de-l-otan-en-roumanie-2394477.html\" target=\"_blank\" rel=\"noopener\">les drones en Pologne et en Roumanie<\/a>, cette nouvelle mont\u00e9e des tensions a provoqu\u00e9 la col\u00e8re de Washington, alors que Tallin a convoqu\u00e9 un Conseil de s\u00e9curit\u00e9 des Nations unies pour \u00e9voquer cette question. Une r\u00e9union durant laquelle les \u00c9tats-Unis ont promis de d\u00e9fendre \u00ab\u00a0chaque centim\u00e8tre du territoire de l&rsquo;Otan\u00a0\u00bb. \u00ab\u00a0Au moment o\u00f9 le pr\u00e9sident Trump et les \u00c9tats-Unis\u00a0\u00bb tentent de \u00ab\u00a0mettre fin \u00e0 cette guerre atroce entre la Russie et l&rsquo;Ukraine, nous nous attendons \u00e0 ce que la Russie cherche des moyens de d\u00e9sescalade, et non \u00e0 prendre le risque d&rsquo;une extension du conflit\u00a0\u00bb, a lanc\u00e9 le nouvel ambassadeur des \u00c9tats-Unis aupr\u00e8s de l&rsquo;ONU, Mike Waltz.<\/p>\n<p><a href=\"https:\/\/www.tf1info.fr\/international\/guerre-ukraine-russie-un-mois-apres-sa-rencontre-avec-vladimir-poutine-en-alaska-trump-est-il-en-train-de-perdre-son-pari-2395610.html\" rel=\"noopener\" class=\"jsx-3308031228 Link flex\" target=\"_blank\"><img decoding=\"async\" src=\"https:\/\/www.europesays.com\/fr\/wp-content\/uploads\/2025\/09\/trump-poutine-archive-d7b240-1@1x.jpeg\" alt=\"JORGE SILVA \/ POOL \/ AFP\" loading=\"lazy\" importance=\"low\" fetchpriority=\"low\" class=\"\" aria-hidden=\"true\"\/><\/p>\n<p class=\"jsx-3657663356 ReadMoreArticle__Title\">Lire aussi<\/p>\n<p class=\"jsx-3657663356\">Ukraine : un mois apr\u00e8s sa rencontre avec Poutine en Alaska, Trump est-il en train de perdre son pari ?<\/p>\n<p><\/a><\/p>\n<p data-module=\"article-paragraph\" class=\"jsx-3046738180 Paragraph Paragraph__End\">Peu avant la tenue de cette r\u00e9union d&rsquo;urgence du Conseil de s\u00e9curit\u00e9, r\u00e9clam\u00e9e par Tallinn, le ministre estonien des Affaires \u00e9trang\u00e8res Margus Tsahkna a lu un texte soutenu par une cinquantaine de pays alli\u00e9s, r\u00e9clamant \u00e9galement que Moscou mette fin aux \u00ab\u00a0provocations et menaces\u00a0\u00bb contre ses voisins. Vendredi, trois avions de combat russes sont entr\u00e9s dans l&rsquo;espace a\u00e9rien estonien et y sont rest\u00e9s pendant 12 minutes. Moscou a d\u00e9menti toute violation. Cet incident survient quelques jours apr\u00e8s le passage d&rsquo;une vingtaine de drones russes dans l&rsquo;espace a\u00e9rien polonais, dont trois avaient \u00e9t\u00e9 abattus. La Roumanie a \u00e9galement d\u00e9nonc\u00e9 le vol d&rsquo;un drone russe au-dessus du pays.<\/p>\n<p>La r\u00e9daction de TF1info<\/p>\n","protected":false},"excerpt":{"rendered":"Lundi, les a\u00e9roports de Copenhague (Danemark) et d&rsquo;Oslo (Norv\u00e8ge) ont rouvert mardi apr\u00e8s avoir \u00e9t\u00e9 ferm\u00e9s lundi en&hellip;\n","protected":false},"author":2,"featured_media":411822,"comment_status":"","ping_status":"","sticky":false,"template":"","format":"standard","meta":{"footnotes":""},"categories":[1590],"tags":[1111,11,1921,5925,75,1777,674,28083,1922,12,2543,132,220,1917,50704,133,1920,134],"class_list":{"0":"post-411821","1":"post","2":"type-post","3":"status-publish","4":"format-standard","5":"has-post-thumbnail","7":"category-ukraine","8":"tag-actu","9":"tag-actualites","10":"tag-article-video","11":"tag-conflits-et-guerre","12":"tag-donald-trump","13":"tag-eu","14":"tag-europe","15":"tag-guerre-en-ukraine-une-treve-sera-t-elle-possible","16":"tag-info","17":"tag-news","18":"tag-relations-internationales","19":"tag-russie","20":"tag-ukraine","21":"tag-ukraine-4-annee-de-guerre","22":"tag-ukraine-russie-des-negociations-dans-limpasse","23":"tag-video","24":"tag-video-international","25":"tag-volodymyr-zelensky"},"share_on_mastodon":{"url":"https:\/\/pubeurope.com\/@fr\/115253411587997414","error":""},"_links":{"self":[{"href":"https:\/\/www.europesays.com\/fr\/wp-json\/wp\/v2\/posts\/411821","targetHints":{"allow":["GET"]}}],"collection":[{"href":"https:\/\/www.europesays.com\/fr\/wp-json\/wp\/v2\/posts"}],"about":[{"href":"https:\/\/www.europesays.com\/fr\/wp-json\/wp\/v2\/types\/post"}],"author":[{"embeddable":true,"href":"https:\/\/www.europesays.com\/fr\/wp-json\/wp\/v2\/users\/2"}],"replies":[{"embeddable":true,"href":"https:\/\/www.europesays.com\/fr\/wp-json\/wp\/v2\/comments?post=411821"}],"version-history":[{"count":0,"href":"https:\/\/www.europesays.com\/fr\/wp-json\/wp\/v2\/posts\/411821\/revisions"}],"wp:featuredmedia":[{"embeddable":true,"href":"https:\/\/www.europesays.com\/fr\/wp-json\/wp\/v2\/media\/411822"}],"wp:attachment":[{"href":"https:\/\/www.europesays.com\/fr\/wp-json\/wp\/v2\/media?parent=411821"}],"wp:term":[{"taxonomy":"category","embeddable":true,"href":"https:\/\/www.europesays.com\/fr\/wp-json\/wp\/v2\/categories?post=411821"},{"taxonomy":"post_tag","embeddable":true,"href":"https:\/\/www.europesays.com\/fr\/wp-json\/wp\/v2\/tags?post=411821"}],"curies":[{"name":"wp","href":"https:\/\/api.w.org\/{rel}","templated":true}]}}