{"id":411824,"date":"2025-09-23T11:39:11","date_gmt":"2025-09-23T11:39:11","guid":{"rendered":"https:\/\/www.europesays.com\/fr\/411824\/"},"modified":"2025-09-23T11:39:11","modified_gmt":"2025-09-23T11:39:11","slug":"royaume-uni-le-demandeur-dasile-a-lorigine-des-manifestations-anti-refugies-condamne-a-un-an-de-prison","status":"publish","type":"post","link":"https:\/\/www.europesays.com\/fr\/411824\/","title":{"rendered":"Royaume-Uni. Le demandeur d&rsquo;asile \u00e0 l&rsquo;origine des manifestations anti-r\u00e9fugi\u00e9s condamn\u00e9 \u00e0 un an de prison"},"content":{"rendered":"<p>Un demandeur d&rsquo;asile \u00e9thiopien a \u00e9t\u00e9 condamn\u00e9 mardi par la justice britannique \u00e0 un an de prison pour des agressions sexuelles sur une femme et une adolescente de 14 ans, des faits qui avaient entrain\u00e9 <a href=\"https:\/\/www.leprogres.fr\/societe\/2025\/07\/21\/nouvelles-tensions-devant-un-hotel-hebergeant-des-demandeurs-d-asile-pres-de-londres\" target=\"_blank\" rel=\"nofollow noopener\">des manifestations anti-immigration.<\/a><\/p>\n<p>\u00ab Il est \u00e9vident pour moi que votre honte et vos remords ne sont pas dus aux (agressions) que vous avez commises, mais \u00e0 l&rsquo;impact qu&rsquo;elles ont eu \u00bb, a d\u00e9clar\u00e9 le juge Christopher Williams, en rendant sa d\u00e9cision. <\/p>\n<p>Hadush Kebatu avait \u00e9t\u00e9 arr\u00eat\u00e9 le 8 juillet \u00e0 Epping, au nord-est de Londres, apr\u00e8s avoir essay\u00e9 d&#8217;embrasser une adolescente de 14 ans, \u00e0 qui il avait touch\u00e9 la jambe et propos\u00e9 de \u00ab faire des b\u00e9b\u00e9s \u00bb avec lui.<\/p>\n<p>Des manifestations, pour certaines marqu\u00e9es par des violences, ont ensuite eu lieu devant le Bell Hotel \u00e0 Epping, o\u00f9 il \u00e9tait h\u00e9berg\u00e9 avec environ 130 autres demandeurs d&rsquo;asile, avant d&rsquo;essaimer \u00e0 travers l&rsquo;Angleterre.<\/p>\n","protected":false},"excerpt":{"rendered":"Un demandeur d&rsquo;asile \u00e9thiopien a \u00e9t\u00e9 condamn\u00e9 mardi par la justice britannique \u00e0 un an de prison pour&hellip;\n","protected":false},"author":2,"featured_media":411825,"comment_status":"","ping_status":"","sticky":false,"template":"","format":"standard","meta":{"footnotes":""},"categories":[1588],"tags":[11,1777,674,274,107,329,1061,12,473,1853,1851,1850,1852],"class_list":{"0":"post-411824","1":"post","2":"type-post","3":"status-publish","4":"format-standard","5":"has-post-thumbnail","7":"category-royaume-uni","8":"tag-actualites","9":"tag-eu","10":"tag-europe","11":"tag-faits-divers-justice","12":"tag-fil-info","13":"tag-france-monde","14":"tag-immigration","15":"tag-news","16":"tag-royaume-uni","17":"tag-royaume-uni-de-grande-bretagne-et-dirlande-du-nord","18":"tag-uk","19":"tag-united-kingdom","20":"tag-united-kingdom-of-great-britain-and-northern-ireland"},"share_on_mastodon":{"url":"https:\/\/pubeurope.com\/@fr\/115253422617279232","error":""},"_links":{"self":[{"href":"https:\/\/www.europesays.com\/fr\/wp-json\/wp\/v2\/posts\/411824","targetHints":{"allow":["GET"]}}],"collection":[{"href":"https:\/\/www.europesays.com\/fr\/wp-json\/wp\/v2\/posts"}],"about":[{"href":"https:\/\/www.europesays.com\/fr\/wp-json\/wp\/v2\/types\/post"}],"author":[{"embeddable":true,"href":"https:\/\/www.europesays.com\/fr\/wp-json\/wp\/v2\/users\/2"}],"replies":[{"embeddable":true,"href":"https:\/\/www.europesays.com\/fr\/wp-json\/wp\/v2\/comments?post=411824"}],"version-history":[{"count":0,"href":"https:\/\/www.europesays.com\/fr\/wp-json\/wp\/v2\/posts\/411824\/revisions"}],"wp:featuredmedia":[{"embeddable":true,"href":"https:\/\/www.europesays.com\/fr\/wp-json\/wp\/v2\/media\/411825"}],"wp:attachment":[{"href":"https:\/\/www.europesays.com\/fr\/wp-json\/wp\/v2\/media?parent=411824"}],"wp:term":[{"taxonomy":"category","embeddable":true,"href":"https:\/\/www.europesays.com\/fr\/wp-json\/wp\/v2\/categories?post=411824"},{"taxonomy":"post_tag","embeddable":true,"href":"https:\/\/www.europesays.com\/fr\/wp-json\/wp\/v2\/tags?post=411824"}],"curies":[{"name":"wp","href":"https:\/\/api.w.org\/{rel}","templated":true}]}}