{"id":411828,"date":"2025-09-23T11:41:20","date_gmt":"2025-09-23T11:41:20","guid":{"rendered":"https:\/\/www.europesays.com\/fr\/411828\/"},"modified":"2025-09-23T11:41:20","modified_gmt":"2025-09-23T11:41:20","slug":"zucman-leurope-dette-le-bazooka-bruno-le-maire-donne-son-avis-sur-leconomie-francaise","status":"publish","type":"post","link":"https:\/\/www.europesays.com\/fr\/411828\/","title":{"rendered":"Zucman, l\u2019Europe, dette, le bazooka\u2026 Bruno Le Maire donne son avis sur l\u2019\u00e9conomie fran\u00e7aise"},"content":{"rendered":"<p>C\u2019est bien connu, les absents ont toujours raison. <a href=\"https:\/\/www.20minutes.fr\/dossier\/ministre_de_l_economie\" class=\"c-link c-link--is-underlined\" target=\"_blank\" rel=\"noopener\">Ministre de l\u2019Economie<\/a> historique sous Macron avant de sauter au 4876e changement de gouvernement, <a href=\"https:\/\/www.20minutes.fr\/dossier\/bruno_le_maire\" class=\"c-link c-link--is-underlined\" target=\"_blank\" rel=\"noopener\">Bruno Le Maire<\/a>, aujourd\u2019hui conseiller sp\u00e9cial d\u2019ASML, le g\u00e9ant n\u00e9erlandais des semi-conducteurs, a comment\u00e9 l\u2019actualit\u00e9 politique \u00e0 L\u2019Usine Nouvelle ce lundi. L\u2019ex-ministre s\u2019en prend violemment \u00e0 l\u2019Union europ\u00e9enne, qu\u2019il accuse d\u2019\u00e9touffer l\u2019industrie avec un \u00ab\u00a0cadre r\u00e9glementaire excessif\u00a0\u00bb et une obsession pour la \u00ab\u00a0normativit\u00e9\u00a0\u00bb. \u00ab\u00a0Nous sommes dirig\u00e9s par une bande de technocrates qui ne mesure pas la vitesse avec laquelle le monde se transforme\u00a0\u00bb, lance-t-il.<\/p>\n<p>Face aux mastodontes am\u00e9ricains et chinois, il exhorte l\u2019<a href=\"https:\/\/www.20minutes.fr\/dossier\/europe\" class=\"c-link c-link--is-underlined\" target=\"_blank\" rel=\"noopener\">Europe<\/a> \u00e0 \u00ab\u00a0montrer les dents\u00a0\u00bb et \u00e0 \u00ab\u00a0assumer un rapport de force\u00a0\u00bb. Il regrette que l\u2019UE \u00ab\u00a0affiche sa faiblesse\u00a0\u00bb, alors qu\u2019elle dispose d\u2019un \u00ab\u00a0bazooka\u00a0\u00bb avec l\u2019outil anti-coercition, qui permet de limiter l\u2019acc\u00e8s au march\u00e9 europ\u00e9en ou de contr\u00f4ler les exportations de technologies sensibles. \u00ab\u00a0Nous avons un bazooka mais nous ne voulons pas l\u2019utiliser\u00a0\u00bb, d\u00e9plore-t-il.<\/p>\n<p>La \u00ab\u00a0blessure profonde\u00a0\u00bb des comptes publics<\/p>\n<p>Revenant sur ses sept ans \u00e0 <a href=\"https:\/\/www.20minutes.fr\/dossier\/bercy\" class=\"c-link c-link--is-underlined\" target=\"_blank\" rel=\"noopener\">Bercy<\/a>, Le Maire admet des \u00e9checs\u00a0: la d\u00e9gradation de la note de la France est \u00ab\u00a0un \u00e9chec\u00a0\u00bb et l\u2019incapacit\u00e9 \u00e0 redresser les comptes, \u00ab\u00a0une blessure profonde\u00a0\u00bb. Mais il d\u00e9fend un bilan \u00ab\u00a0r\u00e9el\u00a0\u00bb, citant l\u2019ouverture de 650 usines, la relance des formations d\u2019ing\u00e9nieurs et le retour du nucl\u00e9aire. Tout \u00e7a mis \u00e0 mal par la dissolution, selon lui\u00a0: \u00ab\u00a0Les incertitudes politiques minent la confiance des investisseurs. R\u00e9sultat\u00a0: les d\u00e9faillances repartent \u00e0 la hausse et on d\u00e9truit \u00e0 nouveau des emplois industriels. Quel saccage\u00a0!\u00a0\u00bb<\/p>\n<\/p>\n<p>Sur la taxe Zucman, qui agite le d\u00e9bat politique, Le Maire balaie\u00a0: \u00ab\u00a0Cela revient \u00e0 se poser les mauvaises questions.\u00a0\u00bb Pour lui, la priorit\u00e9 est de cr\u00e9er des richesses avant de redistribuer. Il milite plut\u00f4t pour une taxe GAFAM, visant les g\u00e9ants du num\u00e9rique qui ne paient que \u00ab\u00a0quelques centaines de millions d\u2019euros d\u2019imp\u00f4ts dans les pays o\u00f9 ils font leurs b\u00e9n\u00e9fices, comme la France\u00a0\u00bb, et pour une taxation minimale des soci\u00e9t\u00e9s.<\/p>\n","protected":false},"excerpt":{"rendered":"C\u2019est bien connu, les absents ont toujours raison. Ministre de l\u2019Economie historique sous Macron avant de sauter au&hellip;\n","protected":false},"author":2,"featured_media":411829,"comment_status":"","ping_status":"","sticky":false,"template":"","format":"standard","meta":{"footnotes":""},"categories":[1586],"tags":[11,14846,11946,33,1073,1777,674,1011,27,8235,12,25],"class_list":{"0":"post-411828","1":"post","2":"type-post","3":"status-publish","4":"format-standard","5":"has-post-thumbnail","7":"category-europe","8":"tag-actualites","9":"tag-bercy","10":"tag-bruno-le-maire","11":"tag-economie","12":"tag-emmanuel-macron","13":"tag-eu","14":"tag-europe","15":"tag-fr","16":"tag-france","17":"tag-ministre-de-leconomie","18":"tag-news","19":"tag-republique-francaise"},"share_on_mastodon":{"url":"https:\/\/pubeurope.com\/@fr\/115253430454478723","error":""},"_links":{"self":[{"href":"https:\/\/www.europesays.com\/fr\/wp-json\/wp\/v2\/posts\/411828","targetHints":{"allow":["GET"]}}],"collection":[{"href":"https:\/\/www.europesays.com\/fr\/wp-json\/wp\/v2\/posts"}],"about":[{"href":"https:\/\/www.europesays.com\/fr\/wp-json\/wp\/v2\/types\/post"}],"author":[{"embeddable":true,"href":"https:\/\/www.europesays.com\/fr\/wp-json\/wp\/v2\/users\/2"}],"replies":[{"embeddable":true,"href":"https:\/\/www.europesays.com\/fr\/wp-json\/wp\/v2\/comments?post=411828"}],"version-history":[{"count":0,"href":"https:\/\/www.europesays.com\/fr\/wp-json\/wp\/v2\/posts\/411828\/revisions"}],"wp:featuredmedia":[{"embeddable":true,"href":"https:\/\/www.europesays.com\/fr\/wp-json\/wp\/v2\/media\/411829"}],"wp:attachment":[{"href":"https:\/\/www.europesays.com\/fr\/wp-json\/wp\/v2\/media?parent=411828"}],"wp:term":[{"taxonomy":"category","embeddable":true,"href":"https:\/\/www.europesays.com\/fr\/wp-json\/wp\/v2\/categories?post=411828"},{"taxonomy":"post_tag","embeddable":true,"href":"https:\/\/www.europesays.com\/fr\/wp-json\/wp\/v2\/tags?post=411828"}],"curies":[{"name":"wp","href":"https:\/\/api.w.org\/{rel}","templated":true}]}}