{"id":411836,"date":"2025-09-23T11:45:13","date_gmt":"2025-09-23T11:45:13","guid":{"rendered":"https:\/\/www.europesays.com\/fr\/411836\/"},"modified":"2025-09-23T11:45:13","modified_gmt":"2025-09-23T11:45:13","slug":"la-banque-ubs-va-verser-a-la-france-une-somme-astronomique-mais-loin-de-lamende-initiale","status":"publish","type":"post","link":"https:\/\/www.europesays.com\/fr\/411836\/","title":{"rendered":"La banque UBS va verser \u00e0 la France une somme astronomique (mais loin de l\u2019amende initiale)"},"content":{"rendered":"<p>        <img decoding=\"async\" loading=\"lazy\" src=\"https:\/\/www.europesays.com\/fr\/wp-content\/uploads\/2025\/09\/b6ffeee_upload-1-1mez2r6hi5dg-afp-20240206-34hq3my-v1-highres-switzerlandubsbankingearnings.jpg\"  width=\"728\" height=\"409\" alt=\"La banque suisse va s\u2019acquitter d\u2019une amende de 730\u00a0millions d\u2019euros, auxquels vont s\u2019ajouter 105\u00a0millions de r\u00e9parations civiles pour l\u2019\u00c9tat fran\u00e7ais.\"\/>  <\/p>\n<p>FABRICE COFFRINI \/ AFP<\/p>\n<p>La banque suisse va s\u2019acquitter d\u2019une amende de 730\u00a0millions d\u2019euros, auxquels vont s\u2019ajouter 105\u00a0millions de r\u00e9parations civiles pour l\u2019\u00c9tat fran\u00e7ais.<\/p>\n<p class=\"asset asset-text\">\u00c9CONOMIE &#8211; La banque suisse se r\u00e9sout \u00e0 passer \u00e0 la caisse. Dans l\u2019affaire de d\u00e9marchage illicite de riches clients et de blanchiment de fraude fiscale, <a href=\"https:\/\/www.huffingtonpost.fr\/international\/article\/ubs-accepte-finalement-de-racheter-le-credit-suisse_215444.html\" rel=\"nofollow noopener\" target=\"_blank\">la banque UBS<\/a> a annonc\u00e9 ce mardi 23\u00a0septembre son intention de r\u00e9gler 835\u00a0millions d\u2019euros \u00e0 la France pour mettre fin \u00e0 ce litige.<\/p>\n<p class=\"asset asset-text\">La banque suisse, active dans la gestion de fortune, va donc s\u2019acquitter d\u2019une amende de 730\u00a0millions d\u2019euros, auxquels vont s\u2019ajouter 105\u00a0millions de r\u00e9parations civiles pour l\u2019\u00c9tat fran\u00e7ais, indique-t-elle dans un communiqu\u00e9 au sujet de ce long dossier aux multiples rebondissements judiciaires qui lui avait valu une lourde amende en premi\u00e8re instance en 2019.<\/p>\n<p class=\"asset asset-text\">Ces montants sont pleinement couverts par des provisions, pr\u00e9cise-t-elle dans le communiqu\u00e9.<\/p>\n<p class=\"asset asset-text\">Une somme bien moins importante que ce que r\u00e9clamait au d\u00e9part l\u2019\u00c9tat fran\u00e7ais. En 2019, <a href=\"https:\/\/www.huffingtonpost.fr\/justice\/article\/fraude-fiscale-ubs-condamne-a-3-7-milliards-d-euros-d-amende_140258.html\" rel=\"nofollow noopener\" target=\"_blank\">UBS s\u2019\u00e9tait vue infliger une amende record de 3,7\u00a0milliards d\u2019euros<\/a> ainsi que 800\u00a0millions d\u2019euros de dommages et int\u00e9r\u00eats \u00e0 l\u2019\u00c9tat, partie civile, pour d\u00e9marchage illicite de clients entre 2004 et 2012.<\/p>\n<p class=\"asset asset-text\">Ces d\u00e9marchages illicites avaient \u00e9t\u00e9 rep\u00e9r\u00e9s lors de r\u00e9ceptions, concerts ou tournois de golf, pour les convaincre d\u2019ouvrir des comptes non d\u00e9clar\u00e9s en Suisse. Dans ce dossier, le g\u00e9ant bancaire avait toutefois fait appel et avait obtenu un all\u00e9gement ramenant les p\u00e9nalit\u00e9s \u00e0 un total de 1,8\u00a0milliard d\u2019euros. Il s\u2019\u00e9tait ensuite pourvu en cassation.<\/p>\n<p class=\"asset asset-text\">En 2023, la Cour de cassation avait bel et bien confirm\u00e9 la culpabilit\u00e9 de la banque. En revanche, elle avait annul\u00e9 sa condamnation \u00e0 1,8\u00a0milliard d\u2019euros et ordonn\u00e9 un nouveau proc\u00e8s concernant les peines et l\u2019indemnisation de l\u2019\u00c9tat.<\/p>\n<p>    Des accords \u00e0 la pelle    <\/p>\n<p class=\"asset asset-text\">Avec cette r\u00e9solution financi\u00e8re, UBS s\u2019enl\u00e8ve une nouvelle \u00e9pine du pied. Au mois d\u2019ao\u00fbt, elle avait d\u00e9j\u00e0 r\u00e9solu un autre litige en lien avec le Cr\u00e9dit Suisse et la crise des subprimes. UBS avait donc pay\u00e9 300\u00a0millions de dollars (259\u00a0millions d\u2019euros) dans le cadre d\u2019un accord concernant les obligations restantes de Cr\u00e9dit Suisse dans ce dossier portant sur les produits financiers adoss\u00e9s \u00e0 des emprunts hypoth\u00e9caires, a indiqu\u00e9 la banque dans un communiqu\u00e9.<\/p>\n<p class=\"asset asset-text\">Ces produits financiers avaient \u00e9t\u00e9 au c\u0153ur de la crise financi\u00e8re de 2008. Comme plusieurs banques am\u00e9ricaines, Cr\u00e9dit Suisse avait conclu un accord en 2017 pour clore une enqu\u00eate du d\u00e9partement de la justice moyennant une amende de 5,28\u00a0milliards de dollars.<\/p>\n<p class=\"asset asset-text\">En mai, UBS avait \u00e9galement r\u00e9solu un litige concernant Cr\u00e9dit Suisse en concluant un accord amiable avec le d\u00e9partement am\u00e9ricain de la justice pour r\u00e9soudre un dossier ancien concernant des questions d\u2019aide \u00e0 l\u2019\u00e9vasion fiscale, moyennant une p\u00e9nalit\u00e9 de 511\u00a0millions de dollars.<\/p>\n","protected":false},"excerpt":{"rendered":"FABRICE COFFRINI \/ AFP La banque suisse va s\u2019acquitter d\u2019une amende de 730\u00a0millions d\u2019euros, auxquels vont s\u2019ajouter 105\u00a0millions&hellip;\n","protected":false},"author":2,"featured_media":411837,"comment_status":"","ping_status":"","sticky":false,"template":"","format":"standard","meta":{"footnotes":""},"categories":[4],"tags":[11,7087,523,33,1011,27,303,12,25,54286],"class_list":{"0":"post-411836","1":"post","2":"type-post","3":"status-publish","4":"format-standard","5":"has-post-thumbnail","7":"category-france","8":"tag-actualites","9":"tag-amende","10":"tag-banque","11":"tag-economie","12":"tag-fr","13":"tag-france","14":"tag-justice","15":"tag-news","16":"tag-republique-francaise","17":"tag-ubs"},"share_on_mastodon":{"url":"https:\/\/pubeurope.com\/@fr\/115253446713346791","error":""},"_links":{"self":[{"href":"https:\/\/www.europesays.com\/fr\/wp-json\/wp\/v2\/posts\/411836","targetHints":{"allow":["GET"]}}],"collection":[{"href":"https:\/\/www.europesays.com\/fr\/wp-json\/wp\/v2\/posts"}],"about":[{"href":"https:\/\/www.europesays.com\/fr\/wp-json\/wp\/v2\/types\/post"}],"author":[{"embeddable":true,"href":"https:\/\/www.europesays.com\/fr\/wp-json\/wp\/v2\/users\/2"}],"replies":[{"embeddable":true,"href":"https:\/\/www.europesays.com\/fr\/wp-json\/wp\/v2\/comments?post=411836"}],"version-history":[{"count":0,"href":"https:\/\/www.europesays.com\/fr\/wp-json\/wp\/v2\/posts\/411836\/revisions"}],"wp:featuredmedia":[{"embeddable":true,"href":"https:\/\/www.europesays.com\/fr\/wp-json\/wp\/v2\/media\/411837"}],"wp:attachment":[{"href":"https:\/\/www.europesays.com\/fr\/wp-json\/wp\/v2\/media?parent=411836"}],"wp:term":[{"taxonomy":"category","embeddable":true,"href":"https:\/\/www.europesays.com\/fr\/wp-json\/wp\/v2\/categories?post=411836"},{"taxonomy":"post_tag","embeddable":true,"href":"https:\/\/www.europesays.com\/fr\/wp-json\/wp\/v2\/tags?post=411836"}],"curies":[{"name":"wp","href":"https:\/\/api.w.org\/{rel}","templated":true}]}}