{"id":411846,"date":"2025-09-23T11:51:09","date_gmt":"2025-09-23T11:51:09","guid":{"rendered":"https:\/\/www.europesays.com\/fr\/411846\/"},"modified":"2025-09-23T11:51:09","modified_gmt":"2025-09-23T11:51:09","slug":"pas-encore-sur-detre-a-100-mais-je-pense-que-ca-ira","status":"publish","type":"post","link":"https:\/\/www.europesays.com\/fr\/411846\/","title":{"rendered":"\u00ab Pas encore s\u00fbr d\u2019\u00eatre \u00e0 100 %, mais je pense que \u00e7a ira \u00bb"},"content":{"rendered":"<p>&#13;<\/p>\n<p><strong>Le Japonais retrouve Motegi pour son premier Grand Prix \u00e0 domicile  en MotoGP.<\/strong><\/p>\n<p>Bless\u00e9 \u00e0 la main et au pied gauche apr\u00e8s une lourde chute \u00e0 Misano, Ai Ogura n\u2019a pas pu participer au test post-GP en Italie. Mais le pilote Trackhouse sera bien pr\u00e9sent pour son Grand Prix national ce week-end \u00e0 Motegi. \u00ab C&rsquo;est l&rsquo;heure du Grand Prix \u00e0 domicile et ma main est en voie de gu\u00e9rison totale, confie-t-il. Je ne suis pas encore certain que nous serons \u00e0 100 % pour Motegi, mais je pense que cela devrait aller, au moins suffisamment pour piloter la moto. Je m&rsquo;efforce de faire de mon mieux jusqu&rsquo;\u00e0 vendredi et nous verrons bien comment cela se passera. \u00bb<\/p>\n<p>Motegi, Ogura le ma\u00eetrise plut\u00f4t bien. En Moto2, le Tokyo\u00efte y a sign\u00e9 une victoire et deux deuxi\u00e8mes places. En MotoGP, il d\u00e9couvrira la piste au guidon de la RS-GP. \u00ab Il s&rsquo;agit d&rsquo;un nouveau circuit sur une MotoGP et, bien s\u00fbr, la pression est l\u00e0, mais je pr\u00e9f\u00e8re ne pas trop penser au fait qu&rsquo;il s&rsquo;agit d&rsquo;un Grand Prix \u00e0 domicile., dit-il. Comme toujours, je donnerai le meilleur de moi-m\u00eame, quelle que soit la situation. Je souhaite simplement continuer \u00e0 travailler efficacement avec mon \u00e9quipe et donner 100 % devant les fans japonais.\u00bb<\/p>\n<p>&#13;<br \/>\n           &#13;<br \/>\n&#13;<br \/>\n    &#13;<br \/>\n    &#13;<\/p>\n","protected":false},"excerpt":{"rendered":"&#13; Le Japonais retrouve Motegi pour son premier Grand Prix \u00e0 domicile en MotoGP. Bless\u00e9 \u00e0 la main&hellip;\n","protected":false},"author":2,"featured_media":411847,"comment_status":"","ping_status":"","sticky":false,"template":"","format":"standard","meta":{"footnotes":""},"categories":[1413],"tags":[1011,27,1457,1456,60],"class_list":{"0":"post-411846","1":"post","2":"type-post","3":"status-publish","4":"format-standard","5":"has-post-thumbnail","7":"category-moto","8":"tag-fr","9":"tag-france","10":"tag-moto","11":"tag-motocycle","12":"tag-sports"},"share_on_mastodon":{"url":"https:\/\/pubeurope.com\/@fr\/115253469873023212","error":""},"_links":{"self":[{"href":"https:\/\/www.europesays.com\/fr\/wp-json\/wp\/v2\/posts\/411846","targetHints":{"allow":["GET"]}}],"collection":[{"href":"https:\/\/www.europesays.com\/fr\/wp-json\/wp\/v2\/posts"}],"about":[{"href":"https:\/\/www.europesays.com\/fr\/wp-json\/wp\/v2\/types\/post"}],"author":[{"embeddable":true,"href":"https:\/\/www.europesays.com\/fr\/wp-json\/wp\/v2\/users\/2"}],"replies":[{"embeddable":true,"href":"https:\/\/www.europesays.com\/fr\/wp-json\/wp\/v2\/comments?post=411846"}],"version-history":[{"count":0,"href":"https:\/\/www.europesays.com\/fr\/wp-json\/wp\/v2\/posts\/411846\/revisions"}],"wp:featuredmedia":[{"embeddable":true,"href":"https:\/\/www.europesays.com\/fr\/wp-json\/wp\/v2\/media\/411847"}],"wp:attachment":[{"href":"https:\/\/www.europesays.com\/fr\/wp-json\/wp\/v2\/media?parent=411846"}],"wp:term":[{"taxonomy":"category","embeddable":true,"href":"https:\/\/www.europesays.com\/fr\/wp-json\/wp\/v2\/categories?post=411846"},{"taxonomy":"post_tag","embeddable":true,"href":"https:\/\/www.europesays.com\/fr\/wp-json\/wp\/v2\/tags?post=411846"}],"curies":[{"name":"wp","href":"https:\/\/api.w.org\/{rel}","templated":true}]}}