{"id":411848,"date":"2025-09-23T11:52:15","date_gmt":"2025-09-23T11:52:15","guid":{"rendered":"https:\/\/www.europesays.com\/fr\/411848\/"},"modified":"2025-09-23T11:52:15","modified_gmt":"2025-09-23T11:52:15","slug":"pirelli-lance-sa-collection-lifestyle","status":"publish","type":"post","link":"https:\/\/www.europesays.com\/fr\/411848\/","title":{"rendered":"Pirelli lance sa collection Lifestyle"},"content":{"rendered":"<p>Les v\u00eatements et accessoires Pirelli existent depuis longtemps et ils sont maintenant rejoints par la Pirelli Lifestyle Collection 2025-2026, une ligne de v\u00eatements de la soci\u00e9t\u00e9 milanaise, qui fait ses d\u00e9buts \u00e0 Milan pendant la Fashion Week 2025.<\/p>\n<p>La collection capsule <a href=\"https:\/\/fr.motor1.com\/news\/772062\/technologie-bande-roulement-aston-martin\/\" data-inline-widget=\"internal-links\" data-type-id=\"0\" data-params=\"%7B%22article_edition_id%22%3A%22772062%22%2C%22section%22%3A%221%22%2C%22alias%22%3A%22technologie-bande-roulement-aston-martin%22%7D\" target=\"_blank\" rel=\"noopener\">Pirelli<\/a> est con\u00e7ue par\u00a0Denis Dekovic, un c\u00e9l\u00e8bre cr\u00e9ateur de mode ayant travaill\u00e9 chez Nike. L&rsquo;homme qui, en 2024, a renouvel\u00e9 le style des embl\u00e9matiques casquettes Pirelli port\u00e9es par les pilotes de Formule 1 sur le podium.<\/p>\n<p>Un classique revisit\u00e9<\/p>\n<blockquote>\n<p>\u00ab\u00a0L&rsquo;id\u00e9e \u00e9tait simple : prendre des v\u00eatements essentiels que tout le monde aime &#8211; un T-shirt, un sweat \u00e0 capuche, une veste de sport &#8211; et les rehausser gr\u00e2ce \u00e0 l&rsquo;artisanat et \u00e0 l&rsquo;attention port\u00e9e aux d\u00e9tails.\u00a0\u00bb<\/p>\n<\/blockquote>\n<p>C&rsquo;est ainsi que Dekovic explique la naissance de la Lifestyle Collection, compos\u00e9e de divers v\u00eatements tous con\u00e7us par Pirelli, avec des d\u00e9tails inspir\u00e9s du pass\u00e9 de l&rsquo;entreprise. Et pas seulement en ce qui concerne les pneus.<\/p>\n<p>                            <a href=\"http:\/\/fr.motor1.com\/photos\/912753\/pirelli-collection-lifestyle-2025-2026\/#8258893_collection-pirelli-lifestyle-2025-2026\" class=\"msnt-photo-thumb-gallery-main-photo-box\" target=\"_blank\" rel=\"noopener\"><\/p>\n<p>                                    <img decoding=\"async\" src=\"https:\/\/www.europesays.com\/fr\/wp-content\/uploads\/2025\/04\/16x9-tr.png\" loading=\"lazy\" alt=\"Collection PIRELLI Lifestyle 2025-2026 \" width=\"16\" height=\"9\"\/><\/p>\n<p>                            <\/a><\/p>\n<p>                                    <a href=\"http:\/\/fr.motor1.com\/photos\/912753\/pirelli-collection-lifestyle-2025-2026\/#8258893_collection-pirelli-lifestyle-2025-2026\" target=\"_blank\" rel=\"noopener\"><\/p>\n<p>                                            <img decoding=\"async\" src=\"https:\/\/www.europesays.com\/fr\/wp-content\/uploads\/2025\/09\/pirelli-lifestyle-collection-2025-2026.jpg\" loading=\"lazy\" alt=\"Collection PIRELLI Lifestyle 2025-2026 \" width=\"16\" height=\"9\"\/><\/p>\n<p>                                    <\/a><\/p>\n<p>\n                            Source: Pirelli                        <\/p>\n<p>En fait, Pirelli s&rsquo;est toujours concentr\u00e9 sur un type de communication diff\u00e9rent, aboutissant \u00e0 des campagnes c\u00e9l\u00e8bres accompagn\u00e9es de l&rsquo;affirmation \u00ab\u00a0Le pouvoir n&rsquo;est rien sans le contr\u00f4le\u00a0\u00bb avec des t\u00e9moignages tels que Carl Lewis (son embl\u00e9matique chaussure \u00e0 talon rouge) et Ronaldo.<\/p>\n<p>La collection<\/p>\n<p>La Pirelli Lifestyle Collection 2025 &#8211; 2026 comprend deux lignes : Racing Team et The Cal. La premi\u00e8re s&rsquo;inspire du monde du sport automobile et est disponible \u00e0 partir du 22 septembre 2025 tandis que la seconde, qui sera disponible en octobre, s&rsquo;inspire du c\u00e9l\u00e8bre calendrier Pirelli.<\/p>\n<p>        <img decoding=\"async\" src=\"https:\/\/www.europesays.com\/fr\/wp-content\/uploads\/2025\/04\/16x9-tr.png\" alt=\"Collection PIRELLI Lifestyle 2025-2026 \" width=\"16\" height=\"9\" loading=\"lazy\"\/><\/p>\n<p>Collection PIRELLI Lifestyle 2025-2026<\/p>\n<p>Photo : Pirelli<\/p>\n<p>La ligne Racing Team comprendra un t-shirt \u00e0 manches courtes et un autre \u00e0 manches longues, un sweat \u00e0 capuche et une veste en coton avec des manches en cuir. La ligne Cal, quant \u00e0 elle, comprend un t-shirt et deux vestes.<\/p>\n<p>Tous les v\u00eatements seront disponibles sur la <a href=\"https:\/\/store.pirelli.com\/\" target=\"_blank\" rel=\"noopener\">boutique en ligne officielle de Pirelli.<\/a><\/p>\n","protected":false},"excerpt":{"rendered":"Les v\u00eatements et accessoires Pirelli existent depuis longtemps et ils sont maintenant rejoints par la Pirelli Lifestyle Collection&hellip;\n","protected":false},"author":2,"featured_media":411849,"comment_status":"","ping_status":"","sticky":false,"template":"","format":"standard","meta":{"footnotes":""},"categories":[1412],"tags":[47392,1451,1452,1453,1454,1455,1011,27,60],"class_list":{"0":"post-411848","1":"post","2":"type-post","3":"status-publish","4":"format-standard","5":"has-post-thumbnail","7":"category-f1","8":"tag-curiositu00e9s","9":"tag-f1","10":"tag-formula-1","11":"tag-formula1","12":"tag-formule-1","13":"tag-formule1","14":"tag-fr","15":"tag-france","16":"tag-sports"},"share_on_mastodon":{"url":"https:\/\/pubeurope.com\/@fr\/115253474268655251","error":""},"_links":{"self":[{"href":"https:\/\/www.europesays.com\/fr\/wp-json\/wp\/v2\/posts\/411848","targetHints":{"allow":["GET"]}}],"collection":[{"href":"https:\/\/www.europesays.com\/fr\/wp-json\/wp\/v2\/posts"}],"about":[{"href":"https:\/\/www.europesays.com\/fr\/wp-json\/wp\/v2\/types\/post"}],"author":[{"embeddable":true,"href":"https:\/\/www.europesays.com\/fr\/wp-json\/wp\/v2\/users\/2"}],"replies":[{"embeddable":true,"href":"https:\/\/www.europesays.com\/fr\/wp-json\/wp\/v2\/comments?post=411848"}],"version-history":[{"count":0,"href":"https:\/\/www.europesays.com\/fr\/wp-json\/wp\/v2\/posts\/411848\/revisions"}],"wp:featuredmedia":[{"embeddable":true,"href":"https:\/\/www.europesays.com\/fr\/wp-json\/wp\/v2\/media\/411849"}],"wp:attachment":[{"href":"https:\/\/www.europesays.com\/fr\/wp-json\/wp\/v2\/media?parent=411848"}],"wp:term":[{"taxonomy":"category","embeddable":true,"href":"https:\/\/www.europesays.com\/fr\/wp-json\/wp\/v2\/categories?post=411848"},{"taxonomy":"post_tag","embeddable":true,"href":"https:\/\/www.europesays.com\/fr\/wp-json\/wp\/v2\/tags?post=411848"}],"curies":[{"name":"wp","href":"https:\/\/api.w.org\/{rel}","templated":true}]}}