{"id":411853,"date":"2025-09-23T11:55:13","date_gmt":"2025-09-23T11:55:13","guid":{"rendered":"https:\/\/www.europesays.com\/fr\/411853\/"},"modified":"2025-09-23T11:55:13","modified_gmt":"2025-09-23T11:55:13","slug":"je-vais-etre-la-recreation-pour-lui","status":"publish","type":"post","link":"https:\/\/www.europesays.com\/fr\/411853\/","title":{"rendered":"je vais \u00eatre la r\u00e9cr\u00e9ation pour lui"},"content":{"rendered":"<p>            <a href=\"https:\/\/www.journaldesfemmes.fr\/people\/magazine\/3241934-la-semaine-des-stars-lea-salame-prince-william-actu-people-france\/3241992-faustine-bollaert\" class=\"app_button_nav_prev jMiddlePreviousButton\" target=\"_blank\" rel=\"noopener\"><\/a><a href=\"https:\/\/www.journaldesfemmes.fr\/people\/magazine\/3241934-la-semaine-des-stars-lea-salame-prince-william-actu-people-france\/3241948-jean-paul-rouve\" class=\"app_button_nav_next jMiddleNextButton\" target=\"_blank\" rel=\"noopener\"><\/a><\/p>\n<p>                <img loading=\"lazy\" decoding=\"async\" src=\"https:\/\/www.europesays.com\/fr\/wp-content\/uploads\/2025\/09\/40047477.jpeg\" alt=\"\" width=\"250\" height=\"458\"\/><br \/>\n            <a href=\"https:\/\/img-3.journaldesfemmes.fr\/DaFMEhHm1EOgquIqaLJ7QShxaMs=\/640x\/smart\/ee8acbbd20d048f395d9278c33b15726\/ccmcms-jdf\/40047477.jpeg\" class=\"fancy app_btn_1 app_btn--ico\" target=\"_blank\" rel=\"noopener\"><\/a>Vincent Lagaf \u00a9\u00a0DELALANDE RAYMOND\/SIPA    <\/p>\n<p><strong>L\u00e9g\u00e8ret\u00e9<\/strong>. Vincent Lagaf est aux anges depuis que son fils Robin lui a donn\u00e9 un petit-fils n\u00e9 en ao\u00fbt dernier et sait d\u00e9j\u00e0 quel grand-p\u00e8re il va \u00eatre ! \u00ab\u00a0Je vais \u00eatre les deux extr\u00eames. Je vais \u00eatre hyper vigilant et hyper angoiss\u00e9 \u00e0 veiller \u00e0 ce qu&rsquo;il ne lui arrive rien, mais \u00e9videmment, je vais l&#8217;emmener faire toutes les conneries de la terre. Si son p\u00e8re me laisse faire\u00a0! (&#8230;) Je crois que je suis comme tous les papis, j&rsquo;ai envie de lui donner le meilleur. L&rsquo;\u00e9ducation, ce sont ses parents qui vont la lui donner. Moi, je vais \u00eatre la r\u00e9cr\u00e9ation pour lui\u00a0\u00bb, a expliqu\u00e9 l&rsquo;animateur de 65 ans \u00e0 T\u00e9l\u00e9-Loisirs.<\/p>\n","protected":false},"excerpt":{"rendered":"Vincent Lagaf \u00a9\u00a0DELALANDE RAYMOND\/SIPA L\u00e9g\u00e8ret\u00e9. Vincent Lagaf est aux anges depuis que son fils Robin lui a donn\u00e9&hellip;\n","protected":false},"author":2,"featured_media":411854,"comment_status":"","ping_status":"","sticky":false,"template":"","format":"standard","meta":{"footnotes":""},"categories":[1359],"tags":[54287,51761,58,59,52292,1011,27,51766,1031,973],"class_list":{"0":"post-411853","1":"post","2":"type-post","3":"status-publish","4":"format-standard","5":"has-post-thumbnail","7":"category-people","8":"tag-cms-journaldesfemmes-3241990","9":"tag-controller-content","10":"tag-divertissement","11":"tag-entertainment","12":"tag-format-reportage","13":"tag-fr","14":"tag-france","15":"tag-les-histoires-du-jdf","16":"tag-magazine","17":"tag-people"},"share_on_mastodon":{"url":"https:\/\/pubeurope.com\/@fr\/115253485853616097","error":""},"_links":{"self":[{"href":"https:\/\/www.europesays.com\/fr\/wp-json\/wp\/v2\/posts\/411853","targetHints":{"allow":["GET"]}}],"collection":[{"href":"https:\/\/www.europesays.com\/fr\/wp-json\/wp\/v2\/posts"}],"about":[{"href":"https:\/\/www.europesays.com\/fr\/wp-json\/wp\/v2\/types\/post"}],"author":[{"embeddable":true,"href":"https:\/\/www.europesays.com\/fr\/wp-json\/wp\/v2\/users\/2"}],"replies":[{"embeddable":true,"href":"https:\/\/www.europesays.com\/fr\/wp-json\/wp\/v2\/comments?post=411853"}],"version-history":[{"count":0,"href":"https:\/\/www.europesays.com\/fr\/wp-json\/wp\/v2\/posts\/411853\/revisions"}],"wp:featuredmedia":[{"embeddable":true,"href":"https:\/\/www.europesays.com\/fr\/wp-json\/wp\/v2\/media\/411854"}],"wp:attachment":[{"href":"https:\/\/www.europesays.com\/fr\/wp-json\/wp\/v2\/media?parent=411853"}],"wp:term":[{"taxonomy":"category","embeddable":true,"href":"https:\/\/www.europesays.com\/fr\/wp-json\/wp\/v2\/categories?post=411853"},{"taxonomy":"post_tag","embeddable":true,"href":"https:\/\/www.europesays.com\/fr\/wp-json\/wp\/v2\/tags?post=411853"}],"curies":[{"name":"wp","href":"https:\/\/api.w.org\/{rel}","templated":true}]}}