{"id":411855,"date":"2025-09-23T11:56:44","date_gmt":"2025-09-23T11:56:44","guid":{"rendered":"https:\/\/www.europesays.com\/fr\/411855\/"},"modified":"2025-09-23T11:56:44","modified_gmt":"2025-09-23T11:56:44","slug":"dans-solitude-augmentee-le-photographe-sacha-goldberger-fabrique-lami-imaginaire-des-anciens","status":"publish","type":"post","link":"https:\/\/www.europesays.com\/fr\/411855\/","title":{"rendered":"Dans \u00ab\u00a0Solitude augment\u00e9e\u00a0\u00bb, le photographe Sacha Goldberger fabrique \u00ab\u00a0l&rsquo;ami imaginaire\u00a0\u00bb des anciens"},"content":{"rendered":"<p>C&rsquo;est la plus grande galerie d&rsquo;exposition photographique de Paris\u00a0: la place de la Concorde. En face de l&rsquo;h\u00f4tel de la Marine, huit grands formats, des portraits grandeur nature, en imposent par leur simplicit\u00e9 et leur d\u00e9nuement. Huit personnes \u00e2g\u00e9es, de 77 \u00e0 90\u00a0ans, dans leur int\u00e9rieur, affrontent le regard. C&rsquo;est le projet Solitude augment\u00e9e de Sacha Goldberger, \u00e0 voir jusqu&rsquo;au 12\u00a0octobre.<\/p>\n<p>On le reconna\u00eet au premier coup d&rsquo;\u0153il quand il arrive place de la Concorde, orn\u00e9 de sa casquette Stetson, en gyroroue et sa fid\u00e8le chienne Rose \u00e0 sa suite. Dans un \u00e9clat de rire, il annonce un \u00ab\u00a0on ne se refait pas\u00a0\u00bb, tel un \u00e9ternel adolescent qui a d\u00e9cid\u00e9 de toujours s&rsquo;amuser.<\/p>\n<p>Lui, le photographe venu de la pub, a d\u00e9tourn\u00e9 les super-h\u00e9ros en version peinture flamande, sait se jouer des codes du cin\u00e9ma hollywoodien ou s&rsquo;inspirer de Hopper fa\u00e7on Tim Burton. Il n&rsquo;h\u00e9site pas en 2023 \u00e0 transformer le v\u00e9n\u00e9rable Pierre Richard en Clint Eastwood pour sa s\u00e9rie <a href=\"https:\/\/www.franceinfo.fr\/culture\/arts-expos\/photographie\/sur-la-promenade-des-anglais-de-nice-le-photographe-sacha-goldberger-interpelle-et-amuse-avec-ses-portraits-croises-de-stars_5675366.html\" rel=\"nofollow noopener\" target=\"_blank\">Portraits crois\u00e9s<\/a>, expos\u00e9e sur la promenade des Anglais \u00e0 Nice.<\/p>\n<p>Sa s\u00e9rie la plus connue est Mamika. Sacha Goldberger a photographi\u00e9 pendant quinze ans sa grand-m\u00e8re Frederika Goldberger, une survivante de la Seconde Guerre mondiale. Mais pas question de documenter la tristesse et l&rsquo;effondrement que provoque l&rsquo;\u00e2ge qui inexorablement fissure le corps et l&rsquo;esprit.<\/p>\n<p>    <img decoding=\"async\" class=\"cms-media-image lazyload\" alt=\"\" super=\"\" mamika=\"\" de=\"\" sacha=\"\" goldberger.=\"\" goldberger=\"\" width=\"720\" height=\"538.59375\" data- src=\"https:\/\/www.europesays.com\/fr\/wp-content\/uploads\/2025\/09\/super-mamika-boxe-4simplifie-68cc0601c4700510070145.jpg\"\/><\/p>\n<p>      \u00ab\u00a0Super Mamika\u00a0\u00bb de Sacha Goldberger. (SACHA GOLDBERGER)<\/p>\n<p>Le photographe transforme Federika en superh\u00e9ro\u00efne, en bikeuse, en noble flamande \u00e0 collerette. Jusqu&rsquo;\u00e0 ses 96\u00a0ans, la grand-m\u00e8re et le petit-fils fabriquent ces jeux de r\u00f4le hilarants et transforment la vieillesse en fous rires.<\/p>\n<p>Sacha Goldberger nous confie que son nouveau projet, Solitude augment\u00e9e, n&rsquo;est pas sans rappeler cette p\u00e9riode quand il s&rsquo;attaque avec l&rsquo;association Petits Fr\u00e8res des pauvres \u00e0 la solitude du troisi\u00e8me \u00e2ge\u00a0: \u00ab\u00a0Il va falloir \u00e0 un moment donn\u00e9 qu&rsquo;on revienne aux contacts humains et moi, je suis assez bien plac\u00e9 pour parler de \u00e7a. Ma grand-m\u00e8re est d\u00e9c\u00e9d\u00e9e maintenant, \u00e0 103\u00a0ans. J&rsquo;avais install\u00e9 mon bureau chez elle et on a pass\u00e9 quinze\u00a0ans de notre vie, tous les jours \u00e0 se parler, \u00e0 ne pas se parler, mais en tout cas \u00e0 \u00eatre ensemble.\u00a0\u00bb<\/p>\n<p>Elles et ils sont donc huit. La maladie, le deuil, la fatigue ou l&rsquo;ennui les ont \u00e9loign\u00e9s des autres, de leur famille, des voisins et des amis. Avec la chaleureuse complicit\u00e9 des Petits Fr\u00e8res des pauvres, Sacha Goldberger les a rencontr\u00e9s, photographi\u00e9s et interrog\u00e9s sur ce qui serait leur ami imaginaire. Celui qui peuple les longues heures de silence, celui avec qui ils dialoguent dans leurs appartements vides de toute autre pr\u00e9sence, celui avec qui ils r\u00eavent de d\u00e9jeuner&#8230;<\/p>\n<p>Pour Guy, ce sera Bruce Lee, idole de sa jeunesse. Pour Jeanne, Simone Veil pour papoter avec elle \u00e0 l&rsquo;heure du th\u00e9. Et pour \u00c9lodie en fauteuil roulant, ses amis seront J\u00e9sus et Marie pour une fl\u00e2nerie dans le quartier.<\/p>\n<p>    <img loading=\"lazy\" decoding=\"async\" class=\"cms-media-image lazyload\" alt=\"\" par=\"\" sacha=\"\" goldberger=\"\" pour=\"\" la=\"\" s=\"\" augment=\"\" width=\"720\" height=\"540\" data- src=\"https:\/\/www.europesays.com\/fr\/wp-content\/uploads\/2025\/09\/whatsapp-image-2025-09-18-a-12-39-01-40a7b343-68d0fefb53710305699940.jpg\"\/><\/p>\n<p>      \u00ab\u00a0\u00c9lodie\u00a0\u00bb par Sacha Goldberger pour la s\u00e9rie \u00ab\u00a0Solitude augment\u00e9e\u00a0\u00bb. (SACHA GOLDBERGER)<\/p>\n<p>Sacha Goldberger avait une pr\u00e9occupation, \u00e9viter le pathos de la vieillesse\u00a0: \u00ab\u00a0Le premier apport de cette exposition, je pense que c&rsquo;est la joie, et le deuxi\u00e8me, c&rsquo;est de se dire peut-\u00eatre qu&rsquo;il serait temps d&rsquo;aller voir nos grands-parents, le monsieur d&rsquo;\u00e0-c\u00f4t\u00e9 qui est tout seul, le monsieur qui ne sort pas de chez lui.\u00a0\u00bb<\/p>\n<p>Il rajoute : \u00ab\u00a0Je pense que pour faire passer des messages, il y a plusieurs fa\u00e7ons. La premi\u00e8re, c&rsquo;est le catastrophisme. Ah l\u00e0, l\u00e0, c&rsquo;est horrible. Regardez, elle est toute seule dans son ehpad et elle s&rsquo;est fait pipi dessus. La deuxi\u00e8me, c&rsquo;est l&rsquo;humour et le d\u00e9calage.\u00a0\u00bb Le photographe a choisi le d\u00e9calage.<\/p>\n<p>Pour r\u00e9aliser les v\u0153ux de ses huit solitaires, il a \u00e9cout\u00e9, il a recueilli les mots, les r\u00eaves, les espoirs ou d\u00e9sespoirs. Il raconte cette \u00e9mouvante exp\u00e9rience \u00e0 franceinfo\u00a0Culture\u00a0: \u00ab\u00a0En fait, tout le projet, c&rsquo;est de les entendre, et puis de voir avec qui ils aimeraient passer du temps. Mais surtout, c&rsquo;est aussi, apr\u00e8s le c\u00f4t\u00e9 ludique et le c\u00f4t\u00e9 tr\u00e8s humain des t\u00e9moignages, de s&rsquo;apercevoir que personne ne se regarde.\u00a0\u00bb<\/p>\n<p>Sacha Goldberger a fait appel \u00e0 la haute technologie pour exaucer leurs v\u0153ux. Du r\u00e9cit, il a cr\u00e9\u00e9, en toute complicit\u00e9 avec l&rsquo;IA, leurs amis imaginaires. Le photographe a ensuite peaufin\u00e9, int\u00e9gr\u00e9 \u00e0 l&rsquo;image d&rsquo;origine le travail de l&rsquo;intelligence artificielle. Ce tour de magie virtuel est po\u00e9tique et pour le visionner, un QR code accompagne la photographie.<\/p>\n<p>    <img decoding=\"async\" class=\"cms-media-image lazyload\" alt=\"\" lucille=\"\" par=\"\" sacha=\"\" goldberger.=\"\" s=\"\" augment=\"\" goldberger=\"\" width=\"720\" height=\"540.13503375844\" data- src=\"https:\/\/www.europesays.com\/fr\/wp-content\/uploads\/2025\/09\/01-lucille-102-b-1-1333x1000-68d0f56c3c5a8466219876.jpg\"\/><\/p>\n<p>      \u00ab\u00a0Lucille\u00a0\u00bb par Sacha Goldberger. S\u00e9rie \u00ab\u00a0Solitude augment\u00e9e\u00a0\u00bb. (SACHA GOLDBERGER)<\/p>\n<p>Ainsi, pour Lucille, 90\u00a0ans, un aigle royal appara\u00eet \u00e0 ses c\u00f4t\u00e9s. \u00c9mouvante confession, il enl\u00e8verait \u00ab\u00a0tout ce que je ne fais pas de bon\u00a0\u00bb. L&rsquo;ami imaginaire est parfois un partenaire de divan. La technologie est au service du message.<\/p>\n<p>Mais Sacha Goldberger tient \u00e0 revenir \u00e0 l&rsquo;humain\u00a0: \u00ab\u00a0Il y a un truc tr\u00e8s s\u00e9duisant dans le virtuel et on s&rsquo;aper\u00e7oit assez vite aussi que cela coupe du monde. Si vous vous baladez dans la rue, plus personne ne se regarde. Les gens, ils sont sur leur t\u00e9l\u00e9phone, dans le train, plus personne ne se regarde. Et moi, je pense que \u00e7a a \u00e9t\u00e9 formidable et qu&rsquo;il va falloir un moment donn\u00e9 qu&rsquo;on revienne aux contacts humains.\u00a0\u00bb<\/p>\n<p>[\u00c0 voir dans la vid\u00e9o qui suit]<\/p>\n<p>    <img decoding=\"async\" class=\"francetv-player-wrapper__image\" alt=\"Lucille de sacha Goldberger\"  width=\"432\" height=\"243\" src=\"https:\/\/www.europesays.com\/fr\/wp-content\/uploads\/2025\/09\/https:\/\/www.franceinfo.fr\/assets\/common\/images\/placeholder-direct-2846dc15.jpg\" fetchpriority=\"high\"\/><\/p>\n<p>              Lucille de sacha Goldberger<br \/>\n                    (CHRISTOPHE AIRAUD\/FRANCE TELEVISIONS)<\/p>\n<p>      1min<\/p>\n<p><strong>\u00ab\u00a0Solitude Augment\u00e9e\u00a0\u00bb &#8211; huit\u00a0portraits d&rsquo;hommes et de femmes par Sacha Goldberger pour les Petits Fr\u00e8res des pauvres dans le cadre de la biennale Photoclimat, jusqu&rsquo;au 12\u00a0octobre sur la place de la Concorde (Paris).<\/strong><\/p>\n<p><strong>\u00c0 voir aussi \u00ab\u00a0Daydreams\u00a0\u00bb par le photographe Sacha Goldberger, jusqu&rsquo;au 29\u00a0octobre \u00e0 la Galerie\u00a0XII (Paris\u00a0IV).<\/strong><strong\/><\/p>\n","protected":false},"excerpt":{"rendered":"C&rsquo;est la plus grande galerie d&rsquo;exposition photographique de Paris\u00a0: la place de la Concorde. En face de l&rsquo;h\u00f4tel&hellip;\n","protected":false},"author":2,"featured_media":411856,"comment_status":"","ping_status":"","sticky":false,"template":"","format":"standard","meta":{"footnotes":""},"categories":[1358],"tags":[1348,1384,1385,1386,58,59,1011,27],"class_list":{"0":"post-411855","1":"post","2":"type-post","3":"status-publish","4":"format-standard","5":"has-post-thumbnail","7":"category-arts-et-design","8":"tag-arts","9":"tag-arts-and-design","10":"tag-arts-et-design","11":"tag-design","12":"tag-divertissement","13":"tag-entertainment","14":"tag-fr","15":"tag-france"},"share_on_mastodon":{"url":"https:\/\/pubeurope.com\/@fr\/115253489760173505","error":""},"_links":{"self":[{"href":"https:\/\/www.europesays.com\/fr\/wp-json\/wp\/v2\/posts\/411855","targetHints":{"allow":["GET"]}}],"collection":[{"href":"https:\/\/www.europesays.com\/fr\/wp-json\/wp\/v2\/posts"}],"about":[{"href":"https:\/\/www.europesays.com\/fr\/wp-json\/wp\/v2\/types\/post"}],"author":[{"embeddable":true,"href":"https:\/\/www.europesays.com\/fr\/wp-json\/wp\/v2\/users\/2"}],"replies":[{"embeddable":true,"href":"https:\/\/www.europesays.com\/fr\/wp-json\/wp\/v2\/comments?post=411855"}],"version-history":[{"count":0,"href":"https:\/\/www.europesays.com\/fr\/wp-json\/wp\/v2\/posts\/411855\/revisions"}],"wp:featuredmedia":[{"embeddable":true,"href":"https:\/\/www.europesays.com\/fr\/wp-json\/wp\/v2\/media\/411856"}],"wp:attachment":[{"href":"https:\/\/www.europesays.com\/fr\/wp-json\/wp\/v2\/media?parent=411855"}],"wp:term":[{"taxonomy":"category","embeddable":true,"href":"https:\/\/www.europesays.com\/fr\/wp-json\/wp\/v2\/categories?post=411855"},{"taxonomy":"post_tag","embeddable":true,"href":"https:\/\/www.europesays.com\/fr\/wp-json\/wp\/v2\/tags?post=411855"}],"curies":[{"name":"wp","href":"https:\/\/api.w.org\/{rel}","templated":true}]}}