{"id":411864,"date":"2025-09-23T12:01:10","date_gmt":"2025-09-23T12:01:10","guid":{"rendered":"https:\/\/www.europesays.com\/fr\/411864\/"},"modified":"2025-09-23T12:01:10","modified_gmt":"2025-09-23T12:01:10","slug":"bulletin-n9-septembre-2025","status":"publish","type":"post","link":"https:\/\/www.europesays.com\/fr\/411864\/","title":{"rendered":"Bulletin N\u00b09 \u2013 Septembre 2025"},"content":{"rendered":"<p><strong>Le congr\u00e8s de de r\u00e9f\u00e9rence de vaccinologie Fran\u00e7ais (JPIPA) coordonn\u00e9 par InfoVac aura lieu le 11 octobre 2025 \u00e0 la maison de la Chimie (Paris). Si vous voulez vous inscrire, <\/strong><a href=\"https:\/\/www.congres-pipa.fr\/page\/0c3b-accueil\/\" target=\"_blank\" rel=\"noreferrer noopener\"><strong>cliquez ici<\/strong><\/a><strong>, l\u2019\u00e9quipe d\u2019InfoVac vous y attend.<\/strong><\/p>\n<p><strong>1. Du c\u00f4t\u00e9 des autorit\u00e9s<\/strong><\/p>\n<p>Le DGS-Urgent du 12 septembre 2025 signale une <strong>augmentation <\/strong>des cas <strong>d\u2019h\u00e9patite A en France,<\/strong> avec des \u00e9pid\u00e9mies notables dans les Pays de la Loire et en r\u00e9gion Rh\u00f4ne-Alpes. <a href=\"https:\/\/eye.diffusion.dgs-urgent.sante.gouv.fr\/m2?r=wAXNCHe4NWUyNzBmMmMxMWNlNjIyZGYxNDczODlhxBDr0MQJ7NCR70HQu9Cf0NJnO-DQsTE9uDYxMjhiZWRlNWUwNjBmNDRlNDcyZjQ5NLdyb2JlcnQuY29oZW5Ad2FuYWRvby5mcqDcABXZJDA5Mjc5Nzk4LWIxMjAtNDQyOC04YmRjLTY0YjM5MTFlMjFiZqDZJDBmN2E1MWE0LTZlOGUtNDUwYy1iNWU0LTNlYTU4NTY0Mjg1NqDZJDI2ODg1YzIyLTg4ZmMtNDhhZS05NDRmLTAyNjNjZGJlZDUzOKDZJDM2ZWQ4MWMxLWFjOGItNDRmNC05NGVmLTQ5NGNjMzEwODE4Y6k5NDEwNzE3MzDZJDNkZjE5OTVjLTEzOTYtNDI1ZC05MDcxLTczMTUwY2VhYWJlNaVDb2hlbtkkNGJmMzUwOTAtNDNkZi00NDE2LWJjYWQtM2ZhYzYzNmI2Zjc4qE3DqWRlY2lu2SQ1MTA4ZjM0Ny1iNzBhLTQ1YzYtOThiOC01NDIxYjk5NTlhOTikREdTVdkkNjhhMzBmZmUtZmU4MS00MTY0LWI4MTQtYjdlNGJmZDFmZDc2ojk02SQ5NGFjYjIwMC1iZDY0LTRjMmMtYTJiYy1kOTFiYzI5OWIxNTigqkNPTlRBQ1RfSUS2b0ptTHdxdU5SbS1PTHVYSUx4RGJvQbNFTUFJTF9DT1JSRUNUSU9OX0lEoLFPUklHSU5fQ0FQVElPTl9JRNlAMWRjMjg4YmItMmE4MS00MTM2LThlNjUtYzY3YzRiZDM5MDU4XzIwMjUtMDktMTFfMTgtMTgtMDEtNjc2LmNzdq5PUklHSU5fS0lORF9JRKRMSVNUs1BIT05FX0NPUlJFQ1RJT05fSUSgqFNUQVRFX0lEpk5PUk1BTKljcmVhdGVkQXS7MjAyNS0wOS0wM1QwNzoxNzozNC4xNjg0OTJaqWNyZWF0ZWRCebg2NTBjMzRiNDE5OGQ4OTZjNDZkNGU1MGbZJGQxZmY5NGExLTU2M2QtNGFmMC1iYjBlLWQ5ZTk3ZjdlYjBhOaZSb2JlcnSqbW9kaWZpZWRBdLsyMDI1LTA5LTAzVDA3OjE3OjM0LjE2ODQ5MlqqbW9kaWZpZWRCebg2NTBjMzRiNDE5OGQ4OTZjNDZkNGU1MGamc291cmNlo0FQSbY3VnJGYW80d1JuT3FUREwyaXdocUlBoA==\" target=\"_blank\" rel=\"noreferrer noopener\">En cliquant ici<\/a>, vous acc\u00e9dez \u00e0 ce DGS-Urgent ainsi qu\u2019aux mesures pr\u00e9ventives \u00e0 mettre en \u0153uvre dans l\u2019entourage d\u2019un cas.<\/p>\n<p>Le DGS-Urgent du 16 septembre 2025 pr\u00e9cise quant \u00e0 lui les modalit\u00e9s de vaccination contre la <strong>grippe et la COVID pour la saison 2025-2026<\/strong>. La campagne de vaccination d\u00e9butera le 14 octobre pour les deux. Si vous souhaitez des pr\u00e9cisions sur les indications, les vaccins et les sch\u00e9mas vaccinaux, <a href=\"https:\/\/eye.diffusion.dgs-urgent.sante.gouv.fr\/m2?r=wAXNCHy4NWUyNzBmMmMxMWNlNjIyZGYxNDczODlhxBAJHfhv0KEDS-_QmlNxOvQ17dDRuDYxMjhiZWRlNWUwNjBmNDRlNDcyZjQ5NLdyb2JlcnQuY29oZW5Ad2FuYWRvby5mcqDcABXZJDA1YWI4YTJkLTI3ODEtNDdlNi04NTdhLTZkMWQ5NmNkMTc3MKDZJDExYjAzZWUwLWEzMDctNDRkYi05ZjlhLWUzZjc2OWU2MTAwZKDZJDI2MDNmZDNmLTkzMjctNDAzNi1hZjk5LTlmMThjN2JkZGQ3YqDZJDJhYjc2YTYxLTdjYjMtNDBlZi05NWY1LTNkODA3ZDEwY2RlYqk5NDEwNzE3MzDZJDg5MzU4NjcxLWQzYzItNDMwYS1hNGY0LWI5MjY5ZWEzMTcyNqDZJDlmYzlmNTAzLWUyNTUtNGIzMC05ODFjLTRhMDM2NTNmZmY4MaVDb2hlbqpDT05UQUNUX0lEtkJlbkQ5aW5JVG8yN2JRUTF2Y19zZkGzRU1BSUxfQ09SUkVDVElPTl9JRKCxT1JJR0lOX0NBUFRJT05fSUTZQGVjMmViMjI5LWEwZjktNGMxMi04OTM1LTkwNDI0YmVlMzExYl8yMDI1LTA5LTE3XzEzLTMyLTUwLTI0Ny5jc3auT1JJR0lOX0tJTkRfSUSkTElTVLNQSE9ORV9DT1JSRUNUSU9OX0lEoKhTVEFURV9JRKZOT1JNQUzZJGM3NWU3YjE3LTQwMWUtNGU5OS1hNjJlLWM0ZmFkZjRjMmIxYqI5NKljcmVhdGVkQXS7MjAyNS0wOS0xNFQwNzozNjozNi44Mjc4OTZaqWNyZWF0ZWRCebg2NTBjMzRiNDE5OGQ4OTZjNDZkNGU1MGbZJGQ1YjhjZjE4LTA1MGEtNDE4ZC1hM2UyLTdlOTczMmRkNDBmYqRER1NV2SRlMmQ0ZmY2OC02NTY3LTQ2M2UtYjNmYy00YzA5NzQ0M2RkZDKmUm9iZXJ02SRlZThmZTU1Ny02NzBiLTQ0OGItOWQxOC1kMGI1YTJmOGQ3ODSoTcOpZGVjaW6qbW9kaWZpZWRBdLsyMDI1LTA5LTE0VDA3OjM2OjM2LjgyNzg5NlqqbW9kaWZpZWRCebg2NTBjMzRiNDE5OGQ4OTZjNDZkNGU1MGamc291cmNlo0FQSbZhcGRMNlRjVFRMYVNJSk9hRGlPeGJBoA==\" target=\"_blank\" rel=\"noreferrer noopener\">cliquez ici<\/a>.<\/p>\n<p><strong>2. Pour votre information. <\/strong>Le congr\u00e8s de vaccinologie de <a href=\"https:\/\/www.escmid.org\/fileadmin\/escmid\/media\/pdf\/conferences\/converence_on_vaccines\/2025\/Scientific_Programme_Conference_on_Vaccines_2025.pdf\" target=\"_blank\" rel=\"noreferrer noopener\">l\u2019ESCMID<\/a> s\u2019est tenu \u00e0 Lisbonne du 10 au 13 septembre 2025, avec de nombreuses nouveaut\u00e9s. Infovac y \u00e9tait\u00a0:<\/p>\n<p><strong>Les autorit\u00e9s britanniques<\/strong> y ont pr\u00e9sent\u00e9 \u00e0 la fois les taux de couverture vaccinale et l\u2019efficacit\u00e9 du <strong>vaccin antigrippal vivant nasal<\/strong>. La couverture vaccinale en Angleterre avoisine 60 % chez l\u2019enfant, gr\u00e2ce notamment \u00e0 la vaccination scolaire et surtout \u00e0 l\u2019utilisation du vaccin nasal. Pour la saison 2024-2025, environ 70 % des cas de grippe \u00e9taient li\u00e9s \u00e0 un virus A, H1N1 et H3N2 \u00e0 parts quasi \u00e9gales, et 30 % \u00e0 un virus B. L\u2019efficacit\u00e9 observ\u00e9e en vie r\u00e9elle a \u00e9t\u00e9 estim\u00e9e \u00e0 environ 60 %. Rappelons que ce vaccin nasal, en raison d\u2019une d\u00e9cision \u2018abracadabrantesque\u2019 de la Commission de Transparence qui n\u2019a pas reconnu d\u2019ASMR par rapport au vaccin injectable, n\u2019est toujours pas disponible en France, ce qui explique, avec l\u2019absence de recommandation dans la population p\u00e9diatrique non \u00e0 risque, que les taux de couverture vaccinale soient quasiment nuls chez l\u2019enfant, y compris dans les groupes \u00e0 risque.<\/p>\n<p>Concernant le pneumocoque, deux \u00e9tudes m\u00e9ritent d\u2019\u00eatre mises en avant. La premi\u00e8re portait sur l\u2019immunog\u00e9nicit\u00e9 du VP116 (Capvaxive\u00ae) chez l\u2019enfant et l\u2019adolescent \u00e0 risque. Elle montre que ce vaccin est non seulement mieux adapt\u00e9 \u00e0 l\u2019\u00e9pid\u00e9miologie de ces enfants que le Pneumovax\u00ae (vaccin polysaccharidique 23-valent non conjugu\u00e9), mais aussi significativement plus immunog\u00e8ne. La seconde \u00e9tude portait sur l\u2019efficacit\u00e9 en vie r\u00e9elle du Prevenar 20\u00ae dans une cohorte de 16 millions d\u2019adultes am\u00e9ricains. Par rapport aux non-vaccin\u00e9s, les sujets vaccin\u00e9s par le Prevenar 20\u00ae pr\u00e9sentaient une r\u00e9duction du risque de 25,6 % pour les infections invasives et de 15,2 % pour les pneumonies.<\/p>\n<p>En ce qui concerne <strong>l\u2019h\u00e9patite B,<\/strong> une \u00e9tude a fait le point sur les rares \u00e9checs de la vaccination. Ceux-ci restent exceptionnels et b\u00e9nins, se traduisant essentiellement par une PCR transitoirement positive pendant quelques jours, sans \u00e9volution clinique d\u00e9favorable. Ils concernent surtout les nouveau-n\u00e9s de m\u00e8res infect\u00e9es par le virus de l\u2019h\u00e9patite B, soulignant l\u2019importance de la surveillance et du suivi vaccinal chez ces enfants, ainsi que les immunod\u00e9prim\u00e9s. Ils pourraient \u00eatre favoris\u00e9s par des mutations sur l\u2019antig\u00e8ne HBs.<\/p>\n<p><strong>3) En r\u00e9ponse \u00e0 vos questions. Un nourrisson de 7 mois a \u00e9t\u00e9 expos\u00e9 \u00e0 un cousin atteint d\u2019une h\u00e9patite A confirm\u00e9e vivant sous le m\u00eame toit. Dois-je et puis-je le vacciner\u00a0?<\/strong> L\u2019AMM des vaccins h\u00e9patite A d\u00e9bute \u00e0 un an, mais plusieurs \u00e9tudes ont montr\u00e9 que ces vaccins sont immunog\u00e8nes d\u00e8s 6 mois, m\u00eame si la r\u00e9ponse anticorps est diminu\u00e9e par les anticorps maternels anti-HAV (effet blunting). La s\u00e9ropr\u00e9valence ayant beaucoup diminu\u00e9 avec l\u2019am\u00e9lioration des conditions d\u2019hygi\u00e8ne, de nombreuses m\u00e8res n\u2019ont pas d\u2019anticorps. Les \u00c9tats-Unis et le Canada recommandent la vaccination d\u00e8s six mois dans ce type de situation, c\u2019est ce que nous vous conseillons en programmant une 2\u00e8me dose apr\u00e8s 1 an.<\/p>\n<p><strong>Je suis confront\u00e9e \u00e0 de nombreuses situations ou des femmes ont re\u00e7u Abrysvo\u00ae en d\u00e9but d\u2019ann\u00e9e sur une fin de grossesse, les enfants \u00e9tant n\u00e9s apr\u00e8s le 1er F\u00e9vrier 2025. Dans ces cas, \u00e9tant donn\u00e9 la dur\u00e9e de protection par la vaccination, faut-il proposer le Beyfortus\u00ae\u00a0?<\/strong> La question que vous posez est r\u00e9currente. Plus de 90 000 doses d\u2019Abrysvo\u00ae ont \u00e9t\u00e9 administr\u00e9es en France, une partie apr\u00e8s le 1er janvier. \u00c0 ce jour, il n\u2019existe aucune donn\u00e9e clinique montrant une efficacit\u00e9 du vaccin au-del\u00e0 de 6 mois. Le c\u00f4t\u00e9 positif est que ces enfants auront au moins 9 mois lors de l\u2019\u00e9pid\u00e9mie de VRS, qui d\u00e9bute rarement avant novembre et s\u2019ach\u00e8ve le plus souvent avant janvier, ce qui limite le risque de bronchiolite grave. Le c\u00f4t\u00e9 n\u00e9gatif est qu\u2019ils seront moins bien prot\u00e9g\u00e9s que les enfants dont les m\u00e8res n\u2019ont pas \u00e9t\u00e9 vaccin\u00e9es et qui, eux, b\u00e9n\u00e9ficient du Beyfortus\u00ae jusqu\u2019\u00e0 l\u2019\u00e2ge d\u2019un an. M\u00eame si la protection est surtout cruciale dans les premiers mois de vie, il est n\u00e9anmoins probable qu\u2019\u00e0 neuf mois, l\u2019administration de l\u2019anticorps monoclonal apporte encore un b\u00e9n\u00e9fice, notamment en r\u00e9duisant le risque de bronchiolites notamment ambulatoires et d\u2019otites. Cette situation soul\u00e8ve un vrai malaise, car les recommandations actuelles ne tiennent absolument pas compte du co\u00fbt. \u00c0 titre individuel, il est difficile d\u2019affirmer qu\u2019un enfant ne tirerait aucun b\u00e9n\u00e9fice de cette injection, mais \u00e0 l\u2019\u00e9chelle collective, le risque de gabegie est manifeste.<\/p>\n<p><strong>Naviguez sur le site InfoVac\u2026 Il a fait peau neuve\u2026<\/strong><\/p>\n<p><strong>Robert Cohen, Pierre Bakhache, Pierre B\u00e9gu\u00e9, Jo\u00ebl Gaudelus, Marie-Aliette Dommergues, V\u00e9ronique Dufour, Herv\u00e9 Haas, Isabelle Hau, C\u00e9cile Janssen, Maeva Lefebvre, Didier Pinquier, Anne-Sophie Romain, Georges Thiebault, Franck Thollot, Fran\u00e7ois Vie le Sage, Catherine Weil-Olivier, Odile Launay.<\/strong><\/p>\n","protected":false},"excerpt":{"rendered":"Le congr\u00e8s de de r\u00e9f\u00e9rence de vaccinologie Fran\u00e7ais (JPIPA) coordonn\u00e9 par InfoVac aura lieu le 11 octobre 2025&hellip;\n","protected":false},"author":2,"featured_media":411865,"comment_status":"","ping_status":"","sticky":false,"template":"","format":"standard","meta":{"footnotes":""},"categories":[10],"tags":[35641,35643,1011,27,29786,72,54288,35642,49632,71,16379],"class_list":{"0":"post-411864","1":"post","2":"type-post","3":"status-publish","4":"format-standard","5":"has-post-thumbnail","7":"category-sante","8":"tag-abrysvo","9":"tag-beyfortus","10":"tag-fr","11":"tag-france","12":"tag-grippe","13":"tag-health","14":"tag-hepatite-b","15":"tag-nirsevimab","16":"tag-rsv","17":"tag-sante","18":"tag-vrs"},"share_on_mastodon":{"url":"https:\/\/pubeurope.com\/@fr\/115253509130624010","error":""},"_links":{"self":[{"href":"https:\/\/www.europesays.com\/fr\/wp-json\/wp\/v2\/posts\/411864","targetHints":{"allow":["GET"]}}],"collection":[{"href":"https:\/\/www.europesays.com\/fr\/wp-json\/wp\/v2\/posts"}],"about":[{"href":"https:\/\/www.europesays.com\/fr\/wp-json\/wp\/v2\/types\/post"}],"author":[{"embeddable":true,"href":"https:\/\/www.europesays.com\/fr\/wp-json\/wp\/v2\/users\/2"}],"replies":[{"embeddable":true,"href":"https:\/\/www.europesays.com\/fr\/wp-json\/wp\/v2\/comments?post=411864"}],"version-history":[{"count":0,"href":"https:\/\/www.europesays.com\/fr\/wp-json\/wp\/v2\/posts\/411864\/revisions"}],"wp:featuredmedia":[{"embeddable":true,"href":"https:\/\/www.europesays.com\/fr\/wp-json\/wp\/v2\/media\/411865"}],"wp:attachment":[{"href":"https:\/\/www.europesays.com\/fr\/wp-json\/wp\/v2\/media?parent=411864"}],"wp:term":[{"taxonomy":"category","embeddable":true,"href":"https:\/\/www.europesays.com\/fr\/wp-json\/wp\/v2\/categories?post=411864"},{"taxonomy":"post_tag","embeddable":true,"href":"https:\/\/www.europesays.com\/fr\/wp-json\/wp\/v2\/tags?post=411864"}],"curies":[{"name":"wp","href":"https:\/\/api.w.org\/{rel}","templated":true}]}}