{"id":411868,"date":"2025-09-23T12:03:20","date_gmt":"2025-09-23T12:03:20","guid":{"rendered":"https:\/\/www.europesays.com\/fr\/411868\/"},"modified":"2025-09-23T12:03:20","modified_gmt":"2025-09-23T12:03:20","slug":"il-photographie-un-aigle-ce-quil-tient-dans-ses-serres-est-ahurissant","status":"publish","type":"post","link":"https:\/\/www.europesays.com\/fr\/411868\/","title":{"rendered":"Il photographie un aigle : ce qu\u2019il tient dans ses serres est ahurissant"},"content":{"rendered":"<p class=\"wp-block-post-author__name\">John de Zimbalam<\/p>\n<p class=\"wp-block-post-author__bio\">John est un r\u00e9dacteur passionn\u00e9 et exp\u00e9riment\u00e9, sp\u00e9cialis\u00e9 dans la couverture de l&rsquo;actualit\u00e9 musicale. Fort de son expertise et de sa cr\u00e9ativit\u00e9, il apporte un regard unique sur les artistes, les labels et les tendances de l&rsquo;industrie. Son engagement envers la qualit\u00e9 et l&rsquo;authenticit\u00e9 se refl\u00e8te dans ses articles informatifs et captivants.<\/p>\n","protected":false},"excerpt":{"rendered":"John de Zimbalam John est un r\u00e9dacteur passionn\u00e9 et exp\u00e9riment\u00e9, sp\u00e9cialis\u00e9 dans la couverture de l&rsquo;actualit\u00e9 musicale. Fort&hellip;\n","protected":false},"author":2,"featured_media":411869,"comment_status":"","ping_status":"","sticky":false,"template":"","format":"standard","meta":{"footnotes":""},"categories":[8],"tags":[54289,15730,1446,58,59,932,1011,27,1756,18017,37009,2407,7728],"class_list":{"0":"post-411868","1":"post","2":"type-post","3":"status-publish","4":"format-standard","5":"has-post-thumbnail","7":"category-divertissement","8":"tag-ahurissant","9":"tag-aigle","10":"tag-dans","11":"tag-divertissement","12":"tag-entertainment","13":"tag-est","14":"tag-fr","15":"tag-france","16":"tag-photographie","17":"tag-quil","18":"tag-serres","19":"tag-ses","20":"tag-tient"},"share_on_mastodon":{"url":"https:\/\/pubeurope.com\/@fr\/115253517279596823","error":""},"_links":{"self":[{"href":"https:\/\/www.europesays.com\/fr\/wp-json\/wp\/v2\/posts\/411868","targetHints":{"allow":["GET"]}}],"collection":[{"href":"https:\/\/www.europesays.com\/fr\/wp-json\/wp\/v2\/posts"}],"about":[{"href":"https:\/\/www.europesays.com\/fr\/wp-json\/wp\/v2\/types\/post"}],"author":[{"embeddable":true,"href":"https:\/\/www.europesays.com\/fr\/wp-json\/wp\/v2\/users\/2"}],"replies":[{"embeddable":true,"href":"https:\/\/www.europesays.com\/fr\/wp-json\/wp\/v2\/comments?post=411868"}],"version-history":[{"count":0,"href":"https:\/\/www.europesays.com\/fr\/wp-json\/wp\/v2\/posts\/411868\/revisions"}],"wp:featuredmedia":[{"embeddable":true,"href":"https:\/\/www.europesays.com\/fr\/wp-json\/wp\/v2\/media\/411869"}],"wp:attachment":[{"href":"https:\/\/www.europesays.com\/fr\/wp-json\/wp\/v2\/media?parent=411868"}],"wp:term":[{"taxonomy":"category","embeddable":true,"href":"https:\/\/www.europesays.com\/fr\/wp-json\/wp\/v2\/categories?post=411868"},{"taxonomy":"post_tag","embeddable":true,"href":"https:\/\/www.europesays.com\/fr\/wp-json\/wp\/v2\/tags?post=411868"}],"curies":[{"name":"wp","href":"https:\/\/api.w.org\/{rel}","templated":true}]}}