{"id":411870,"date":"2025-09-23T12:04:15","date_gmt":"2025-09-23T12:04:15","guid":{"rendered":"https:\/\/www.europesays.com\/fr\/411870\/"},"modified":"2025-09-23T12:04:15","modified_gmt":"2025-09-23T12:04:15","slug":"votre-iphone-17-a-des-problemes-de-wi-fi-vous-netes-pas-seul","status":"publish","type":"post","link":"https:\/\/www.europesays.com\/fr\/411870\/","title":{"rendered":"Votre iPhone\u00a017 a des probl\u00e8mes de Wi-Fi\u2009? Vous n\u2019\u00eates pas seul"},"content":{"rendered":"<p>La sortie d\u2019un nouveau t\u00e9l\u00e9phone s\u2019accompagne toujours de la d\u00e9couverte de petits bugs inattendus. Pour la gamme des iPhone\u00a017 et de l\u2019iPhone Air, il semblerait qu\u2019il s\u2019agisse d\u2019un bug avec la connexion Wi-Fi des mobiles.<\/p>\n<p><a target=\"_blank\" href=\"https:\/\/images.frandroid.com\/wp-content\/uploads\/2025\/09\/apple-event-september-9-58-54-screenshot.jpg\" class=\"article-content__figure\" rel=\"noopener\"><img fetchpriority=\"high\" decoding=\"async\" loading=\"eager\" width=\"1200\" height=\"675\" src=\"https:\/\/www.europesays.com\/fr\/wp-content\/uploads\/2025\/09\/apple-event-september-9-58-54-screenshot.jpg\" alt=\"\" class=\"wp-image-2789165 wp-image wp-image\"  \/><\/a>Les iPhone 17 \/\/ Cr\u00e9dit : Apple<\/p>\n<p>Si vous soup\u00e7onnez <a href=\"https:\/\/www.frandroid.com\/produits\/smartphones\/apple\/2788411-apple-iphone-17\" target=\"_blank\" rel=\"noopener\">votre tout nouvel iPhone\u00a017<\/a> de se d\u00e9connecter tout seul du Wi-Fi sans raison apparente, sachez que c\u2019est tout \u00e0 fait probable. <a href=\"https:\/\/www.frandroid.com\/marques\/apple\/2786529_keynote-apple-comment-suivre-la-presentation-des-iphone-17-watch-11-airpods-pro-3-en-direct\" target=\"_blank\" rel=\"noopener\">Les mobiles fra\u00eechement sortis<\/a> semblent conna\u00eetre quelques instabilit\u00e9s c\u00f4t\u00e9 connectique sans fil.<\/p>\n<p><a href=\"https:\/\/www.macrumors.com\/2025\/09\/22\/iphone-17-pro-air-wifi-cutting-out-issue\/\" target=\"_blank\" rel=\"noreferrer noopener\">Comme le d\u00e9taille MacRumors<\/a>, des centaines de t\u00e9moignages ont fait \u00e9tat du m\u00eame probl\u00e8me, que ce soit <a href=\"https:\/\/www.reddit.com\/r\/iphone\/comments\/1nlenlp\/iphone_17pm_wireless_issues\/\" target=\"_blank\" rel=\"noreferrer noopener\">sur Reddit<\/a> ou <a href=\"https:\/\/discussions.apple.com\/thread\/256140468?sortBy=rank\" target=\"_blank\" rel=\"noreferrer noopener\">les forums officiels d\u2019Apple<\/a>. Aucune raison ou aucune solution n\u2019a encore \u00e9t\u00e9 formellement identifi\u00e9e.<\/p>\n<p>Un probl\u00e8me avec l\u2019Apple Watch ?<\/p>\n<p>Concr\u00e8tement, les personnes touch\u00e9es par le probl\u00e8me voient leurs t\u00e9l\u00e9phones se d\u00e9connecter du Wi-Fi pendant qu\u2019ils sont verrouill\u00e9s avant de s\u2019y reconnecter d\u00e8s qu\u2019ils sont r\u00e9veill\u00e9s. Si cela peut para\u00eetre b\u00e9nin, cette instabilit\u00e9 peut poser des probl\u00e8mes pour des utilisations qui n\u00e9cessitent l\u2019activation du Wi-Fi en arri\u00e8re-plan, <a href=\"https:\/\/www.frandroid.com\/survoltes\/voitures-electriques\/2616467_apple-carplay-ultra-tout-comprendre-a-la-technologie-qui-transforme-votre-voiture-en-apple-car\" target=\"_blank\" rel=\"noopener\">comme CarPlay<\/a>.<\/p>\n<p>Certains internautes soup\u00e7onnent des interf\u00e9rences avec leur Apple Watch puisque le bug semble se manifester tout particuli\u00e8rement quand cette derni\u00e8re est li\u00e9e \u00e0 l\u2019iPhone et port\u00e9e d\u00e9verrouill\u00e9e au poignet. Cependant, plusieurs t\u00e9moignages expliquent rencontrer le m\u00eame probl\u00e8me sans Apple Watch.<\/p>\n<p><a target=\"_blank\" href=\"https:\/\/images.frandroid.com\/wp-content\/uploads\/2025\/09\/image-28.png\" class=\"article-content__figure\" rel=\"noopener\"><img loading=\"lazy\" decoding=\"async\" width=\"1200\" height=\"672\" src=\"https:\/\/www.europesays.com\/fr\/wp-content\/uploads\/2025\/09\/image-28-1200x672.png\" alt=\"\" class=\"wp-image-2789791 wp-image\"  \/><\/a>La puce Apple N1 g\u00e8re la connectivit\u00e9 sans fils sur les iPhone 17 \/\/ Cr\u00e9dit : Apple<\/p>\n<p>D\u2019apr\u00e8s de premiers retours, la version b\u00eata d\u2019iOS\u00a026.1 semble corriger le probl\u00e8me pour certains, m\u00eame si, l\u00e0 encore, les r\u00e9sultats sont al\u00e9atoires, puisque d\u2019autres n\u2019ont pas vu d\u2019am\u00e9liorations. Cela semble cela dit pointer vers un probl\u00e8me logiciel qui sera, on esp\u00e8re, corrig\u00e9 rapidement par Apple.<\/p>\n<p>Pas de solutions imm\u00e9diates<\/p>\n<p>Les iPhone\u00a017 et l\u2019iPhone Air <a href=\"https:\/\/www.frandroid.com\/produits-android\/ordinateurs\/processeurs\/2789787_puce-apple-n1-pourquoi-wifi-7-bluetooth-6-et-thread-vont-changer-votre-iphone\" target=\"_blank\" rel=\"noopener\">embarquent une nouvelle puce maison cens\u00e9e justement am\u00e9liorer les performances et la stabilit\u00e9 du Wi-Fi<\/a>. Apr\u00e8s des ann\u00e9es \u00e0 se reposer sur des modems Broadcom, Apple s\u2019est d\u00e9cid\u00e9 \u00e0 produire son silicium directement pour ma\u00eetriser toute la cha\u00eene de production. Semblerait-il que cela soit plus compliqu\u00e9 que pr\u00e9vu.<\/p>\n<p class=\"shortcode-container see-more\">\n    Pour aller plus loin<br \/><a href=\"https:\/\/www.frandroid.com\/marques\/apple\/2802725_ios-26-veille-desormais-beaucoup-mieux-sur-votre-iphone-pour-la-connexion-daccessoires-usb\" target=\"_blank\" rel=\"noopener\">iOS 26 veille d\u00e9sormais beaucoup mieux sur votre iPhone pour la connexion d\u2019accessoires USB<\/a>\n            <\/p>\n<p>Pour le moment, aucune solution officielle n\u2019est donc disponible. Il est d\u00e9conseill\u00e9 de passer sur la version b\u00eata d\u2019iOS\u00a026 si vous ne savez pas ce que vous faites. Une version stable du syst\u00e8me devrait \u00eatre publi\u00e9e d\u2019ici quelques semaines, mais esp\u00e9rons qu\u2019Apple identifie et r\u00e8gle le probl\u00e8me avant \u00e7a dans une mise \u00e0 jour plus mineure.<\/p>\n<p>Le saviez-vous ? Google News vous permet de choisir vos m\u00e9dias. Ne passez pas \u00e0 c\u00f4t\u00e9 de <a href=\"https:\/\/news.google.com\/publications\/CAAqBggKMICKMDCuyQU?oc=3\" target=\"_blank\" rel=\"noopener\">Frandroid<\/a> et <a href=\"https:\/\/news.google.com\/publications\/CAAqBwgKMNO2ogkwmIaYAg?oc=3\" target=\"_blank\" rel=\"noopener\">Numerama<\/a>.<\/p>\n","protected":false},"excerpt":{"rendered":"La sortie d\u2019un nouveau t\u00e9l\u00e9phone s\u2019accompagne toujours de la d\u00e9couverte de petits bugs inattendus. Pour la gamme des&hellip;\n","protected":false},"author":2,"featured_media":411871,"comment_status":"","ping_status":"","sticky":false,"template":"","format":"standard","meta":{"footnotes":""},"categories":[7],"tags":[12575,12578,12579,53617,8946,1011,27,43,40,41,39,42,44,54290],"class_list":{"0":"post-411870","1":"post","2":"type-post","3":"status-publish","4":"format-standard","5":"has-post-thumbnail","7":"category-sciences-et-technologies","8":"tag-apple-iphone-17","9":"tag-apple-iphone-17-pro","10":"tag-apple-iphone-17-pro-max","11":"tag-apple-iphone-air","12":"tag-bug","13":"tag-fr","14":"tag-france","15":"tag-science","16":"tag-science-and-technology","17":"tag-sciences","18":"tag-sciences-et-technologies","19":"tag-technologies","20":"tag-technology","21":"tag-wi-fi"},"share_on_mastodon":{"url":"https:\/\/pubeurope.com\/@fr\/115253522622046670","error":""},"_links":{"self":[{"href":"https:\/\/www.europesays.com\/fr\/wp-json\/wp\/v2\/posts\/411870","targetHints":{"allow":["GET"]}}],"collection":[{"href":"https:\/\/www.europesays.com\/fr\/wp-json\/wp\/v2\/posts"}],"about":[{"href":"https:\/\/www.europesays.com\/fr\/wp-json\/wp\/v2\/types\/post"}],"author":[{"embeddable":true,"href":"https:\/\/www.europesays.com\/fr\/wp-json\/wp\/v2\/users\/2"}],"replies":[{"embeddable":true,"href":"https:\/\/www.europesays.com\/fr\/wp-json\/wp\/v2\/comments?post=411870"}],"version-history":[{"count":0,"href":"https:\/\/www.europesays.com\/fr\/wp-json\/wp\/v2\/posts\/411870\/revisions"}],"wp:featuredmedia":[{"embeddable":true,"href":"https:\/\/www.europesays.com\/fr\/wp-json\/wp\/v2\/media\/411871"}],"wp:attachment":[{"href":"https:\/\/www.europesays.com\/fr\/wp-json\/wp\/v2\/media?parent=411870"}],"wp:term":[{"taxonomy":"category","embeddable":true,"href":"https:\/\/www.europesays.com\/fr\/wp-json\/wp\/v2\/categories?post=411870"},{"taxonomy":"post_tag","embeddable":true,"href":"https:\/\/www.europesays.com\/fr\/wp-json\/wp\/v2\/tags?post=411870"}],"curies":[{"name":"wp","href":"https:\/\/api.w.org\/{rel}","templated":true}]}}