{"id":411874,"date":"2025-09-23T12:06:26","date_gmt":"2025-09-23T12:06:26","guid":{"rendered":"https:\/\/www.europesays.com\/fr\/411874\/"},"modified":"2025-09-23T12:06:26","modified_gmt":"2025-09-23T12:06:26","slug":"survol-de-drones-au-danemark-la-russie-affirme-ne-pas-etre-impliquee-le-figaro","status":"publish","type":"post","link":"https:\/\/www.europesays.com\/fr\/411874\/","title":{"rendered":"Survol de drones au Danemark : la Russie affirme ne pas \u00eatre impliqu\u00e9e &#8211; Le Figaro"},"content":{"rendered":"<ol>\n<li><a href=\"https:\/\/news.google.com\/rss\/articles\/CBMitgFBVV95cUxQNVpIZ2llTnEwLU5LbEN5TDF5X3d3TUV3ZGQwV1o4Y3hRa09hOFVHOWhXN3A4dEhwSU1LYmhaaldtYllIb0lYbno3bjZlQ3ktT2E5bGJYb3AtbUJ1Vk9WdEkycF9rOWVzSTluRXduc0tPQjI4ekNSQW9fTVZ4clJ4OGFVUjB1dGthaHhYa1dTMGE3U0hnTC1Najg2cWxkeVJBanRuaUdFWEVrU2dOVHk4NkFWUkhDUQ?oc=5\" target=\"_blank\" rel=\"noopener\">Survol de drones au Danemark : la Russie affirme ne pas \u00eatre impliqu\u00e9e<\/a>&nbsp;&nbsp;Le Figaro<\/li>\n<li><a href=\"https:\/\/news.google.com\/rss\/articles\/CBMi1wJBVV95cUxOQzZmdnp2aTd4dmpkem4wbDFncGh4LWxTMVcyNnFYc3RrOGJIR241N2pLZ0UxRlBobzY0WkY0cWZHU2Jfajk3Mzd4UTZDWktJRVM0MmF4WTNiR2syS0pPczh1bHdHX0F1dmlJR2pTOUc4M2ZJX3ZxbjNhSHZoZGY2b01LTmNhSU5mQXlMaGdfTG9ocU9KbFlQU3d0cGhBaGt5eUFCR1hxazRHb3NEUWJ5R3ktYVVWVzlCZ2c2TFJjLWRHb1YydjRKeHJlNGdCeExMMWFjRHRvaExfS3JUcEF0b1o2WEpDZ0o3c1pVcDJCS2xaZW5hQXctTzJqanFiazdiUk9QUVg0eWU3NjVJS1JyNlZRUkpDY2k5TVlFRU1BTS11eUYxV1ZIQnI0OURqeGFQaWc3LW04TlRFa21qRTBYbEo1Sm5JNFBGMFREd194Zjd0cWpiaF9V?oc=5\" target=\"_blank\" rel=\"noopener\">Danemark : apr\u00e8s le survol de l\u2019a\u00e9roport de Copenhague par des drones suspects, la premi\u00e8re ministre d\u00e9nonce \u00ab la plus grave attaque contre une infrastructure critique \u00bb<\/a>&nbsp;&nbsp;Le Monde.fr<\/li>\n<li><a href=\"https:\/\/news.google.com\/rss\/articles\/CBMi3gFBVV95cUxQdGc4WUtJSU5mWHRfT0lnQVF5S21UV2k0a2ZTa1k1Sm1oWE1QaDdNSDhSbnRlLUpUZU15blJIWTA2ajA3WC10eG50dThiUkhtZUVPT3pFWjNVU0Ytc284UDQ5Y1ZDbGN5Y0I2V19Sa1JvSDJqaUl1blpWcWoxcHNpcDkxdERqcmZiaTBNY2xFZzVYa2ZDRW40dUVsQlQ2dVFNaWpjWVh0SHNDT0I0M2xhVzgySWI1aEgtS29pM0lMM2U5bGp5aHJBVUcyNWFUbnAyRks4TkpDNDZTYTA4eFE?oc=5\" target=\"_blank\" rel=\"noopener\">Les a\u00e9roports de Copenhague et d\u2019Oslo ferm\u00e9s \u00e0 cause de drones, \u201cune attaque grave\u201d<\/a>&nbsp;&nbsp;Courrier international<\/li>\n<li><a href=\"https:\/\/news.google.com\/rss\/articles\/CBMinwJBVV95cUxQdGhYdlhNSElVdm5paUFhUXIwSHM1ZjZONUpCY05ncjE0d3o4aW5tOTVVaGtoSVlNSEdnMWhtMS1ZejBtMXJRQkszU0dlQVR0VXdoQVdkVnFVeGxGTngxSHo4TVNqQWhBeDNkbkJUUHFqQmJHb1FNcHlnalJyTlA4SGpnWEdnc1dGd19WMHFtMGdIUThRS2tORkE0SUFBTnJCTkViTkY3cUFLY0VRWXdxNmxGRkpYRk1ZM2JKR3NKR2owXzZBeXZRN3B2ang4SVpBVVlVMDNQVmFVWHppZGMzdGJPMWJVQXhoRk5qcXdoOEpNTTVYUGwyZmY1S3VPTUZwNHJSWWYtTTM1S1VkY3ZGZmFhOTItTDQ1S1hKNUdtSQ?oc=5\" target=\"_blank\" rel=\"noopener\">\u00ab\u00a0Je ne peux pas exclure qu&rsquo;il s&rsquo;agisse de la Russie\u00a0\u00bb : ce que l&rsquo;on sait de l&rsquo;incursion de drones au-dessus des a\u00e9roports de Copenhague et d&rsquo;Oslo<\/a>&nbsp;&nbsp;France Info<\/li>\n<li><a href=\"https:\/\/news.google.com\/rss\/articles\/CBMi_AFBVV95cUxQWkgtVkVaSTZVcUtpZUFFTHR4X0JINy1hMGlleTZZcU92bWY0WGV5M0J5ejRiTjhJTlFEdXp6dGJlVURXMmNUQ3ljR0kwSkFkV3J2T1BYMDZUSXlZMUs1T1VDXzNTaXFhekQtZXgyY0g3aHFobUZESEdLMWdBZUpPbFhsTXkxQ2Jab2pvWnUyTVBVV0x2RkhNSGRfZDhTdF9sbEFUMnIzWHhNY3o1emlmbm1fT1d5N0I0eFVTaWVLNFN1YUZwUnZzakx2QjdOTzloaU9McXQ3d3FSV2FPYXEwYkpvTVBRRmZpcW9sMjc2YmdnaEVKOFNLeXEwbzDSAYICQVVfeXFMT3p1UWstVHN4dGpUR3ZuRnJGcHJNak5Vd1VMeEF6ZVBObmhta3ZPTWxTVllPeTdRM3hudXFrUlhjV2RtZTJ6NHgyQ2hRVVkwYmpKaGtJREJURGFXM3BlZVREZkhEcDFpS1lVVFFPSkFZdThycWN1eGR5NEdTM2RJRC0zMG9XZTVzWmphZVN0V25pd25SSHhmSkkzYjBlZW5rNGl2YzF6N0FwV1VaejRmRGg5SUtNN2hyQzNiWUhlRXpBcnlVWTBMdzhRUmJPbEd0dmZsUEVQZEhjbTg2ZHVrY3R2cWFycUtFN2JFc2dTZi1PM1NTXzdRdjZ1dVRlLU4zSkhR?oc=5\" target=\"_blank\" rel=\"noopener\">Le Danemark d\u00e9nonce une \u00ab\u00a0grave attaque\u00a0\u00bb apr\u00e8s le survol de drones \u00e0 Copenhague<\/a>&nbsp;&nbsp;Boursorama<\/li>\n<\/ol>\n","protected":false},"excerpt":{"rendered":"Survol de drones au Danemark : la Russie affirme ne pas \u00eatre impliqu\u00e9e&nbsp;&nbsp;Le Figaro Danemark : apr\u00e8s le&hellip;\n","protected":false},"author":2,"featured_media":411875,"comment_status":"","ping_status":"","sticky":false,"template":"","format":"standard","meta":{"footnotes":""},"categories":[5],"tags":[11,145,2024,1011,27,14,12,132,28],"class_list":{"0":"post-411874","1":"post","2":"type-post","3":"status-publish","4":"format-standard","5":"has-post-thumbnail","7":"category-international","8":"tag-actualites","9":"tag-danemark","10":"tag-drones","11":"tag-fr","12":"tag-france","13":"tag-international","14":"tag-news","15":"tag-russie","16":"tag-world"},"share_on_mastodon":{"url":"https:\/\/pubeurope.com\/@fr\/115253528670280533","error":""},"_links":{"self":[{"href":"https:\/\/www.europesays.com\/fr\/wp-json\/wp\/v2\/posts\/411874","targetHints":{"allow":["GET"]}}],"collection":[{"href":"https:\/\/www.europesays.com\/fr\/wp-json\/wp\/v2\/posts"}],"about":[{"href":"https:\/\/www.europesays.com\/fr\/wp-json\/wp\/v2\/types\/post"}],"author":[{"embeddable":true,"href":"https:\/\/www.europesays.com\/fr\/wp-json\/wp\/v2\/users\/2"}],"replies":[{"embeddable":true,"href":"https:\/\/www.europesays.com\/fr\/wp-json\/wp\/v2\/comments?post=411874"}],"version-history":[{"count":0,"href":"https:\/\/www.europesays.com\/fr\/wp-json\/wp\/v2\/posts\/411874\/revisions"}],"wp:featuredmedia":[{"embeddable":true,"href":"https:\/\/www.europesays.com\/fr\/wp-json\/wp\/v2\/media\/411875"}],"wp:attachment":[{"href":"https:\/\/www.europesays.com\/fr\/wp-json\/wp\/v2\/media?parent=411874"}],"wp:term":[{"taxonomy":"category","embeddable":true,"href":"https:\/\/www.europesays.com\/fr\/wp-json\/wp\/v2\/categories?post=411874"},{"taxonomy":"post_tag","embeddable":true,"href":"https:\/\/www.europesays.com\/fr\/wp-json\/wp\/v2\/tags?post=411874"}],"curies":[{"name":"wp","href":"https:\/\/api.w.org\/{rel}","templated":true}]}}