{"id":411876,"date":"2025-09-23T12:08:16","date_gmt":"2025-09-23T12:08:16","guid":{"rendered":"https:\/\/www.europesays.com\/fr\/411876\/"},"modified":"2025-09-23T12:08:16","modified_gmt":"2025-09-23T12:08:16","slug":"en-direct-proces-de-cedric-jubillar-louis-le-fils-du-couple-attend-que-son-papa-dise-ou-est-sa-maman","status":"publish","type":"post","link":"https:\/\/www.europesays.com\/fr\/411876\/","title":{"rendered":"EN DIRECT &#8211; Proc\u00e8s de C\u00e9dric Jubillar : Louis, le fils du couple, \u00ab\u00a0attend que son papa dise o\u00f9 est sa maman\u00a0\u00bb"},"content":{"rendered":"<ul class=\"jsx-862013697 ArticleChapo__List\">\n<li class=\"jsx-862013697 ArticleChapo__List_Item flex\">Le proc\u00e8s de C\u00e9dric Jubillar s\u2019est ouvert lundi devant la cour d\u2019assises du Tarn.<\/li>\n<li class=\"jsx-862013697 ArticleChapo__List_Item flex\">L\u2019accus\u00e9, jug\u00e9 pour \u00ab\u00a0meurtre par conjoint\u00a0\u00bb, conteste toujours les faits.<\/li>\n<li class=\"jsx-862013697 ArticleChapo__List_Item flex\">Le corps de sa femme Delphine, disparue en d\u00e9cembre 2020, n&rsquo;a jamais \u00e9t\u00e9 retrouv\u00e9.<\/li>\n<\/ul>\n<p><a href=\"https:\/\/www.tf1info.fr\/actualite\/la-disparition-de-delphine-jubillar-12684\/\" rel=\"noopener\" class=\"jsx-484472199 Link jsx-1428418400 jsx-609604686\" target=\"_blank\"><\/p>\n<p style=\"font-weight:400\" class=\"jsx-1837267516\">Suivez la couverture compl\u00e8te<\/p>\n<p style=\"font-weight:800\" class=\"jsx-1837267516\">La disparition de Delphine Jubillar<\/p>\n<p><\/a>Les \u00e9l\u00e9ments marquantsDEUXI\u00c8ME JOUR DE PROC\u00c8S06:17<\/p>\n<p>Le proc\u00e8s de C\u00e9dric Jubillar devant les assises du Tarn, o\u00f9 il compara\u00eet pour le meurtre de sa femme Delphine, un crime qu&rsquo;il conteste, va se poursuivre mardi avec l&rsquo;audition des premiers enqu\u00eateurs qui se sont pench\u00e9s sur la disparition de l&rsquo;infirmi\u00e8re de 33 ans, en d\u00e9cembre 2020.<\/p>\n<p>Apr\u00e8s la d\u00e9position d&rsquo;un expert psychologue dans la matin\u00e9e, qui bouclera une premi\u00e8re s\u00e9quence d&rsquo;examen de la personnalit\u00e9 de l&rsquo;accus\u00e9, six gendarmes sont appel\u00e9s \u00e0 la barre. D&rsquo;abord, ceux qui ont ouvert les investigations dans la maison du couple Jubillar dans l&rsquo;ancienne petite cit\u00e9 mini\u00e8re de Cagnac-les-Mines, pr\u00e8s d&rsquo;Albi, puis un responsable des gendarmes du d\u00e9partement, \u00e0 la t\u00eate du dispositif de recherches, ainsi que des membres de la section de recherche de Toulouse.<\/p>\n<p>Minute par minuteAUDIENCE SUSPENDUE13:24<\/p>\n<p>L&rsquo;audience est suspendue jusqu&rsquo;\u00e0 14h15.\u00a0<\/p>\n<p>\u00ab\u00a0QUE LEUR DIT-ON \u00c0 CES ENFANTS ?\u00a0\u00bb13:18<\/p>\n<p>Me Alexandre Martin, avocat de C\u00e9dric Jubillar s&rsquo;adresse \u00e0 l&rsquo;administratrice des enfants Jubillar. \u00a0\u00ab\u00a0Vous avez un r\u00f4le bien difficile\u00a0\u00bb, note-t-il. \u00ab\u00a0Que leur dit-on \u00e0 ces enfants ? Que papa est en prison parce qu\u2019il a tu\u00e9 maman ?\u00a0\u00bb, interroge-t-il.<\/p>\n<p>La femme en face de lui indique que Louis avait\u00a0expliqu\u00e9 que si son p\u00e8re \u00ab\u00a0\u00e9tait en prison\u00a0\u00bb, c&rsquo;\u00e9tait \u00ab\u00a0parce qu&rsquo;il n&rsquo;avait peut-\u00eatre pas tout dit aux gendarmes\u201d.\u00a0<\/p>\n<p>\u00ab\u00a0Dans l\u2019imaginaire des enfants, la prison, c\u2019est l\u2019endroit o\u00f9 on met les m\u00e9chants\u00a0\u00bb, continue Me Martin. \u00a0\u201cLouis ne m\u2019a jamais dit que son papa \u00e9tait m\u00e9chant\u201d, commente l&rsquo;administratrice.\u00a0<\/p>\n<p>\u00ab\u00a0Est-ce que Louis peut imaginer que son p\u00e8re est innocent ?\u00a0\u00bb, demande encore\u00a0l&rsquo;avocat.\u00a0Lui comme sa cons\u0153ur Me Franck sont convaincus que l&rsquo;administratrice ad hoc s&rsquo;est forg\u00e9 une opinion sur ce dossier.<\/p>\n<p>\u00ab\u00a0TR\u00c8S TR\u00c8S  EN COL\u00c8RE CONTRE SON P\u00c8RE\u00a0\u00bb13:11<\/p>\n<p>L&rsquo;administratrice ad hoc explique que le comportement de Louis \u00e0 l&rsquo;\u00e9gard de son p\u00e8re a chang\u00e9 l&rsquo;\u00e9t\u00e9 dernier. \u00ab\u00a0Louis a dit qu\u2019il \u00e9tait tr\u00e8s tr\u00e8s en col\u00e8re contre son p\u00e8re et qu\u2019il ne voulait plus le voir et qu\u2019il attendait d\u2019avoir la r\u00e9ponse sur o\u00f9 est le corps de sa maman\u00a0\u00bb, dit-elle.\u00a0<\/p>\n<p>\u00ab\u00a0On a expliqu\u00e9 \u00e0 Louis et Elyah que leur papa allait passer devant le tribunal et fin ao\u00fbt, qu\u2019il allait y avoir le proc\u00e8s. On leur a demand\u00e9 \u00a0:&rsquo;Que voulez-vous qu\u2019on dise \u00e0 papa ?'\u00a0\u00bb.<\/p>\n<p>Dans le box, C\u00e9dric Jubillar bouge nerveusement. Il a le visage ferm\u00e9.\u00a0<\/p>\n<p>C\u00c9DRIC JUBILLAR A DIT \u00c0 SON FILS QU&rsquo;IL L&rsquo;EMM\u00c8NERAIT VOIR VIANNEY13:08<\/p>\n<p>L&rsquo;administratrice des enfants Jubillar rapporte que Louis dessine beaucoup. Il a \u00e9chang\u00e9 quelques lettres avec son p\u00e8re, mais tout a cess\u00e9 il y a un an environ.\u00a0<\/p>\n<p>\u00ab\u00a0Il m\u2019a \u00e9voqu\u00e9 le courrier re\u00e7u par son papa et qu\u2019il lui a dit qu\u2019il l\u2019emm\u00e8nerait voir un concert de Vianney quand il sortirait de prison. Il a dit qu\u2019il lui a fait un dessin pour le remercier mais \u00e0 la fin, il m\u2019a dit :&rsquo;C\u2019est pour toi&rsquo;&#8230;\u00a0\u00bb<\/p>\n<p>LOUIS A DEMAND\u00c9 \u00c0 CHANGER DE NOM13:01<\/p>\n<p>L&rsquo;administratrice des enfants fait savoir que Louis, fils du couple Jubillar, a demand\u00e9 \u00e0 changer de nom de famille au printemps dernier.<\/p>\n<p>ELLE S&rsquo;ADRESSE \u00c0 L&rsquo;ACCUS\u00c9 DANS LE BOX12:59<\/p>\n<p>L&rsquo;administratrice des enfants Jubillar se tourne vers l&rsquo;accus\u00e9 et lui lance : \u00ab\u00a0La premi\u00e8re personne qui peut les amener \u00e0 avoir une vie normale, \u00e0 bien \u00e9voluer, c&rsquo;est vous, Monsieur Jubillar en r\u00e9pondant \u00e0 leurs questions\u201d. C\u00e9dric Jubillar opine de la t\u00eate.\u00a0<\/p>\n<p>\u00ab\u00a0LOUIS ATTEND QUE SON PAPA DISE O\u00d9 EST SA MAMAN\u00a0\u00bb12:57<\/p>\n<p>L&rsquo;administratrice des enfants rapporte que \u00ab\u00a0Louis a dit qu&rsquo;il \u00e9tait convaincu que son papa est responsable\u00a0\u00bb de la disparition de Delphine. \u00ab\u00a0Il attend que son papa dise o\u00f9 est sa maman\u00a0\u00bb.\u00a0\u00ab\u00a0Elyah a demand\u00e9 spontan\u00e9ment de dire \u00e0 son p\u00e8re \u00e0 l\u2019audience qu\u2019elle l\u2019aimait et qu\u2019elle voulait savoir si sa maman est vivante ou pas\u201d ajoute-t-elle.<\/p>\n<p>\u00ab\u00a0Ce sont des r\u00e9ponses qu&rsquo;ils attendent\u00a0\u00bb, poursuit-elle encore, indiquant que les deux \u00ab\u00a0vont relativement bien\u00a0\u00bb, qu&rsquo;ils \u00ab\u00a0ont une famille qui les prot\u00e8ge de la presse notamment\u00a0\u00bb. Ils sont de bons \u00e9l\u00e8ves mais \u00ab\u00a0ont des traumatismes\u00a0\u00bb.\u00a0<\/p>\n<p>\u00ab\u00a0Louis est convaincu du d\u00e9c\u00e8s de sa m\u00e8re\u00a0\u00bb, souligne l&rsquo;administratrice. \u00ab\u00a0Elyah se demande si sa maman est vivante. Elle se pose des questions. Elle a des probl\u00e8mes d&rsquo;endormissement, elle pense \u00e0 sa maman\u00a0\u00bb.\u00a0<\/p>\n<p>Selon elle, Elyah est solaire, Louis taiseux. Il voit un psychologue depuis peu. Les deux essaient d&rsquo;avancer avec ce traumatisme. Elyah pose des questions pour savoir si sa maman est vivante mais Louis non.<\/p>\n<p>\u00ab\u00a0ELYAH SAIT QUI EST DELPHINE\u00a0\u00bb12:53<\/p>\n<p>L&rsquo;administratrice des enfants explique qu&rsquo;Elyah, qui avait 18 mois au moment des faits, \u00ab\u00a0sait qui est Delphine\u00a0\u00bb.\u00a0\u00bb Elle l&rsquo;appelle &lsquo;maman&rsquo; et les deux enfants appellent leur papa, C\u00e9dric. Ils ont chacun photo de Delphine dans leur chambre\u00a0\u00bb, indique-t-elle.\u00a0<\/p>\n<p>LOUIS PARLE DE \u00ab\u00a0SA MAMAN\u00a0\u00bb12:51<\/p>\n<p>\u00a0\u201cLouis est un petit gar\u00e7on taiseux qui raconte pas sa vie d\u2019avant. Il dit que sa maman \u00e9tait gentille. Son papa \u00e9tait gentil. Il a un discours lisse :\u00a0\u00bbtout le monde est gentil\u201d, commence l&rsquo;administratrice des enfants.\u00a0<\/p>\n<p>Louis a d\u00e9sormais 11 ans. Sa m\u00e8re Delphine Jubillar a disparu quand il avait 6 ans. \u00ab\u00a0Il grandit. Le temps passe&#8230; Il commence \u00e0 s\u2019exprimer un peu sur sa vie d&rsquo;avant, sur sa maman. Il parle des c\u00e2lins sur le canap\u00e9 devant la t\u00e9l\u00e9, des moments dont il se souvient comme les promenades au parc\u00a0\u00bb, poursuit-elle.<\/p>\n<p>ADMINISTRATRICE DES ENFANTS12:49<\/p>\n<p>L&rsquo;administratrice ad hoc des enfants est \u00e0 la barre. \u00ab\u00a0Je repr\u00e9sente les int\u00e9r\u00eats et je porte la parole des enfants\u201d, dit-elle.\u00a0<\/p>\n<p>MATHIEU, UN AUTRE FR\u00c8RE DE DELPHINE12:46<\/p>\n<p>Place \u00e0 Mathieu, le dernier de la fratrie Aussaguel. Il a 7 ans de diff\u00e9rence avec Delphine Jubillar. Le cadet explique lui aussi que sa s\u0153ur \u00ab\u00a0prenait \u00e9norm\u00e9ment soin\u00a0\u00bb d&rsquo;eux du point de vue de la sant\u00e9 mais aussi financi\u00e8rement. Elle a \u00e9t\u00e9 sa caution quand il a commenc\u00e9 ses \u00e9tudes et qu&rsquo;il a d\u00fb prendre un appartement.\u00a0<\/p>\n<p>\u201cLa m\u00e9diatisation de l\u2019affaire a pes\u00e9 dans ma vie, ajoute-t-il. J\u2019ai 30 ans et avec ma compagne, on veut partir au Canada\u201d.\u00a0<\/p>\n<p>R\u00e9pondant \u00e0 Me de Caunes, avocat de parties civiles, Mathieu explique que la disparition de sa s\u0153ur a \u00e9t\u00e9 compliqu\u00e9, notamment de voir \u00e0 la t\u00e9l\u00e9vision que l&rsquo;on parle de leur famille. Il dit qu&rsquo;il a eu en plus la sensation que C\u00e9dric Jubillar \u00e9tait \u00e0 chaque fois mis en avant. \u00ab\u00a0C&rsquo;\u00e9tait C\u00e9dric et la maison, la disparition de Delphine passe apr\u00e8s\u00a0\u00bb, conclut-il<\/p>\n<p>\u00ab\u00a0COURAGEUSE\u00a0\u00bb, \u00ab\u00a0SOLAIRE\u00a0\u00bb12:41<\/p>\n<p>R\u00e9pondant ensuite aux questions de Me De Caunes, avocat de parties civiles, S\u00e9bastien a confirm\u00e9 que sa s\u0153ur Delphine \u00e9tait \u00ab\u00a0solaire\u00a0\u00bb, \u00ab\u00a0tourn\u00e9e vers les autres\u00a0\u00bb. Une personne qui \u00ab\u00a0ne se plaignait jamais\u00a0\u00bb, \u00ab\u00a0courageuse\u00a0\u00bb, qui travaillait beaucoup et en plus la nuit.\u00a0<\/p>\n<p>UNE \u00ab\u00a0PERSONNE EXTR\u00caMEMENT BIENVEILLANTE\u00a0\u00bb12:39<\/p>\n<p>Pour S\u00e9bastien, fr\u00e8re de la disparue, sa s\u0153ur \u00e9tait une \u00ab\u00a0personne extr\u00eamement bienveillante\u00a0\u00bb. Les deux \u00e9taient en contacts r\u00e9guliers. Ils \u00e9taient partis en vacances ensemble et avaient le projet de passer les f\u00eates de No\u00ebl ensemble. Ils avaient aussi un groupe Whatsapp et sur lequel ils s&rsquo;envoyaient beaucoup de messages. Ils avaient aussi pass\u00e9 une partie de l&rsquo;\u00e9t\u00e9 2919 ensemble au Cap d&rsquo;Agde.\u00a0<\/p>\n<p>\u00ab\u00a0UN LIEU POUR SE RECUEILLIR\u00a0\u00bb12:34<\/p>\n<p>Selon St\u00e9phanie qui a d\u00e9sormais la garde des enfants, Louis a fugu\u00e9 un soir en juin 2024 car il voulait aider une amie qui \u00e9tait victime de maltraitance.\u00a0<\/p>\n<p>La s\u0153ur de Delphine Jubillar indique aussi que le gar\u00e7on aujourd&rsquo;hui \u00e2g\u00e9 de 11 ans lui demande de \u00ab\u00a0pouvoir se recueillir sur un lieu pour sa m\u00e8re\u00a0\u00bb. Mais il n\u2019y en a pas, le corps de Delphine Jubillar n&rsquo;ayant jamais \u00e9t\u00e9 retrouv\u00e9.\u00a0<\/p>\n<p>COMMENT VONT LES ENFANTS DU COUPLE ?12:27<\/p>\n<p>Sur les enfants des \u00e9poux Jubillar qui sont d\u00e9sormais chez elle, St\u00e9phanie consid\u00e8re qu&rsquo;ils \u00ab\u00a0\u00e9voluent assez bien vu le contexte\u00a0\u00bb.\u00a0<\/p>\n<p>Tous les deux scolaris\u00e9s. Elyah est en CP, <a href=\"https:\/\/www.tf1info.fr\/justice-faits-divers\/proces-de-cedric-jubillar-delphine-son-fils-louis-veut-que-son-pere-dise-la-verite-2395468.html\" target=\"_blank\" rel=\"noopener\">Louis a fait son entr\u00e9e au coll\u00e8ge<\/a>, en 6e. \u00ab\u00a0Ils sont bons \u00e9l\u00e8ves, ils pratiquent des activit\u00e9s : Louis pratique le rugby, Ellyah la danse\u00a0\u00bb, explique St\u00e9phanie. \u00a0<\/p>\n<p>\u00ab\u00a0Louis a toujours eu du mal \u00e0 r\u00e9pondre aux courriers de &lsquo;Monsieur Jubillar'\u00a0\u00bb, poursuit-elle. \u00ab\u00a0J&rsquo;ai envie de vous dire que la disparition de ma s\u0153ur a chang\u00e9 ma vie, avec l\u2019arriv\u00e9e de ses enfants. \u00c7a n&rsquo;\u00e9tait pas pr\u00e9vu&#8230; Et la m\u00e9diatisation pas facile \u00e0 g\u00e9rer\u00a0\u00bb, ajoute-t-elle encore.\u00a0<\/p>\n<p>\u00ab\u00a0UNE HISTOIRE TR\u00c8S M\u00c9DIATIS\u00c9E\u00a0\u00bb ET \u00ab\u00a0DES PERSONNES DISCR\u00c8TES\u00a0\u00bb12:23<\/p>\n<p>\u00ab\u00a0Mon ressenti, c\u2019est que cette histoire a \u00e9t\u00e9 tr\u00e8s m\u00e9diatis\u00e9e, il a \u00e9t\u00e9 dit bcp de choses et \u2026 \u00ab\u00a0, continue la s\u0153ur ain\u00e9e de Delphine Jubillar avant de laisser place \u00e0 un long silence. \u00ab\u00a0On est des personnes plut\u00f4t discr\u00e8tes\u2026\u00a0\u00bb, poursuit-elle.\u00a0<\/p>\n<p>AUX PETITS SOINS12:21<\/p>\n<p>St\u00e9phanie explique que sa s\u0153ur Delphine se servait de son m\u00e9tier qui \u00e9tait une vocation et qu&rsquo;elle voulait faire d\u00e8s son plus jeune \u00e2ge, pour soigner aussi la famille.\u00a0<\/p>\n<p>\u00ab\u00a0\u00c0 la t\u00e9l\u00e9, elle regardait la s\u00e9rie Urgences, \u00e7a l\u2019a peut-\u00eatre influenc\u00e9e\u00a0\u00bb, souligne l&rsquo;a\u00een\u00e9e de Delphine Jubillar.\u00a0<\/p>\n<p>Elle ajoute que quand elle a \u00e9t\u00e9 hospitalis\u00e9e en juin 2020, pendant le confinement, les deux s\u0153urs communiquaient tous les jours. \u00ab\u00a0Elle \u00e9tait toujours pr\u00e9sente pour prendre soin de moi\u00a0\u00bb, assure St\u00e9phanie qui voyait sa s\u0153ur \u00ab\u00a0aux anniversaires et \u00e0 No\u00ebl\u00a0\u00bb.<\/p>\n<p>12:18<\/p>\n<p>St\u00e9phanie est la s\u0153ur de Delphine Jubillar. Elle est n\u00e9e en 1982 et a 5 ans de plus qu&rsquo;elle. Elle a aujourd&rsquo;hui la garde de Louis et Elyah.\u00a0<\/p>\n<p>Ses fr\u00e8res sont S\u00e9bastien, n\u00e9 en 1989 et Mathieu, n\u00e9 en 1995. Ils ont grandi \u00e0 Gaillac et leurs parents se sont s\u00e9par\u00e9s en 1995.\u00a0<\/p>\n<p>\u00ab\u00a0On a vu un peu notre p\u00e8re mais ca n\u2019a pas dur\u00e9. \u00c0 la maison, notre m\u00e8re travaillait, on s\u2019occupait souvent avec Delphine de t\u00e2ches m\u00e9nag\u00e8re et de nos petits fr\u00e8res On \u00e9tait une famille plut\u00f4t unie. J\u2019ai quitt\u00e9 le domicile familial pour faire mes \u00e9tudes \u00e0 Rodez, \u00e0 18 ans. Je revenais les week-ends et pendant les vacances\u00a0\u00bb, explique St\u00e9phanie.\u00a0<\/p>\n<p>LA S\u0152UR ET LES FR\u00c8RES DE DELPHINE ENTENDUS12:14<\/p>\n<p>La cour entend \u00e0 pr\u00e9sent la s\u0153ur et les fr\u00e8res de Delphine Jubillar.\u00a0<\/p>\n<p>DELPHINE AVAIT \u00ab\u00a0HONTE DE SA MAISON\u00a0\u00bb12:14<\/p>\n<p>L&rsquo;enqu\u00eateur de personnalit\u00e9 entendu ce mardi matin est revenu sur la vie du couple Jubillar et son \u00e9volution. Il a notamment expliqu\u00e9 que Delphine Jubillar ne sortait plus beaucoup et qu&rsquo;elle n&rsquo;invitait personne chez elle car elle avait \u00ab\u00a0honte\u00a0\u00bb de sa maison.\u00a0<\/p>\n<p>Proc\u00e8s de C\u00e9dric Jubillar : Delphine avait \u00ab\u00a0honte\u00a0\u00bb de sa maisonSource : TF1 Info<\/p>\n<p><img decoding=\"async\" src=\"https:\/\/www.europesays.com\/fr\/wp-content\/uploads\/2025\/09\/proces-de-cedric-jubillar-delphine-avait-honte-de-sa-maison-2c7e1b-0@1x.jpeg\" alt=\"Proc\u00e8s de C\u00e9dric Jubillar : Delphine avait &quot;honte&quot; de sa maison\" loading=\"lazy\" importance=\"low\" fetchpriority=\"low\" class=\"\"\/><img decoding=\"async\" src=\"https:\/\/www.tf1info.fr\/images\/icons\/player-logo-play.svg\" alt=\"Logo lecture\" class=\"jsx-d0de44c05fe3042c PlayerLazyload__Play\"\/>\u00ab\u00a0TOUJOURS AMOUREUSE DE LUI EN 2020?\u00a0\u00bb12:05<\/p>\n<p>Me Martin, avocat de C\u00e9dric Jubillar, demande \u00e0 l&rsquo;enqu\u00eateur si Delphine Jubillar \u00e9tait encore amoureuse de son mari en 2020 ? \u00ab\u00a0Des t\u00e9moignages, le terme amour ne ressort pas\u00a0\u00bb, d\u00e9clare l&rsquo;enqu\u00eateur de personnalit\u00e9.<\/p>\n<p>Me Martin lit un message de v\u0153ux dat\u00e9 de janvier 2020 et envoy\u00e9 par Delphine \u00e0 C\u00e9dric. \u00ab\u00a0Je nous souhaite du bonheur, de l\u2019amour et des orgasmes \u00e0 n\u2019en plus finir\u201d. Il lit un autre message de juillet 2020, envoy\u00e9 par Delphine \u00e0 son mari : \u201cBonjour mon c\u0153ur, oui 7 ans aujourd\u2019hui\u2026 J\u2019esp\u00e8re que tu passes une bonne journ\u00e9e. Je t\u2019aime.\u201d<\/p>\n<p>L&rsquo;enqu\u00eateur de personnalit\u00e9 a termin\u00e9. La cour le remercie.\u00a0<\/p>\n<p>\u00ab\u00a0UNE FEMME\u00a0\u00bb ET UN \u00ab\u00a0ADOLESCENT ATTARD\u00c9\u00a0\u00bb12:00<\/p>\n<p>Me Martin pointe ce contraste entre d&rsquo;un c\u00f4t\u00e9, Delphine Jubillar qui a grandi, qui devient une femme, et de l&rsquo;autre, cet adolescent attard\u00e9, dont la maturit\u00e9 n&rsquo;est pas flagrante. Il y a une \u00ab\u00a0ligne de faille qui se cr\u00e9e\u00a0\u00bb. \u00a0\u00ab\u00a0Oui\u00a0\u00bb, confirme l&rsquo;enqu\u00eateur de personnalit\u00e9. \u00ab\u00a0Elle devient m\u00e8re et \u00e9pouse et reproche \u00e0 C\u00e9dric Jubillar de ne pas prendre suffisamment \u00e0 c\u0153ur son r\u00f4le de p\u00e8re et d\u2019\u00e9poux.\u00a0\u00bb<\/p>\n<p>Me Martin note qu&rsquo;\u00e0 un moment donn\u00e9 \u00ab\u00a0Delphine va manifestement avoir envie besoin de d\u00e9couvrir autre chose, y compris sur terrain sexualit\u00e9\u00a0\u00bb. \u00ab\u00a0Elle voulait une voie d\u2019ind\u00e9pendance sur le plan de femme, pas forc\u00e9ment sexuelle\u00a0\u00bb, commente l&rsquo;enqu\u00eateur. Me Martin rappelle qu\u2019elle \u00e9tait inscrite sur un site de relation extraconjugale.<\/p>\n<p>UN COUPLE \u00ab\u00a0TR\u00c8S AMOUREUX AU D\u00c9PART\u00a0\u00bb11:55<\/p>\n<p>C\u00e9dric Jubillar et Delphine Aussaguel se sont rencontr\u00e9s quand ils approchaient de leurs 18 ans. Une relation qui a dur\u00e9 15 ans pour ce couple qui \u00e9tait \u00ab\u00a0tr\u00e8s amoureux au d\u00e9part\u00a0\u00bb, selon des proches dont beaucoup \u00e9taient agac\u00e9s par le c\u00f4t\u00e9 \u00ab\u00a0grande gueule\u00a0\u00bb de C\u00e9dric.\u00a0<\/p>\n<p>Pour autant, Delphine va s\u2019accrocher et en d\u00e9pit des autres. \u00a0Elle va se battre pour rester avec C\u00e9dric \u00a0Jubillar, rel\u00e8ve Me Martin. \u00ab\u00a0Oui avec une volont\u00e9 de faire changer c comportement qui lui pose probl\u00e8me\u00a0\u00bb, souligne l&rsquo;enqu\u00eateur de personnalit\u00e9.\u00a0<\/p>\n<p>\u00ab\u00a0Elle \u00e9tait manifestement amoureuse&#8230;\u00a0\u00bb, note Me Martin.\u00a0<\/p>\n<p>\u00ab\u00a0SOUMISSION?\u00a0\u00bb11:49<\/p>\n<p>Me Alexandre Martin, autre avocat de C\u00e9dric Jubillar, interroge l&rsquo;enqu\u00eateur de personnalit\u00e9 sur \u00ab\u00a0la soumission\u00a0\u00bb. \u00ab\u00a0J&rsquo;ai trois questions\u00a0\u00bb, annonce-t-il.\u00a0<\/p>\n<p>&#8211; \u00ab\u00a0Elle \u00e9tait ind\u00e9pendante financi\u00e8rement ?\u00a0\u00bb<\/p>\n<p>&#8211; \u00ab\u00a0Oui\u00a0\u00bb.<\/p>\n<p>&#8211; \u00ab\u00a0Elle \u00e9tait ind\u00e9pendante dans son travail ?\u00a0\u00bb<\/p>\n<p>&#8211; \u00ab\u00a0Oui\u00a0\u00bb.<\/p>\n<p>&#8211; \u00ab\u00a0Elle \u00e9tait ind\u00e9pendante dans ses allers et venus avec ses copines ?\u00a0\u00bb<\/p>\n<p>&#8211; \u00ab\u00a0\u00c0 priori\u00a0\u00bb commente le professionnel \u00e0 la barre.\u00a0<\/p>\n<p>\u00ab\u00a0D\u00c9TACH\u00c9E DE SON R\u00d4LE DE M\u00c8RE\u00a0\u00bb11:43<\/p>\n<p>Me Franck, avocate de C\u00e9dric Jubillar, rel\u00e8ve que plusieurs t\u00e9moins ont fait \u00e9tat d&rsquo;un \u00e9loignement de Delphine dans la vie de famille, \u00e9loignement qui co\u00efncide avec l&rsquo;arriv\u00e9e de cet amant dans sa vie.<\/p>\n<p>La directrice de la cr\u00e8che o\u00f9 \u00e9tait Elyah, 18 mois, a expliqu\u00e9 que selon elle, Delphine Jubillar \u00e9tait d\u00e9tach\u00e9e de son r\u00f4le de m\u00e8re. Me Franck lit le t\u00e9moignage de la directrice de la cr\u00e8che qui rapporte que la fillette de 18 mois \u00ab\u00a0sentait le tabac\u00a0\u00bb, que \u00ab\u00a0ses v\u00eatements n&rsquo;\u00e9taient pas lav\u00e9s\u00a0\u00bb.\u00a0<\/p>\n<p>\u00ab\u00a0On ne peut pas dire que c\u2019\u00e9tait une maman irr\u00e9prochable, elle n&rsquo;\u00e9tait pas patiente\u00a0\u00bb, commente Me Franck. Et d&rsquo;ajouter : \u00ab\u00a0Quand C\u00e9dric Jubillar dit qu\u2019elle s\u2019occupait plus de rien, tout le monde lui tombait dessus mais visiblement une autre personne le dit\u00a0\u00bb.\u00a0<\/p>\n<p>SUR LA \u00ab\u00a0HONTE\u00a0\u00bb RESSENTIE PAR DELPHINE11:38<\/p>\n<p>Me Franck remarque que le terme de \u00ab\u00a0honte\u00a0\u00bb a souvent \u00e9t\u00e9 utilis\u00e9 par l&rsquo;enqu\u00eateur de personnalit\u00e9.\u00a0<\/p>\n<p>\u00ab\u00a0Oui. Honte dans son manque d&rsquo;assurance. Elle peut avoir honte de montrer son quotidien\u00a0\u00bb, explique l&rsquo;enqu\u00eateur de personnalit\u00e9.<\/p>\n<p>Selon lui, Delphine Jubillar \u00ab\u00a0recherchait un homme stable qui pouvait endosser un r\u00f4le de mari, un soutien plus accru qui l\u2019\u00e9paule davantage\u00a0\u00bb.<\/p>\n<p>Me Franck lui demande si \u00ab\u00a0elle cherchait un homme viril ?\u00a0\u00bb\u00a0<\/p>\n<p>\u00ab\u00a0Cet homme viril tient surtout dans la fiabilit\u00e9 d\u2019un homme ancr\u00e9, ce qui n&rsquo;\u00e9tait pas le cas de C\u00e9dric Jubillar\u00a0\u00bb commente l&rsquo;enqu\u00eateur.<\/p>\n<p>CE QUI A PU S\u00c9DUIRE DELPHINE CHEZ CEDRIC11:34<\/p>\n<p>Me Franck revient sur le caract\u00e8re \u00ab\u00a0timide\u00a0\u00bb et introvertie de Delphine Jubillar qui, vers ses 14-15 ans va s&rsquo;\u00e9manciper.\u00a0\u00ab\u00a0Oui, il y a une phase d\u2019ouverture un peu plus grande tout en assumant ses responsabilit\u00e9s\u00a0\u00bb, explique l&rsquo;enqu\u00eateur de personnalit\u00e9.\u00a0<\/p>\n<p>\u00ab\u00a0\u00c0 17 ans, elle rencontre C\u00e9dric Jubillar dont la personnalit\u00e9 est aux antipodes : extravagant, grande bouche&#8230; \u00a0Elle est discr\u00e8te et secr\u00e8te\u00a0\u00bb, poursuit Me Franck. L&rsquo;enqu\u00eateur de personnalit\u00e9 opine du chef. \u00a0<\/p>\n<p>\u00ab\u00a0Vous pensez pas que ce qui l\u2019attire chez C\u00e9dric Jubillar, c\u2019est cette opposition ? Il incarne un souffle de vie ?\u00a0\u00bb.<\/p>\n<p>\u00ab\u00a0Absolument, c\u2019est hypoth\u00e8se. Voir cet homme qui l\u2019am\u00e8ne dans plus de l\u00e9g\u00e8ret\u00e9 rompt avec son quotidien. \u00c7a a pu s\u00e9duire la jeune adulte qu\u2019elle \u00e9tait\u00a0\u00bb r\u00e9pond l&rsquo;enqu\u00eateur.\u00a0<\/p>\n<p>\u00ab\u00a0ON EST LOIN DE L&rsquo;EMPRISE ET DE LA SOUMISSION\u00a0\u00bb11:28<\/p>\n<p>Depuis plusieurs minutes, Me Emmanuelle Franck, avocate de C\u00e9dric Jubillar, interroge l&rsquo;enqu\u00eateur de personnalit\u00e9 sur la relation qu&rsquo;aurait eu son client avec Delphine, selon les descriptions qui en ont \u00e9t\u00e9 faites. Me Franck s&rsquo;adressant \u00e0 l&rsquo;enqu\u00eateur de personnalit\u00e9 \u00e0 la barre : \u00ab\u00a0Vous savez pas ce qui se passe dans l\u2019intimit\u00e9 du couple, C\u00e9dric Jubillar le dit lui-m\u00eame,\u00a0il &lsquo;coupe la parole&rsquo;, il &lsquo;aime prendre de la place&rsquo;. Mais qui vous dit ce qui se passe dans leur intimit\u00e9 \u00e0 la maison ?\u00a0\u00bb<\/p>\n<p>\u00ab\u00a0Il y avait une place d\u00e9s\u00e9quilibr\u00e9e au sein du couple\u00a0\u00bb, r\u00e9pond l\u2019enqu\u00eateur de personnalit\u00e9.\u00a0<\/p>\n<p>\u00ab\u00a0On est loin de l\u2019emprise et de la soumission\u00a0\u00bb estime Me Franck.<\/p>\n<p>L&rsquo;AUDIENCE EST REPRISE11:16<\/p>\n<p>L&rsquo;audience reprend avec d&rsquo;autres questions des avocats \u00e0 l&rsquo;enqu\u00eateur de personnalit\u00e9.<\/p>\n<p>DELPHINE JUBILLAR, UNE GRANDE TIMIDE QUI S&rsquo;EFFA\u00c7AIT FACE \u00c0 SON MARI11:15<\/p>\n<p>L&rsquo;enqu\u00eateur de personnalit\u00e9 entendu ce matin a parl\u00e9 du parcours de Delphine. Il d\u00e9crit une grande timide, une maman aimante, et une femme qui s&rsquo;effa\u00e7ait face \u00e0 son mari.\u00a0<\/p>\n<p>Proc\u00e8s de C\u00e9dric Jubillar : Delphine, une grande timide qui s&rsquo;effa\u00e7ait face \u00e0 son mariSource : TF1 Info<\/p>\n<p><img decoding=\"async\" src=\"https:\/\/www.europesays.com\/fr\/wp-content\/uploads\/2025\/09\/proces-de-cedric-jubillar-delphine-une-grande-timide-qui-s-effacait-face-a-son-mari-c8f8f9-0@1x.jpeg\" alt=\"Proc\u00e8s de C\u00e9dric Jubillar : Delphine, une grande timide qui s'effa\u00e7ait face \u00e0 son mari\" loading=\"lazy\" importance=\"low\" fetchpriority=\"low\" class=\"\"\/><img decoding=\"async\" src=\"https:\/\/www.tf1info.fr\/images\/icons\/player-logo-play.svg\" alt=\"Logo lecture\" class=\"jsx-d0de44c05fe3042c PlayerLazyload__Play\"\/>AUDIENCE SUSPENDUE10:42<\/p>\n<p>L&rsquo;enqu\u00eateur de personnalit\u00e9 a termin\u00e9. L&rsquo;audience est suspendue.\u00a0<\/p>\n<p>DELPHINE JUBILLAR \u00c9TAIT \u00ab\u00a0TIMIDE\u00a0\u00bb, \u00ab\u00a0EFFAC\u00c9E\u00a0\u00bb10:36<\/p>\n<p>Un enqu\u00eateur de personnalit\u00e9 est entendu depuis 9 heures sur le parcours de vie de Delphine Jubillar. Il \u00e9voque une enfance difficile avec un p\u00e8re alcoolique. Il d\u00e9crit Delphine Aussaguel comme quelqu&rsquo;un de timide qui s&rsquo;est effac\u00e9e derri\u00e8re son mari au fil du temps. Avant de trouver une nouvelle vie avec son amant, rencontr\u00e9 en 2020.<\/p>\n<p>Proc\u00e8s de C\u00e9dric Jubillar : place \u00e0 la personnalit\u00e9 de DelphineSource : TF1 Info<\/p>\n<p><img decoding=\"async\" src=\"https:\/\/www.europesays.com\/fr\/wp-content\/uploads\/2025\/09\/proces-de-cedric-jubillar-place-a-la-personnalite-de-delphine-b834f4-0@1x.jpeg\" alt=\"Proc\u00e8s de C\u00e9dric Jubillar : place \u00e0 la personnalit\u00e9 de Delphine\" loading=\"lazy\" importance=\"low\" fetchpriority=\"low\" class=\"\"\/><img decoding=\"async\" src=\"https:\/\/www.tf1info.fr\/images\/icons\/player-logo-play.svg\" alt=\"Logo lecture\" class=\"jsx-d0de44c05fe3042c PlayerLazyload__Play\"\/>\u00ab\u00a0C\u00c9DRIC NE LA LAISSAIT PAS PARLER, COMME POUR L&rsquo;EFFACER\u00a0\u00bb10:31<\/p>\n<p>C\u00e9dric Jubillar \u00e9tait\u00a0\u00bb jaloux de Delphine\u00a0\u00bb,\u00a0\u00bb il lui coupait la parole, ne la laissait pas parler, comme pour l\u2019effacer\u00a0\u00bb. Est-ce que C\u00e9dric Jubillar a d\u00e9j\u00e0 dit que Delphine \u00e9tait une bonne m\u00e8re ? Qu\u2019elle \u00e9tait courageuse ? demande-t-on \u00e0 l&rsquo;enqu\u00eateur.\u00a0<\/p>\n<p>Ce dernier explique qu&rsquo;il y avait tr\u00e8s peu d\u2019affect de la part de C\u00e9dric Jubillar, pas beaucoup d\u2019\u00e9motionnel.\u00a0<\/p>\n<p>ISOLEMENT PROGRESSIF DU COUPLE10:29<\/p>\n<p>L&rsquo;enqu\u00eateur de personnalit\u00e9 \u00e0 la barre explique qu&rsquo;il y a eu un isolement progressif du couple. Delphine Jubillar n\u2019\u00e9tait plus invit\u00e9e \u00e0 des soir\u00e9es car C\u00e9dric Jubillar n\u2019\u00e9tait pas le bienvenu. Elle avait honte de sa maison donc n\u2019invitait plus personne.\u00a0<\/p>\n<p>C\u00c9DRIC JUBILLAR \u00ab\u00a0GLOBALEMENT PAS APPR\u00c9CI\u00c9\u00a0\u00bb10:27<\/p>\n<p>Selon Ga\u00eblle Carraux-Alfort, enqu\u00eatrice de personnalit\u00e9 qui est revenu lundi sur le parcours de vie de C\u00e9cric Jubillar, ce dernier est \u00a0\u00ab\u00a0Quelqu\u2019un qui n\u2019est globalement pas appr\u00e9ci\u00e9 et qui ne cache pas sa personnalit\u00e9\u00a0\u00bb.\u00a0<\/p>\n<p>VIOLENCES DANS LE COUPLE ?10:23<\/p>\n<p>Y a-t-il eu des violences dans le couple ? \u00a0Une cousine \u00e9voque une confidence de Delphine, affirmant que C\u00e9dric Jubillar aurait lev\u00e9 la main sur elle, explique l&rsquo;enqu\u00eateur de personnalit\u00e9.\u00a0<\/p>\n<p>\u00ab\u00a0ATTACHIANT\u00a0\u00bb OU PAS10:21<\/p>\n<p>L\u2019enqu\u00eateur de personnalit\u00e9 a entendu une trentaine de personnes de l\u2019entourage. L\u2019avocat g\u00e9n\u00e9ral le questionne et revient notamment sur l\u2019expression \u00ab\u00a0attachiant\u00a0\u00bb utilis\u00e9e par l&rsquo;avocate de C\u00e9dric Jubillar, Me Emmanuelle Franck.<\/p>\n<p>Il rebondit en disant que personne ou peu disent pourtant du bien de C\u00e9dric Jubillar&#8230;\u00a0<\/p>\n<p>INFID\u00c9LIT\u00c9S ET \u00ab\u00a0ATTACHEMENT PROFOND\u00a0\u00bb10:19<\/p>\n<p>L&rsquo;enqu\u00eateur de personnalit\u00e9, interrog\u00e9 sur les infid\u00e9lit\u00e9s de C\u00e9dric Jubillar, explique que celles-ci sont intervenues principalement au d\u00e9but de leur relation, avant la naissance de leur fils Louis en 2014.\u00a0<\/p>\n<p>L&rsquo;enqu\u00eateur rapporte que selon la s\u0153ur de Delphine, celle-ci a \u00e9t\u00e9 attir\u00e9e par le c\u00f4t\u00e9 \u00ab\u00a0bad boy\u00a0\u00bb de ce jeune homme.\u00a0<\/p>\n<p>Y avait-il un vrai amour profond entre Delphine et C\u00e9dric Jubillar ? \u00ab\u00a0Il y avait un attachement profond\u00a0\u00bb, commente l&rsquo;enqu\u00eateur de personnalit\u00e9.\u00a0<\/p>\n<p>R\u00c9APPROPRIATION DE SA F\u00c9MINIT\u00c910:13<\/p>\n<p>Gr\u00e2ce \u00e0 sa relation extra-conjugale, Delphine Jubillar a trouv\u00e9 une nouvelle assurance. Elle se r\u00e9approprie sa f\u00e9minit\u00e9.\u00a0<\/p>\n<p>Sur sa personnalit\u00e9, elle est attentive \u00e0 son entourage. C&rsquo;est une figure sur laquelle on se repose, elle a une posture sacrificielle. \u00ab\u00a0Ses proches d\u00e9plorent le vide qu\u2019a laiss\u00e9 son absence\u00a0\u00bb conclut l&rsquo;enqu\u00eateur de personnalit\u00e9 qui est maintenant interrog\u00e9.\u00a0<\/p>\n<p>\u00ab\u00a0DELPHINE JUBILLAR ATTENDAIT DU CHANGEMENT\u00a0\u00bb10:09<\/p>\n<p>Avec C\u00e9dric Jubillar, Delphine se construit son propre univers familial. L&rsquo;esprit rebelle de C\u00e9dric a amen\u00e9 au d\u00e9but de la l\u00e9g\u00e8ret\u00e9 dans son quotidien mais une distance au fil du temps. Delphine Jubillar attendait du changement et de la maturit\u00e9 de la part de C\u00e9dric. Leur vie de couple est devenue terne et m\u00e9canique \u00e0 la fin. \u00a0Les conflits ont \u00e9rod\u00e9 leur complicit\u00e9.\u00a0<\/p>\n<p>Dans le box, C\u00e9dric Jubillar \u00e9coute attentivement l&rsquo;enqu\u00eateur de personnalit\u00e9 \u00e0 la barre. Il gigote beaucoup.\u00a0<\/p>\n<p>\u00ab\u00a0ESTIME DE SOI FRAGILE\u00a0\u00bb10:05<\/p>\n<p>L&rsquo;enqu\u00eateur de personnalit\u00e9 \u00e0 la barre a rencontr\u00e9 la famille de Delphine Jubillar apr\u00e8s sa disparition. Il d\u00e9crit des personnes en plein \u00ab\u00a0d\u00e9sespoir\u00a0\u00bb et \u00ab\u00a0en qu\u00eate de r\u00e9ponses.\u00a0<\/p>\n<p>Tous ont dit que Delphine qu&rsquo;elle \u00e9tait \u00ab\u00a0taiseuse\u00a0\u00bb et \u00ab\u00a0secr\u00e8te sur sa vie personnelle\u00a0\u00bb et qu&rsquo;elle avait une \u00ab\u00a0estime de soi fragile\u00a0\u00bb.\u00a0<\/p>\n<p>\u00ab\u00a0CEDRIC L&rsquo;AURAIT \u00c9LOIGN\u00c9 DES RELATIONS AMICALES\u00a0\u00bb10:03<\/p>\n<p>Delphine Jubillar avait des relations amicales au travail et avec les m\u00e8res de la commune. Mais C\u00e9dric l\u2019aurait \u00ab\u00a0\u00e9loign\u00e9 de ses relations amicales et familiales\u00a0\u00bb, relate l&rsquo;enqu\u00eateur de personnalit\u00e9.\u00a0<\/p>\n<p>Elle \u00e9tait en retrait, elle se refermait c\u2019\u00e9tait \u00ab\u00a0on\/off\u00a0\u00bb, un \u00ab\u00a0changement radical\u00a0\u00bb quand il \u00e9tait l\u00e0,dit une de ses amies.<\/p>\n<p>\u00ab\u00a0ELLE N&rsquo;ARRIVAIT PAS \u00c0 S&rsquo;IMPOSER FACE \u00c0 LUI\u00a0\u00bb10:00<\/p>\n<p>Delphine a eu deux enfants avec C\u00e9dric Jubillar : Louis n\u00e9 en 2014 et Elyah n\u00e9e en 2019. Il y a eu tout de suite une dissonance \u00e9ducative avec son mari. \u00ab\u00a0Elle n\u2019arrivait pas \u00e0 s\u2019imposer face \u00e0 lui\u00a0\u00bb, \u00ab\u00a0elle \u00e9tait diminu\u00e9e, effac\u00e9e face \u00e0 lui, selon les proches de la victime malgr\u00e9 sa \u00ab\u00a0forte carapace\u00a0\u00bb rapporte l&rsquo;enqu\u00eateur de personnalit\u00e9.<\/p>\n<p>La maternit\u00e9 \u00e9tait devenue sa raison de vivre, selon son plus jeune fr\u00e8re<\/p>\n<p>AU SUJET DE SON AMANT09:55<\/p>\n<p>Au printemps 2020, Delphine Aussaguel s&rsquo;inscrit sur un site de rencontre pour personnes mari\u00e9es. Elle fait la connaissance de Jean. En juillet, ils se rencontrent physiquement. Ils organisent des rendez-vous cach\u00e9s. Ils ont des \u00e9changes quotidiens par t\u00e9l\u00e9phone et ils envisagent de vivre ensemble. Elle a pr\u00e9sent\u00e9 son fils Louis \u00e0 cet homme dans le cadre d\u2019un appel vid\u00e9o.\u00a0<\/p>\n<p>Des proches remarquent alors que Delphine Jubillar change : elle semble prendre soin d\u2019elle, elle a envie de plaire. Elle devient solaire et a \u00e9tat d\u2019esprit plus l\u00e9ger.\u00a0<\/p>\n<p>PERSONNALIT\u00c9S DE L&rsquo;ACCUS\u00c9 ET DE LA VICTIME 09:51<\/p>\n<p>Deux enqu\u00eateurs de personnalit\u00e9 sont entendus par la cour d&rsquo;assises sur les personnalit\u00e9s de l&rsquo;accus\u00e9 et de sa femme. Hier, une enqu\u00eatrice de personnalit\u00e9 a \u00e9voqu\u00e9 le parcours de C\u00e9dric Jubillar. Ce matin, un enqu\u00eateur de personnalit\u00e9 parle de celui de Delphine Aussaguel.<\/p>\n<p>Proc\u00e8s de C\u00e9dric Jubillar : un enqu\u00eateur de personnalit\u00e9 \u00e9voque le parcours de DelphineSource : TF1 Info<\/p>\n<p><img decoding=\"async\" src=\"https:\/\/www.europesays.com\/fr\/wp-content\/uploads\/2025\/09\/proces-de-cedric-jubillar-un-enqueteur-de-personnalite-evoque-le-parcours-de-delphine-ecba07-0@1x.jp.jpeg\" alt=\"Proc\u00e8s de C\u00e9dric Jubillar : un enqu\u00eateur de personnalit\u00e9 \u00e9voque le parcours de Delphine\" loading=\"lazy\" importance=\"low\" fetchpriority=\"low\" class=\"\"\/><img decoding=\"async\" src=\"https:\/\/www.tf1info.fr\/images\/icons\/player-logo-play.svg\" alt=\"Logo lecture\" class=\"jsx-d0de44c05fe3042c PlayerLazyload__Play\"\/>\u00ab\u00a0ELLE VIVAIT DANS UN TAUDIS\u00a0\u00bb09:49<\/p>\n<p>En 2011, C\u00e9dric Jubillar demande Delphine en mariage. En 2013 : le mariage est organis\u00e9 \u00e0 Cagnac-les-Mines.\u00a0<\/p>\n<p>Quelques mois avant mariage, le couple a ce projet de construction d\u2019une maison. Lui ach\u00e8te le terrain. Ils emm\u00e9nagent en 2014 dans la maison. D\u00e8s le d\u00e9part, Delphine Jubillar fait des reproches \u00e0 son mari sur les travaux \u00e0 faire dans la maison. C\u00e9dric Jubillar dit qu\u2019elle ne s\u2019investit dans aucun travaux.<\/p>\n<p>\u00ab\u00a0Elle \u00e9tait r\u00e9sign\u00e9e, elle vivait dans un taudis mais elle se contentait de ce qu\u2019elle avait. Il y avait un manque d\u2019\u00e9panouissement personnel. On commen\u00e7ait \u00e0 lui dire de partir\u00a0\u00bb, a dit un ami.\u00a0<\/p>\n<p>Elle a profit\u00e9 d\u2019un emploi et salaire stable, mais son compagnon non. Cela a \u00e9t\u00e9 par la suite source de tensions. Les disputes se sont accentu\u00e9es au fil des ann\u00e9es.\u00a0<\/p>\n<p>\u00ab\u00a0ELLE VOULAIT LE FAIRE CHANGER\u00a0\u00bb09:40<\/p>\n<p>En 2007, le couple s\u2019installe en concubinage \u00e0 Albi. Une premi\u00e8re s\u00e9paration de quelques semaines intervient peu apr\u00e8s, puis de courtes pauses, selon une amie. \u00ab\u00a0Elle voulait le faire changer, elle l\u2019a port\u00e9 \u00e0 bout de bras\u00a0\u00bb, dira encore cette copine de Delphine Aussaguel.<\/p>\n<p>UNE RENCONTRE DANS UN CONTEXTE FESTIF09:39<\/p>\n<p>Concernant sa vie sentimentale, ses premiers \u00e9mois se situent vers l\u2019adolescence. Delphine Aussaguel a deux br\u00e8ves histoires.<\/p>\n<p>\u00c0 l\u2019approche de ses 18 ans, elle rencontre C\u00e9dric Jubillar dans un contexte festif. Ils se c\u00f4toient pendant plusieurs mois sans officialiser leur relation. En 2005, ils annoncent \u00e0 leur famille leur couple.\u00a0<\/p>\n<p>La s\u0153ur d\u00e9clare que \u00ab\u00a0lui \u00e9tait le bad boy, tout feu tout flamme, elle plus r\u00e9serv\u00e9e\u00a0\u00bb. Le fr\u00e8re de Delphine dit de C\u00e9dric qu&rsquo;il \u00e9tait \u00a0\u00bb brut de d\u00e9coffrage, sanguin, et qu&rsquo;il n&rsquo;avait pas sa langue dans sa poche\u00a0\u00bb. \u00ab\u00a0On a tous esp\u00e9r\u00e9 que ce serait une histoire courte\u00a0\u00bb, a d\u00e9clar\u00e9 le fr\u00e8re de Delphine Aussaguel, soulignant que C\u00e9dric Jubillar \u00e9tait \u00e0 ses yeux \u00ab\u00a0pas stable\u00a0\u00bb, \u00ab\u00a0un vilain gar\u00e7on\u00a0\u00bb.<\/p>\n<p>\u00ab\u00a0RIGOUREUSE\u00a0\u00bb DANS SON TRAVAIL09:35<\/p>\n<p>Concernant la vie professionnelle de Delphine Aussaguel, celle-ci obtient un Bac m\u00e9dico social et fait une formation d&rsquo;infirmi\u00e8re. Elle en sort dipl\u00f4m\u00e9e en 2011. C&rsquo;est une v\u00e9ritable vocation pour elle, selon l&rsquo;enqu\u00eateur de personnalit\u00e9. Elle est employ\u00e9e par la clinique Claude Bernard d\u2019Albi.\u00a0<\/p>\n<p>La directrice des soins d\u00e9crit une excellente infirmi\u00e8re, d\u00e9vou\u00e9e, professionnelle, attentive \u00e0 l\u2019int\u00e9r\u00eat du collectif. En 2020, elle est volontaire pour rejoindre l\u2019unit\u00e9 covid du service.\u00a0<\/p>\n<p>Elle est d\u00e9crite comme rigoureuse. Une coll\u00e8gue parle de \u00ab\u00a0grande timide\u00a0\u00bb, elle n\u2019osait pas d\u00e9ranger les m\u00e9decins. \u00a0Elle demeurait silencieuse sur sa vie priv\u00e9e.\u00a0<\/p>\n<p>DELPHINE, UNE FEMME \u00ab\u00a0OUVERTE AUX AUTRES\u00a0\u00bb09:22<\/p>\n<p>Un des fr\u00e8res de Delphine Jubillar d\u00e9crit une enfance peu joyeuse dans une barre HLM, avec des difficult\u00e9s financi\u00e8res. \u00a0Il d\u00e9crit sa s\u0153ur Delphine comme pugnace, discr\u00e8te mais ouverte aux autres.<\/p>\n<p>Voir plus<\/p>\n<p>UNE M\u00c8RE D\u00c9C\u00c9D\u00c9E A L&rsquo;AGE DE 16 ANS 09:19<\/p>\n<p>Delphine Aussaguel devait se d\u00e9brouiller seule. Sa m\u00e8re \u00e9tait tr\u00e8s vuln\u00e9rable. Elle a eu 4 enfants qui sont rest\u00e9s discrets et qui ont appris \u00e0 ne pas se plaindre.<\/p>\n<p>La m\u00e8re de Delphine Aussaguel est d\u00e9c\u00e9d\u00e9e quand elle avait 12 ans. La cellule familiale est alors restreinte mais solide. Il y a une bonne entente.\u00a0<\/p>\n<p>Les liens se sont ensuite distendus mais il y a toujours eu un plaisir de se retrouver. Sa rencontre avec C\u00e9dric Jubillar avec qui elle s&rsquo;est mise en couple \u00e0 l&rsquo;\u00e2ge de 18 ans est peut-\u00eatre a l\u2019origine de la distance qui s\u2019est cr\u00e9\u00e9e.\u00a0<\/p>\n<p>D\u00c9C\u00c8S DU P\u00c8RE A L&rsquo;\u00c2GE DE 12 ANS09:15<\/p>\n<p>L&rsquo;enqu\u00eateur \u00e9voque la place effac\u00e9e du p\u00e8re de Delphine Aussaguel \u00e9pouse Jubillar. Ce dernier n&rsquo;\u00e9tait pas beaucoup impliqu\u00e9 dans l&rsquo;\u00e9ducation de sa fille et aurait plong\u00e9 dans l&rsquo;alcoolisme s\u00e9v\u00e8re. Peu \u00e0 peu, le contact a \u00e9t\u00e9 rompu. Le p\u00e8re de famille est d\u00e9c\u00e9d\u00e9 quand elle avait 12 ans. Delphine Aussaguel a v\u00e9cu ce d\u00e9c\u00e8s avec une certaine distance et une tristesse \u00e9loign\u00e9e.<\/p>\n<p>PERSONNALIT\u00c9 DE DELPHINE09:12<\/p>\n<p>Lundi, une enqu\u00eatrice de personnalit\u00e9 a parl\u00e9 de la personnalit\u00e9 de C\u00e9dric Jubillar. L&rsquo;enqu\u00eateur \u00e0 la barre aujourd&rsquo;hui va parler de la personnalit\u00e9 de sa femme Delphine.<\/p>\n<p>ENQU\u00caTEUR DE PERSONNALIT\u00c909:10<\/p>\n<p>Un deuxi\u00e8me enqu\u00eateur de personnalit\u00e9 est appel\u00e9 \u00e0 la barre. Pendant ce temps, l&rsquo;accus\u00e9 balaie la salle du regard.\u00a0<\/p>\n<p>L&rsquo;AUDIENCE EST REPRISE09:09<\/p>\n<p>L&rsquo;audience est reprise. C\u00e9dric Jubillar, dans le box, porte les m\u00eames v\u00eatements qu&rsquo;au premier jour de son proc\u00e8s : une veste de surv\u00eatement bleu et un jean.<\/p>\n<p>DEUXI\u00c8ME JOURN\u00c9E DE PROC\u00c9S08:23<\/p>\n<p>Sur place, notre journaliste Marie Belot nous explique quoi attendre de cette deuxi\u00e8me journ\u00e9e d&rsquo;audience.<\/p>\n<p>Proc\u00e8s Jubilar : le mari clame toujours son innocenceSource : TF1 Info<\/p>\n<p><img decoding=\"async\" src=\"https:\/\/www.europesays.com\/fr\/wp-content\/uploads\/2025\/09\/proces-jubilar-le-mari-clame-toujours-son-innocence-f0dfe5-0@1x.jpeg\" alt=\"Proc\u00e8s Jubilar : le mari clame toujours son innocence\" loading=\"lazy\" importance=\"low\" fetchpriority=\"low\" class=\"\"\/><img decoding=\"async\" src=\"https:\/\/www.tf1info.fr\/images\/icons\/player-logo-play.svg\" alt=\"Logo lecture\" class=\"jsx-d0de44c05fe3042c PlayerLazyload__Play\"\/>DEUXI\u00c8ME JOUR DE PROC\u00c8S06:17<\/p>\n<p>Le proc\u00e8s de C\u00e9dric Jubillar devant les assises du Tarn, o\u00f9 il compara\u00eet pour le meurtre de sa femme Delphine, un crime qu&rsquo;il conteste, va se poursuivre mardi avec l&rsquo;audition des premiers enqu\u00eateurs qui se sont pench\u00e9s sur la disparition de l&rsquo;infirmi\u00e8re de 33 ans, en d\u00e9cembre 2020.<\/p>\n<p>Apr\u00e8s la d\u00e9position d&rsquo;un expert psychologue dans la matin\u00e9e, qui bouclera une premi\u00e8re s\u00e9quence d&rsquo;examen de la personnalit\u00e9 de l&rsquo;accus\u00e9, six gendarmes sont appel\u00e9s \u00e0 la barre. D&rsquo;abord, ceux qui ont ouvert les investigations dans la maison du couple Jubillar dans l&rsquo;ancienne petite cit\u00e9 mini\u00e8re de Cagnac-les-Mines, pr\u00e8s d&rsquo;Albi, puis un responsable des gendarmes du d\u00e9partement, \u00e0 la t\u00eate du dispositif de recherches, ainsi que des membres de la section de recherche de Toulouse.<\/p>\n<p>C\u00c9DRIC JUBILLAR06:17<\/p>\n<p>Au premier jour de son proc\u00e8s pour meurtre, C\u00e9dric Jubillar a r\u00e9affirm\u00e9 qu&rsquo;il contestait toute implication dans la disparition de son \u00e9pouse Delphine, r\u00e9pondant \u00ab\u00a0cash\u00a0\u00bb aux questions sur son parcours, de son enfance meurtrie \u00e0 sa d\u00e9tention \u00e0 l&rsquo;isolement.<\/p>\n<p>C\u00e9dric Jubillar : sa personnalit\u00e9 d\u00e9cortiqu\u00e9eSource : TF1 Info<\/p>\n<p><img decoding=\"async\" src=\"https:\/\/www.europesays.com\/fr\/wp-content\/uploads\/2025\/09\/cedric-jubillar-sa-personnalite-decortiquee-8abddf-0@1x.jpeg\" alt=\"C\u00e9dric Jubillar : sa personnalit\u00e9 d\u00e9cortiqu\u00e9e\" loading=\"lazy\" importance=\"low\" fetchpriority=\"low\" class=\"\"\/><img decoding=\"async\" src=\"https:\/\/www.tf1info.fr\/images\/icons\/player-logo-play.svg\" alt=\"Logo lecture\" class=\"jsx-d0de44c05fe3042c PlayerLazyload__Play\"\/><\/p>\n<p data-module=\"article-paragraph\" class=\"jsx-3046738180 Paragraph\">C&rsquo;est v\u00eatu d\u2019un haut de surv\u00eatement bleu et noir, d\u2019un jean et de baskets, cr\u00e2ne chauve, barbe ras\u00e9e que C\u00e9dric Jubillar, qui a accept\u00e9 d&rsquo;\u00eatre film\u00e9, est apparu lundi 22 septembre dans la salle d&rsquo;audience du palais de justice d&rsquo;Albi. Au premier jour de son proc\u00e8s, l&rsquo;accus\u00e9, jug\u00e9 devant la cour d&rsquo;assises du Tarn pour <a href=\"https:\/\/www.tf1info.fr\/justice-faits-divers\/proces-de-cedric-jubillar-pourquoi-pour-l-accusation-le-mari-de-delphine-est-le-coupable-ideal-2395644.html\" target=\"_blank\" rel=\"noopener\">\u00ab\u00a0meurtre par conjoint\u00a0\u00bb<\/a> apr\u00e8s la disparition de sa femme Delphine Jubillar dans la nuit du 15 au 16 d\u00e9cembre 2020, a gard\u00e9 sa ligne de d\u00e9fense.<\/p>\n<p data-module=\"article-paragraph\" class=\"jsx-3046738180 Paragraph\">\u00ab\u00a0Je conteste toujours les faits qui me sont reproch\u00e9s\u00a0\u00bb, a-t-il affirm\u00e9 \u00e0 la pr\u00e9sidente, H\u00e9l\u00e8ne Ratinaud, qui lui demandait, apr\u00e8s la lecture de l&rsquo;acte d&rsquo;accusation, d&rsquo;afficher sa position sur cette affaire. Le trentenaire a \u00e9galement d\u00e9clar\u00e9 avoir \u00e9t\u00e9 <a href=\"https:\/\/www.tf1info.fr\/justice-faits-divers\/direct-proces-de-cedric-jubillar-l-audience-devant-la-cour-d-assises-du-tarn-debute-a-9h-disparition-delphine-jubillar-infirmiere-du-tarn-2395623.html\" target=\"_blank\" rel=\"noopener\">\u00ab\u00a0touch\u00e9\u00a0\u00bb par la disparition de sa femme<\/a>, sans en dire davantage.\u00a0<\/p>\n<p data-module=\"article-paragraph\" class=\"jsx-3046738180 Paragraph Paragraph__End\">Ce mardi matin, c&rsquo;est un enqu\u00eateur de personnalit\u00e9 qui doit \u00eatre entendu par la cour. Dans l&rsquo;apr\u00e8s-midi, ce sont les gendarmes primo-intervenants dans la maison du couple \u00e0 Cagnac-les-Mines et les enqu\u00eateurs qui doivent t\u00e9moigner.\u00a0<\/p>\n<p data-module=\"article-paragraph\" class=\"jsx-3046738180 Paragraph Paragraph__End\">Le proc\u00e8s de C\u00e9dric Jubillar doit durer jusqu&rsquo;au 17 octobre prochain. Pour les faits qui lui sont reproch\u00e9s, le trentenaire, p\u00e8re de deux enfants, encourt la r\u00e9clusion criminelle \u00e0 perp\u00e9tuit\u00e9.\u00a0<\/p>\n<p>Aur\u00e9lie SARROT avec Marie BELOT <\/p>\n<p>Sur le <br \/><strong> m\u00eame th\u00e8me<\/strong><\/p>\n<ul data-testid=\"ArticleBounceFolder__Topic_List\" class=\"jsx-2019157293 ArticleBounceFolder__List_Topic flex flex-column\">\n<li class=\"ArticleBounceFolder__List_Topic_Item\"><a href=\"https:\/\/www.tf1info.fr\/actualite\/disparition-de-delphine-jubillar-l-heure-du-proces-pour-son-mari-cedric-tarn-albi-14346\/\" rel=\"noopener\" class=\"jsx-484472199 Link jsx-1428418400 jsx-609604686\" target=\"_blank\">\n<p>Police, justice et faits diversDisparition de Delphine Jubillar : l&rsquo;heure du proc\u00e8s pour son mari C\u00e9dric<\/p>\n<p><\/a><\/li>\n<li class=\"ArticleBounceFolder__List_Topic_Item\"><a href=\"https:\/\/www.tf1info.fr\/actualite\/la-disparition-de-delphine-jubillar-12684\/\" rel=\"noopener\" class=\"jsx-484472199 Link jsx-1428418400 jsx-609604686\" target=\"_blank\">\n<p>Police, justice et faits diversLa disparition de Delphine Jubillar<\/p>\n<p><\/a><\/li>\n<\/ul>\n<p>Voir plus\u00a0&#8211; Afficher tout<\/p>\n<p>Tout <br \/><strong> TF1 Info<\/strong><\/p>\n<p>Les + lusDerni\u00e8re minuteTendance<\/p>\n<ol class=\"jsx-95874d8574924d6f jsx-3678163218 AllNews__List AllNews__List--visible\">\n<li data-testid=\"AllNewsItem\" class=\"jsx-2e8fe6ce4c477ce7 AllNewsItem \"\/>\n<li data-testid=\"AllNewsItem\" class=\"jsx-2e8fe6ce4c477ce7 AllNewsItem \"\/>\n<li data-testid=\"AllNewsItem\" class=\"jsx-2e8fe6ce4c477ce7 AllNewsItem \"\/>\n<li data-testid=\"AllNewsItem\" class=\"jsx-2e8fe6ce4c477ce7 AllNewsItem \"\/>\n<li data-testid=\"AllNewsItem\" class=\"jsx-2e8fe6ce4c477ce7 AllNewsItem \"\/>\n<li data-testid=\"AllNewsItem\" class=\"jsx-2e8fe6ce4c477ce7 AllNewsItem AllNewsItem__Hidden\"\/>\n<li data-testid=\"AllNewsItem\" class=\"jsx-2e8fe6ce4c477ce7 AllNewsItem AllNewsItem__Hidden\"\/>\n<li data-testid=\"AllNewsItem\" class=\"jsx-2e8fe6ce4c477ce7 AllNewsItem AllNewsItem__Hidden\"\/>\n<li data-testid=\"AllNewsItem\" class=\"jsx-2e8fe6ce4c477ce7 AllNewsItem AllNewsItem__Hidden\"\/>\n<li data-testid=\"AllNewsItem\" class=\"jsx-2e8fe6ce4c477ce7 AllNewsItem AllNewsItem__Hidden\"\/>Voir plus d&rsquo;actualit\u00e9s\u00a0&#8211; Afficher tout<\/ol>\n<ol class=\"jsx-95874d8574924d6f jsx-3678163218 AllNews__List\">\n<li data-testid=\"AllNewsItem\" class=\"jsx-2e8fe6ce4c477ce7 AllNewsItem \"\/>\n<li data-testid=\"AllNewsItem\" class=\"jsx-2e8fe6ce4c477ce7 AllNewsItem \"\/>\n<li data-testid=\"AllNewsItem\" class=\"jsx-2e8fe6ce4c477ce7 AllNewsItem \"\/>\n<li data-testid=\"AllNewsItem\" class=\"jsx-2e8fe6ce4c477ce7 AllNewsItem \"\/>\n<li data-testid=\"AllNewsItem\" class=\"jsx-2e8fe6ce4c477ce7 AllNewsItem \"\/>\n<li data-testid=\"AllNewsItem\" class=\"jsx-2e8fe6ce4c477ce7 AllNewsItem AllNewsItem__Hidden\"\/>\n<li data-testid=\"AllNewsItem\" class=\"jsx-2e8fe6ce4c477ce7 AllNewsItem AllNewsItem__Hidden\"\/>\n<li data-testid=\"AllNewsItem\" class=\"jsx-2e8fe6ce4c477ce7 AllNewsItem AllNewsItem__Hidden\"\/>\n<li data-testid=\"AllNewsItem\" class=\"jsx-2e8fe6ce4c477ce7 AllNewsItem AllNewsItem__Hidden\"\/>\n<li data-testid=\"AllNewsItem\" class=\"jsx-2e8fe6ce4c477ce7 AllNewsItem AllNewsItem__Hidden\"\/>Voir plus d&rsquo;actualit\u00e9s\u00a0&#8211; Afficher tout<\/ol>\n<ol class=\"jsx-95874d8574924d6f jsx-3678163218 AllNews__List\">\n<li data-testid=\"AllNewsItem\" class=\"jsx-2e8fe6ce4c477ce7 AllNewsItem \"\/>\n<li data-testid=\"AllNewsItem\" class=\"jsx-2e8fe6ce4c477ce7 AllNewsItem \"\/>\n<li data-testid=\"AllNewsItem\" class=\"jsx-2e8fe6ce4c477ce7 AllNewsItem \"\/>\n<li data-testid=\"AllNewsItem\" class=\"jsx-2e8fe6ce4c477ce7 AllNewsItem \"\/>\n<li data-testid=\"AllNewsItem\" class=\"jsx-2e8fe6ce4c477ce7 AllNewsItem \"\/>\n<li data-testid=\"AllNewsItem\" class=\"jsx-2e8fe6ce4c477ce7 AllNewsItem AllNewsItem__Hidden\"\/>\n<li data-testid=\"AllNewsItem\" class=\"jsx-2e8fe6ce4c477ce7 AllNewsItem AllNewsItem__Hidden\"\/>\n<li data-testid=\"AllNewsItem\" class=\"jsx-2e8fe6ce4c477ce7 AllNewsItem AllNewsItem__Hidden\"\/>\n<li data-testid=\"AllNewsItem\" class=\"jsx-2e8fe6ce4c477ce7 AllNewsItem AllNewsItem__Hidden\"\/>\n<li data-testid=\"AllNewsItem\" class=\"jsx-2e8fe6ce4c477ce7 AllNewsItem AllNewsItem__Hidden\"\/>Voir plus d&rsquo;actualit\u00e9s\u00a0&#8211; Afficher tout<\/ol>\n<ol class=\"jsx-3116133996 Breadcrumb__Wrapper\">\n<li class=\"jsx-3116133996 Breadcrumb__Element\"><a href=\"https:\/\/www.tf1info.fr\/\" rel=\"noopener\" class=\"jsx-484472199 Link\" target=\"_blank\">Accueil<\/a><\/li>\n<li class=\"jsx-3116133996 Breadcrumb__Element\">&#8211;<a href=\"https:\/\/www.tf1info.fr\/justice-faits-divers\/\" rel=\"noopener\" class=\"jsx-484472199 Link\" target=\"_blank\">Police, justice et faits divers<\/a><\/li>\n<li class=\"jsx-3116133996 Breadcrumb__Element\">-EN DIRECT &#8211; Proc\u00e8s de C\u00e9dric Jubillar : Louis, le fils du couple, \u00ab\u00a0attend que son papa dise o\u00f9 est sa maman\u00a0\u00bb<\/li>\n<\/ol>\n","protected":false},"excerpt":{"rendered":"Le proc\u00e8s de C\u00e9dric Jubillar s\u2019est ouvert lundi devant la cour d\u2019assises du Tarn. L\u2019accus\u00e9, jug\u00e9 pour \u00ab\u00a0meurtre&hellip;\n","protected":false},"author":2,"featured_media":411877,"comment_status":"","ping_status":"","sticky":false,"template":"","format":"standard","meta":{"footnotes":""},"categories":[4],"tags":[1111,11,1921,33031,54292,1011,27,1922,2954,54291,12,25,133,2953],"class_list":{"0":"post-411876","1":"post","2":"type-post","3":"status-publish","4":"format-standard","5":"has-post-thumbnail","7":"category-france","8":"tag-actu","9":"tag-actualites","10":"tag-article-video","11":"tag-delphine-jubillar","12":"tag-disparition-de-delphine-jubillar-lheure-du-proces-pour-son-mari-cedric","13":"tag-fr","14":"tag-france","15":"tag-info","16":"tag-justice-et-faits-divers","17":"tag-la-disparition-de-delphine-jubillar","18":"tag-news","19":"tag-republique-francaise","20":"tag-video","21":"tag-video-police"},"share_on_mastodon":{"url":"https:\/\/pubeurope.com\/@fr\/115253537233592970","error":""},"_links":{"self":[{"href":"https:\/\/www.europesays.com\/fr\/wp-json\/wp\/v2\/posts\/411876","targetHints":{"allow":["GET"]}}],"collection":[{"href":"https:\/\/www.europesays.com\/fr\/wp-json\/wp\/v2\/posts"}],"about":[{"href":"https:\/\/www.europesays.com\/fr\/wp-json\/wp\/v2\/types\/post"}],"author":[{"embeddable":true,"href":"https:\/\/www.europesays.com\/fr\/wp-json\/wp\/v2\/users\/2"}],"replies":[{"embeddable":true,"href":"https:\/\/www.europesays.com\/fr\/wp-json\/wp\/v2\/comments?post=411876"}],"version-history":[{"count":0,"href":"https:\/\/www.europesays.com\/fr\/wp-json\/wp\/v2\/posts\/411876\/revisions"}],"wp:featuredmedia":[{"embeddable":true,"href":"https:\/\/www.europesays.com\/fr\/wp-json\/wp\/v2\/media\/411877"}],"wp:attachment":[{"href":"https:\/\/www.europesays.com\/fr\/wp-json\/wp\/v2\/media?parent=411876"}],"wp:term":[{"taxonomy":"category","embeddable":true,"href":"https:\/\/www.europesays.com\/fr\/wp-json\/wp\/v2\/categories?post=411876"},{"taxonomy":"post_tag","embeddable":true,"href":"https:\/\/www.europesays.com\/fr\/wp-json\/wp\/v2\/tags?post=411876"}],"curies":[{"name":"wp","href":"https:\/\/api.w.org\/{rel}","templated":true}]}}