{"id":411880,"date":"2025-09-23T12:10:11","date_gmt":"2025-09-23T12:10:11","guid":{"rendered":"https:\/\/www.europesays.com\/fr\/411880\/"},"modified":"2025-09-23T12:10:11","modified_gmt":"2025-09-23T12:10:11","slug":"il-jette-15-pochons-de-cocaine-a-la-vue-des-policiers","status":"publish","type":"post","link":"https:\/\/www.europesays.com\/fr\/411880\/","title":{"rendered":"Il jette 15 pochons de coca\u00efne \u00e0 la vue des policiers"},"content":{"rendered":"\n<p>Ce vendredi 19 septembre, alors que des fonctionnaires de police de la BST (Brigade Sp\u00e9cialis\u00e9e de Terrain) patrouillaient \u00e0 La Ricamarie, ils remarquent un groupe d&rsquo;individus rue Paul Langevin peu avant 15 heures. Parmi eux, un jeune homme de 18 ans prend la fuite lorsqu&rsquo;il aper\u00e7oit les policiers. Dans sa course, il se d\u00e9barasse de 15 pochons de coca\u00efne. Malgr\u00e9 tout, les policiers r\u00e9ussissent \u00e0 le rattrapper. Interpell\u00e9 et plac\u00e9 en garde \u00e0 vue, les produits stup\u00e9fiants ont \u00e9t\u00e9 d\u00e9truits et le jeune homme va avoir une ordonnance p\u00e9nale d\u00e9lictuelle.\u00a0<\/p>\n","protected":false},"excerpt":{"rendered":"Ce vendredi 19 septembre, alors que des fonctionnaires de police de la BST (Brigade Sp\u00e9cialis\u00e9e de Terrain) patrouillaient&hellip;\n","protected":false},"author":2,"featured_media":202675,"comment_status":"","ping_status":"","sticky":false,"template":"","format":"standard","meta":{"footnotes":""},"categories":[9653],"tags":[1111,11,2430,3992,1777,674,1011,27,54293,12,1072,25,4001],"class_list":{"0":"post-411880","1":"post","2":"type-post","3":"status-publish","4":"format-standard","5":"has-post-thumbnail","7":"category-saint-etienne","8":"tag-actu","9":"tag-actualites","10":"tag-auvergne-rhone-alpes","11":"tag-drogues","12":"tag-eu","13":"tag-europe","14":"tag-fr","15":"tag-france","16":"tag-la_ricamarie","17":"tag-news","18":"tag-police","19":"tag-republique-francaise","20":"tag-saint-etienne"},"share_on_mastodon":{"url":"https:\/\/pubeurope.com\/@fr\/115253544505524568","error":""},"_links":{"self":[{"href":"https:\/\/www.europesays.com\/fr\/wp-json\/wp\/v2\/posts\/411880","targetHints":{"allow":["GET"]}}],"collection":[{"href":"https:\/\/www.europesays.com\/fr\/wp-json\/wp\/v2\/posts"}],"about":[{"href":"https:\/\/www.europesays.com\/fr\/wp-json\/wp\/v2\/types\/post"}],"author":[{"embeddable":true,"href":"https:\/\/www.europesays.com\/fr\/wp-json\/wp\/v2\/users\/2"}],"replies":[{"embeddable":true,"href":"https:\/\/www.europesays.com\/fr\/wp-json\/wp\/v2\/comments?post=411880"}],"version-history":[{"count":0,"href":"https:\/\/www.europesays.com\/fr\/wp-json\/wp\/v2\/posts\/411880\/revisions"}],"wp:featuredmedia":[{"embeddable":true,"href":"https:\/\/www.europesays.com\/fr\/wp-json\/wp\/v2\/media\/202675"}],"wp:attachment":[{"href":"https:\/\/www.europesays.com\/fr\/wp-json\/wp\/v2\/media?parent=411880"}],"wp:term":[{"taxonomy":"category","embeddable":true,"href":"https:\/\/www.europesays.com\/fr\/wp-json\/wp\/v2\/categories?post=411880"},{"taxonomy":"post_tag","embeddable":true,"href":"https:\/\/www.europesays.com\/fr\/wp-json\/wp\/v2\/tags?post=411880"}],"curies":[{"name":"wp","href":"https:\/\/api.w.org\/{rel}","templated":true}]}}