{"id":411889,"date":"2025-09-23T12:15:26","date_gmt":"2025-09-23T12:15:26","guid":{"rendered":"https:\/\/www.europesays.com\/fr\/411889\/"},"modified":"2025-09-23T12:15:26","modified_gmt":"2025-09-23T12:15:26","slug":"toulon-sur-arroux-datant-du-xixe-siecle-le-lavoir-a-ete-restaure","status":"publish","type":"post","link":"https:\/\/www.europesays.com\/fr\/411889\/","title":{"rendered":"Toulon-sur-Arroux. Datant du XIXe\u00a0si\u00e8cle, le lavoir a \u00e9t\u00e9 restaur\u00e9"},"content":{"rendered":"<p>Le lavoir de la commune a \u00e9t\u00e9 inaugur\u00e9 dimanche. C\u2019est sous une pluie battante que Thierry Malbruneau, pr\u00e9sident de Toulon patrimoine association \u00e0 l\u2019origine de la r\u00e9novation du site, a fait l\u2019historique du lieu. Construit \u00e0 la fin du XIXe\u00a0si\u00e8cle, le lavoir a d\u00e9j\u00e0 connu plusieurs vies.<\/p>\n<p>Sa charpente avait d\u00e9j\u00e0 \u00e9t\u00e9 restaur\u00e9e une premi\u00e8re fois en 1995, sous l\u2019impulsion d\u2019un groupe de jeunes Toulonnais, qui, au cours&#8230;<\/p>\n","protected":false},"excerpt":{"rendered":"Le lavoir de la commune a \u00e9t\u00e9 inaugur\u00e9 dimanche. C\u2019est sous une pluie battante que Thierry Malbruneau, pr\u00e9sident&hellip;\n","protected":false},"author":2,"featured_media":411890,"comment_status":"","ping_status":"","sticky":false,"template":"","format":"standard","meta":{"footnotes":""},"categories":[9619],"tags":[1111,11,12568,1777,674,107,1011,27,14000,12,882,25,104,2310,13999,1631],"class_list":{"0":"post-411889","1":"post","2":"type-post","3":"status-publish","4":"format-standard","5":"has-post-thumbnail","7":"category-toulon","8":"tag-actu","9":"tag-actualites","10":"tag-edition-montceau-les-mines","11":"tag-eu","12":"tag-europe","13":"tag-fil-info","14":"tag-fr","15":"tag-france","16":"tag-montceau-les-mines-bassin","17":"tag-news","18":"tag-provence-alpes-cote-dazur","19":"tag-republique-francaise","20":"tag-societe","21":"tag-toulon","22":"tag-toulon-sur-arroux","23":"tag-vie-associative"},"share_on_mastodon":{"url":"https:\/\/pubeurope.com\/@fr\/115253564270334624","error":""},"_links":{"self":[{"href":"https:\/\/www.europesays.com\/fr\/wp-json\/wp\/v2\/posts\/411889","targetHints":{"allow":["GET"]}}],"collection":[{"href":"https:\/\/www.europesays.com\/fr\/wp-json\/wp\/v2\/posts"}],"about":[{"href":"https:\/\/www.europesays.com\/fr\/wp-json\/wp\/v2\/types\/post"}],"author":[{"embeddable":true,"href":"https:\/\/www.europesays.com\/fr\/wp-json\/wp\/v2\/users\/2"}],"replies":[{"embeddable":true,"href":"https:\/\/www.europesays.com\/fr\/wp-json\/wp\/v2\/comments?post=411889"}],"version-history":[{"count":0,"href":"https:\/\/www.europesays.com\/fr\/wp-json\/wp\/v2\/posts\/411889\/revisions"}],"wp:featuredmedia":[{"embeddable":true,"href":"https:\/\/www.europesays.com\/fr\/wp-json\/wp\/v2\/media\/411890"}],"wp:attachment":[{"href":"https:\/\/www.europesays.com\/fr\/wp-json\/wp\/v2\/media?parent=411889"}],"wp:term":[{"taxonomy":"category","embeddable":true,"href":"https:\/\/www.europesays.com\/fr\/wp-json\/wp\/v2\/categories?post=411889"},{"taxonomy":"post_tag","embeddable":true,"href":"https:\/\/www.europesays.com\/fr\/wp-json\/wp\/v2\/tags?post=411889"}],"curies":[{"name":"wp","href":"https:\/\/api.w.org\/{rel}","templated":true}]}}