{"id":411899,"date":"2025-09-23T12:21:14","date_gmt":"2025-09-23T12:21:14","guid":{"rendered":"https:\/\/www.europesays.com\/fr\/411899\/"},"modified":"2025-09-23T12:21:14","modified_gmt":"2025-09-23T12:21:14","slug":"reportage-500-planches-de-bd-appartenant-a-michel-edouard-leclerc-debarquent-a-grenoble","status":"publish","type":"post","link":"https:\/\/www.europesays.com\/fr\/411899\/","title":{"rendered":"Reportage. 500 planches de BD appartenant \u00e0 Michel-\u00c9douard Leclerc d\u00e9barquent\u2026 \u00e0 Grenoble"},"content":{"rendered":"<p>Au dos d\u2019une magnifique planche de BD de Ptiluc, l\u2019auteur a \u00e9crit\u00a0: \u201cSalut Michel et encore merci\u00a0! Gr\u00e2ce \u00e0 toi, le grand capital collabore avec la nouvelle paysannerie artistique\u201d. De quoi faire marrer celui dont le nom s\u2019affiche au-dessus de centaines de supermarch\u00e9s.<\/p>\n<p>Au milieu de ses 8\u00a0000 planches originales, Michel-\u00c9douard Leclerc a les yeux qui brillent. Le m\u00eame regard qu\u2019il avait, enfant, devant la biblioth\u00e8que familiale. \u00ab\u00a0J\u2019avais des parents qui nous incitaient \u00e0 tout lire. Nous avions beaucoup de livres&#8230;<\/p>\n","protected":false},"excerpt":{"rendered":"Au dos d\u2019une magnifique planche de BD de Ptiluc, l\u2019auteur a \u00e9crit\u00a0: \u201cSalut Michel et encore merci\u00a0! Gr\u00e2ce&hellip;\n","protected":false},"author":2,"featured_media":411900,"comment_status":"","ping_status":"","sticky":false,"template":"","format":"standard","meta":{"footnotes":""},"categories":[9566],"tags":[1111,11,2430,1687,112,1777,674,2271,107,1011,27,2731,2732,108,12,25,4604,273],"class_list":{"0":"post-411899","1":"post","2":"type-post","3":"status-publish","4":"format-standard","5":"has-post-thumbnail","7":"category-grenoble","8":"tag-actu","9":"tag-actualites","10":"tag-auvergne-rhone-alpes","11":"tag-culture-loisirs","12":"tag-edition-grenoble-agglomeration","13":"tag-eu","14":"tag-europe","15":"tag-exposition-arts-plastiques","16":"tag-fil-info","17":"tag-fr","18":"tag-france","19":"tag-grenoble","20":"tag-grenoble-bassin","21":"tag-isere","22":"tag-news","23":"tag-republique-francaise","24":"tag-selection-abonne","25":"tag-selection-de-la-redaction"},"share_on_mastodon":{"url":"https:\/\/pubeurope.com\/@fr\/115253587784755474","error":""},"_links":{"self":[{"href":"https:\/\/www.europesays.com\/fr\/wp-json\/wp\/v2\/posts\/411899","targetHints":{"allow":["GET"]}}],"collection":[{"href":"https:\/\/www.europesays.com\/fr\/wp-json\/wp\/v2\/posts"}],"about":[{"href":"https:\/\/www.europesays.com\/fr\/wp-json\/wp\/v2\/types\/post"}],"author":[{"embeddable":true,"href":"https:\/\/www.europesays.com\/fr\/wp-json\/wp\/v2\/users\/2"}],"replies":[{"embeddable":true,"href":"https:\/\/www.europesays.com\/fr\/wp-json\/wp\/v2\/comments?post=411899"}],"version-history":[{"count":0,"href":"https:\/\/www.europesays.com\/fr\/wp-json\/wp\/v2\/posts\/411899\/revisions"}],"wp:featuredmedia":[{"embeddable":true,"href":"https:\/\/www.europesays.com\/fr\/wp-json\/wp\/v2\/media\/411900"}],"wp:attachment":[{"href":"https:\/\/www.europesays.com\/fr\/wp-json\/wp\/v2\/media?parent=411899"}],"wp:term":[{"taxonomy":"category","embeddable":true,"href":"https:\/\/www.europesays.com\/fr\/wp-json\/wp\/v2\/categories?post=411899"},{"taxonomy":"post_tag","embeddable":true,"href":"https:\/\/www.europesays.com\/fr\/wp-json\/wp\/v2\/tags?post=411899"}],"curies":[{"name":"wp","href":"https:\/\/api.w.org\/{rel}","templated":true}]}}