{"id":411905,"date":"2025-09-23T12:24:11","date_gmt":"2025-09-23T12:24:11","guid":{"rendered":"https:\/\/www.europesays.com\/fr\/411905\/"},"modified":"2025-09-23T12:24:11","modified_gmt":"2025-09-23T12:24:11","slug":"strasbourg-conte-de-noel-comedie-la-nouvelle-saison-du-theatre-alsacien-sannonce-eclectique-a-lopera","status":"publish","type":"post","link":"https:\/\/www.europesays.com\/fr\/411905\/","title":{"rendered":"Strasbourg. Conte de No\u00ebl, com\u00e9die\u2026 la nouvelle saison du th\u00e9\u00e2tre alsacien s\u2019annonce \u00e9clectique \u00e0 l\u2019Op\u00e9ra"},"content":{"rendered":"<p>Le rideau se l\u00e8vera le 13\u00a0novembre \u00e0 l\u2019Op\u00e9ra national du Rhin <a href=\"https:\/\/www.dna.fr\/culture-loisirs\/2025\/05\/23\/au-theatre-alsacien-un-hymne-a-la-langue-regionale\" target=\"_blank\" rel=\"noopener\">pour le th\u00e9\u00e2tre alsacien de Strasbourg (TAS)<\/a>. Le TAS a r\u00e9cemment d\u00e9voil\u00e9 les contours de sa 128 e saison. La programmation est \u00e9clectique et l\u2019humour tient le haut de l\u2019affiche. \u00ab\u00a0Nous avons des com\u00e9diennes qui d\u00e9butent dans la mise en sc\u00e8ne. Cela prouve que nous avons les ressources pour exercer diff\u00e9rentes fonctions, ce qui est aussi un gage de survie et de renouvellement\u00a0\u00bb, explique le pr\u00e9sident du TAS, Philippe Ritter.<\/p>\n<p>  De Strassburjer Nusskn\u00e0cker pour sublimer les f\u00eates<\/p>\n<p>Ce renouvellement est perceptible d\u2019entr\u00e9e de jeu, avec la pi\u00e8ce \u00a0 Im D\u00fcweschl\u00e0\u00e0 , d\u2019apr\u00e8s Les belles-s\u0153urs (2011) d\u2019Eric Assous. Adapt\u00e9e par Elisabeth Ritter, cette pi\u00e8ce explore les rapports humains, dans la pure veine d\u2019une histoire pleine de rebondissements. En d\u00e9cembre, au c\u0153ur des f\u00eates, le th\u00e9\u00e2tre porte sur sc\u00e8ne, son conte de No\u00ebl. Cette ann\u00e9e, il s\u2019agira De Strassburjer Nussknacker cr\u00e9\u00e9 par \u00c9lisabeth Ritter et St\u00e9phanie Schaetzl\u00e9, qui signent le texte et la mise en sc\u00e8ne. L\u2019histoire est inspir\u00e9e librement de Casse-Noisette , d\u2019E.T.A. Hoffmann, rendu c\u00e9l\u00e8bre par le ballet de Tcha\u00efkovski. Vingt-deux com\u00e9diens incarneront ce conte aux sons de l\u2019accord\u00e9on et des percussions du Trio [S\u00e3susi], accompagn\u00e9s de danseuses qui interpr\u00e8teront une chor\u00e9graphie de Richard Caquelin.<\/p>\n<p>  Des tics et tocs, une cigogne qui fait le printemps et un vent de panique qui souffle au Plazza<\/p>\n<p>En janvier, <a href=\"https:\/\/www.dna.fr\/culture-loisirs\/2024\/10\/24\/toc-toc-le-theatre-alsacien-de-retour-en-janvier\" target=\"_blank\" rel=\"noopener\">la com\u00e9die Toc-Toc (2005) adapt\u00e9e par Christophe Welly de la pi\u00e8ce de Laurent Baffie<\/a> , frappera les trois coups sur la sc\u00e8ne dialectale. Mise en sc\u00e8ne par Jos\u00e9 Montanari, cette pi\u00e8ce un brin d\u00e9cal\u00e9e, d\u00e9peint avec d\u00e9licatesse les troubles obsessionnels compulsifs. En avril, la cigogne n\u2019en fera qu\u2019\u00e0 sa t\u00eate et sera annonciatrice du printemps, mais aussi de b\u00e9b\u00e9, dans l\u2019adaptation E tritt vum Storich de Philippe Ritter, d\u2019apr\u00e8s Le coup de la cigogne \u00a0de Jean-Claude Islert. La mise en sc\u00e8ne est de Mich\u00e8le Mehn, jeune com\u00e9dienne du TAS, qui dirigera \u2013 et c\u2019est une premi\u00e8re \u2013 les com\u00e9diens.<\/p>\n<p>En mai, Panik im Plazza de Jos\u00e9 Montanari d\u2019apr\u00e8s la com\u00e9die Panique au Plazza (1991) de l\u2019anglais Ray Cooney, nous promet un clap de fin des plus des hilarants, dans cette histoire, o\u00f9 deux amants, un homme politique de droite et une femme de gauche se retrouvent \u00e0 l\u2019h\u00f4tel Plazza, o\u00f9 un \u00e9v\u00e9nement impr\u00e9vu va semer la panique\u2026<\/p>\n<p class=\"note\">Souscription des abonnements du 1er au 17\u00a0octobre. Achat en ligne \u00e0 partir du 20\u00a0octobre\u00a0: <a href=\"https:\/\/www.theatre-alsacien-strasbourg.fr\/saison.htm\" target=\"_blank\" rel=\"noopener\">www.theatre-alsacien-strasbourg.fr<\/a> et \u00e0 la caisse de l\u2019Op\u00e9ra du Rhin. Renseignements\u00a0: 06\u00a033\u00a026\u00a003\u00a000.\u00a0Autre point de vente\u00a0: le 5e Lieu, place du Ch\u00e2teau \u00e0 Strasbourg. T\u00e9l.\u00a0: 03\u00a068\u00a098\u00a052\u00a015.\u00a0\u00c0 noter que le th\u00e9\u00e2tre lance un avis \u00e0 ceux, jeunes ou moins jeunes, car c\u2019est bien connu, qu\u2019au th\u00e9\u00e2tre on reste toujours jeune, qui souhaitent rejoindre la troupe (jeu de sc\u00e8ne o\u00f9 autre r\u00f4le au sein de la troupe).<\/p>\n","protected":false},"excerpt":{"rendered":"Le rideau se l\u00e8vera le 13\u00a0novembre \u00e0 l\u2019Op\u00e9ra national du Rhin pour le th\u00e9\u00e2tre alsacien de Strasbourg (TAS).&hellip;\n","protected":false},"author":2,"featured_media":411906,"comment_status":"","ping_status":"","sticky":false,"template":"","format":"standard","meta":{"footnotes":""},"categories":[2820],"tags":[1111,11,1687,2880,1777,674,107,1011,27,775,12,25,3140,640,2879],"class_list":{"0":"post-411905","1":"post","2":"type-post","3":"status-publish","4":"format-standard","5":"has-post-thumbnail","7":"category-strasbourg","8":"tag-actu","9":"tag-actualites","10":"tag-culture-loisirs","11":"tag-edition-strasbourg","12":"tag-eu","13":"tag-europe","14":"tag-fil-info","15":"tag-fr","16":"tag-france","17":"tag-grand-est","18":"tag-news","19":"tag-republique-francaise","20":"tag-spectacle","21":"tag-strasbourg","22":"tag-strasbourg-ville"},"share_on_mastodon":{"url":"https:\/\/pubeurope.com\/@fr\/115253599678885990","error":""},"_links":{"self":[{"href":"https:\/\/www.europesays.com\/fr\/wp-json\/wp\/v2\/posts\/411905","targetHints":{"allow":["GET"]}}],"collection":[{"href":"https:\/\/www.europesays.com\/fr\/wp-json\/wp\/v2\/posts"}],"about":[{"href":"https:\/\/www.europesays.com\/fr\/wp-json\/wp\/v2\/types\/post"}],"author":[{"embeddable":true,"href":"https:\/\/www.europesays.com\/fr\/wp-json\/wp\/v2\/users\/2"}],"replies":[{"embeddable":true,"href":"https:\/\/www.europesays.com\/fr\/wp-json\/wp\/v2\/comments?post=411905"}],"version-history":[{"count":0,"href":"https:\/\/www.europesays.com\/fr\/wp-json\/wp\/v2\/posts\/411905\/revisions"}],"wp:featuredmedia":[{"embeddable":true,"href":"https:\/\/www.europesays.com\/fr\/wp-json\/wp\/v2\/media\/411906"}],"wp:attachment":[{"href":"https:\/\/www.europesays.com\/fr\/wp-json\/wp\/v2\/media?parent=411905"}],"wp:term":[{"taxonomy":"category","embeddable":true,"href":"https:\/\/www.europesays.com\/fr\/wp-json\/wp\/v2\/categories?post=411905"},{"taxonomy":"post_tag","embeddable":true,"href":"https:\/\/www.europesays.com\/fr\/wp-json\/wp\/v2\/tags?post=411905"}],"curies":[{"name":"wp","href":"https:\/\/api.w.org\/{rel}","templated":true}]}}