{"id":411907,"date":"2025-09-23T12:25:13","date_gmt":"2025-09-23T12:25:13","guid":{"rendered":"https:\/\/www.europesays.com\/fr\/411907\/"},"modified":"2025-09-23T12:25:13","modified_gmt":"2025-09-23T12:25:13","slug":"municipales-2026-a-strasbourg-thibaut-vinci-appelle-a-une-confrontation-des-idees-avec-catherine-trautmann","status":"publish","type":"post","link":"https:\/\/www.europesays.com\/fr\/411907\/","title":{"rendered":"Municipales 2026. \u00c0 Strasbourg, Thibaut Vinci appelle \u00e0 une confrontation des id\u00e9es avec Catherine Trautmann"},"content":{"rendered":"<p>Thibaut Vinci, candidat PRG \u00e0 la mairie de Strasbourg, r\u00e9agit au <a href=\"https:\/\/www.dna.fr\/elections\/2025\/09\/12\/strasbourg-selon-un-sondage-ifop-trautmann-et-vetter-au-coude-a-coude-devant-barseghian\" target=\"_blank\" rel=\"nofollow noopener\">premier sondage Ifop qui place Catherine Trautmann (PS) en t\u00eate<\/a> , au coude \u00e0 coude avec Jean-Philippe Vetter. Il reconna\u00eet l\u2019exp\u00e9rience et le r\u00f4le central de l\u2019ancienne maire de Strasbourg dans la dynamique socialiste, mais regrette qu\u2019elle n\u2019ait pas r\u00e9pondu \u00e0 sa \u00ab\u00a0proposition d\u2019organiser <a href=\"https:\/\/www.dna.fr\/politique\/2025\/01\/11\/a-strasbourg-le-prg-appelle-a-une-primaire-citoyenne-de-gauche\" target=\"_blank\" rel=\"nofollow noopener\">une primaire ouverte pour unir les forces progressistes<\/a> \u00a0\u00bb.<\/p>\n<p>Une ambition \u00ab\u00a0 diff\u00e9rente\u00a0\u00bb<\/p>\n<p>Thibaut Vinci, qui insiste sur son ind\u00e9pendance vis-\u00e0-vis du PS, d\u00e9fend une ambition \u00ab\u00a0diff\u00e9rente\u00a0\u00bb, tourn\u00e9e vers l\u2019innovation et la rupture avec les conservatismes. Il appelle \u00e0 un d\u00e9bat public avec <a href=\"https:\/\/www.dna.fr\/p\/catherine-trautmann\" target=\"_blank\" rel=\"nofollow noopener\">Catherine Trautmann<\/a> pour confronter leurs visions d\u2019un Strasbourg \u00ab\u00a0plus vert, plus solidaire et plus dynamique\u00a0\u00bb, estimant que les Strasbourgeois m\u00e9ritent un vrai \u00e9change d\u2019id\u00e9es.<\/p>\n","protected":false},"excerpt":{"rendered":"Thibaut Vinci, candidat PRG \u00e0 la mairie de Strasbourg, r\u00e9agit au premier sondage Ifop qui place Catherine Trautmann&hellip;\n","protected":false},"author":2,"featured_media":411908,"comment_status":"","ping_status":"","sticky":false,"template":"","format":"standard","meta":{"footnotes":""},"categories":[2820],"tags":[1111,11,2880,5949,4188,1777,674,107,1011,27,775,12,3541,316,25,640,2879],"class_list":{"0":"post-411907","1":"post","2":"type-post","3":"status-publish","4":"format-standard","5":"has-post-thumbnail","7":"category-strasbourg","8":"tag-actu","9":"tag-actualites","10":"tag-edition-strasbourg","11":"tag-elections","12":"tag-elections-municipales","13":"tag-eu","14":"tag-europe","15":"tag-fil-info","16":"tag-fr","17":"tag-france","18":"tag-grand-est","19":"tag-news","20":"tag-parti-socialiste","21":"tag-politique","22":"tag-republique-francaise","23":"tag-strasbourg","24":"tag-strasbourg-ville"},"share_on_mastodon":{"url":"https:\/\/pubeurope.com\/@fr\/115253603561413290","error":""},"_links":{"self":[{"href":"https:\/\/www.europesays.com\/fr\/wp-json\/wp\/v2\/posts\/411907","targetHints":{"allow":["GET"]}}],"collection":[{"href":"https:\/\/www.europesays.com\/fr\/wp-json\/wp\/v2\/posts"}],"about":[{"href":"https:\/\/www.europesays.com\/fr\/wp-json\/wp\/v2\/types\/post"}],"author":[{"embeddable":true,"href":"https:\/\/www.europesays.com\/fr\/wp-json\/wp\/v2\/users\/2"}],"replies":[{"embeddable":true,"href":"https:\/\/www.europesays.com\/fr\/wp-json\/wp\/v2\/comments?post=411907"}],"version-history":[{"count":0,"href":"https:\/\/www.europesays.com\/fr\/wp-json\/wp\/v2\/posts\/411907\/revisions"}],"wp:featuredmedia":[{"embeddable":true,"href":"https:\/\/www.europesays.com\/fr\/wp-json\/wp\/v2\/media\/411908"}],"wp:attachment":[{"href":"https:\/\/www.europesays.com\/fr\/wp-json\/wp\/v2\/media?parent=411907"}],"wp:term":[{"taxonomy":"category","embeddable":true,"href":"https:\/\/www.europesays.com\/fr\/wp-json\/wp\/v2\/categories?post=411907"},{"taxonomy":"post_tag","embeddable":true,"href":"https:\/\/www.europesays.com\/fr\/wp-json\/wp\/v2\/tags?post=411907"}],"curies":[{"name":"wp","href":"https:\/\/api.w.org\/{rel}","templated":true}]}}