{"id":411917,"date":"2025-09-23T12:30:15","date_gmt":"2025-09-23T12:30:15","guid":{"rendered":"https:\/\/www.europesays.com\/fr\/411917\/"},"modified":"2025-09-23T12:30:15","modified_gmt":"2025-09-23T12:30:15","slug":"pourquoi-des-agents-penitentiaires-vont-pouvoir-utiliser-une-voiture-de-malfrats-avant-leur-jugement","status":"publish","type":"post","link":"https:\/\/www.europesays.com\/fr\/411917\/","title":{"rendered":"pourquoi des agents p\u00e9nitentiaires vont pouvoir utiliser une voiture de malfrats avant leur jugement"},"content":{"rendered":"<p>            Par<br \/>\n        <strong><br \/>\n            <a href=\"https:\/\/actu.fr\/auteur\/redaction-bordeaux\" title=\"Consulter tous les articles de R\u00e9daction Bordeaux\" target=\"_blank\" rel=\"noopener\">R\u00e9daction Bordeaux<\/a><br \/>\n        <\/strong><\/p>\n<p>        Publi\u00e9 le<\/p>\n<p>            23 sept. 2025 \u00e0 11h12        <\/p>\n<p>Elle a \u00e9t\u00e9 saisie dans le cadre d\u2019une enqu\u00eate li\u00e9e \u00e0 un <strong>trafic de drogue.<\/strong> Une Audi d\u2019une valeur <strong>de 20\u2009000\u00a0euros<\/strong> va servir aux agents des services p\u00e9nitentiaires \u2013 au lieu d\u2019accumuler les frais en attente du jugement. \u00ab\u2009Il est symboliquement satisfaisant que <strong>l\u2019argent du crime organis\u00e9<\/strong> soit revers\u00e9 aux services de l\u2019\u00c9tat charg\u00e9s de lutter contre ce ph\u00e9nom\u00e8ne\u2009\u00bb, a soulign\u00e9 Renaud Gaudeul, procureur de la R\u00e9publique. Une premi\u00e8re <a href=\"https:\/\/actu.fr\/bordeaux\/\" target=\"_blank\" rel=\"noopener\">\u00e0 Bordeaux,<\/a> mais qui ne devrait pas \u00eatre la derni\u00e8re. On vous explique.<\/p>\n<p class=\" wall-content\">Ce SUV a \u00e9t\u00e9 saisi \u00ab\u2009dans le cadre d\u2019un dossier d\u2019information judiciaire actuellement ouvert \u00e0 la Juridiction interr\u00e9gionale sp\u00e9cialis\u00e9e (JIRS) de Bordeaux portant sur des faits de blanchiment de trafic <a href=\"https:\/\/actu.fr\/tag\/drogue\" target=\"_blank\" rel=\"noopener\">de stup\u00e9fiants<\/a> et participation \u00e0 une association de malfaiteurs en vue de la pr\u00e9paration de d\u00e9lits punis de <strong>10\u00a0ans d\u2019emprisonnement\u2009\u00bb,<\/strong> explique le parquet de Bordeaux ce mardi 23\u00a0septembre 2025.<\/p>\n<p>Une loi de 2024<\/p>\n<p class=\" wall-content\">Sur r\u00e9quisitions du parquet, le juge d\u2019instruction saisi du dossier a ordonn\u00e9 la remise de ce v\u00e9hicule \u00e0 l\u2019Agence de gestion et de recouvrement des avoirs saisis et confisqu\u00e9s (AGRASC). Alors que le <strong>jugement<\/strong> <strong>n\u2019a pas encore \u00e9t\u00e9 rendu<\/strong> dans l\u2019affaire, le <a href=\"https:\/\/actu.fr\/tag\/automobile\" target=\"_blank\" rel=\"noopener\">v\u00e9hicule<\/a> a ensuite \u00e9t\u00e9 remis \u00e0 la Direction interr\u00e9gionale des services p\u00e9nitentiaires (DISP) de Bordeaux ce jeudi 18\u00a0septembre.<\/p>\n<p class=\" wall-content\">En effet, une loi du 24\u00a0juin 2024 \u00ab\u2009\u00e9largi la liste des services pouvant b\u00e9n\u00e9ficier d\u2019une remise avant jugement d\u2019objets saisis dans le cadre d\u2019une enqu\u00eate p\u00e9nale\u2009\u00bb, rappelle le parquet. Les services de <strong>l\u2019administration p\u00e9nitentiaire<\/strong> et les \u00e9tablissements publics plac\u00e9s sous la tutelle du minist\u00e8re de la Justice en font partie.<\/p>\n<p class=\" wall-content\">\u00ab\u2009L\u2019objectif de ce dispositif est de mettre \u00e0 disposition de services judiciaires, \u00e0 titre gratuit, des moyens suppl\u00e9mentaires pr\u00e9cieux leur permettant d\u2019exercer leurs missions dans de meilleures conditions et de <strong>r\u00e9aliser des \u00e9conomies substantielles\u2009\u00bb<\/strong>, d\u00e9crypte le parquet de Bordeaux.<\/p>\n<p>Transformer une charge \u00ab\u2009en une ressource utile\u2009\u00bb<\/p>\n<p class=\" wall-content\">La remise de l\u2019Audi est une premi\u00e8re \u00e0 Bordeaux, mais \u00ab\u2009a vocation \u00e0 \u00eatre suivie de plusieurs autres\u2009\u00bb. Elle permet entre autres \u00ab\u2009d\u2019\u00e9viter <strong>des frais de conservation<\/strong> des objets confisqu\u00e9s, souvent on\u00e9reux notamment lorsqu\u2019il s\u2019agit de v\u00e9hicules, qui peuvent s\u2019av\u00e9rer disproportionn\u00e9s par rapport \u00e0 leur valeur \u00e9conomique\u2009\u00bb. Une mani\u00e8re de transformer une charge financi\u00e8re pour la Justice \u00ab\u2009en une ressource utile\u2009\u00bb.<\/p>\n<p>Votre r\u00e9gion, votre actu !<\/p>\n<p>Recevez chaque jour les infos qui comptent pour vous.<\/p>\n<p>\t<a href=\"https:\/\/actu.fr\/newsletter\" class=\"ac-btn ac-btn--corner ac-btn--medium ac-btn--blue800\" target=\"_blank\" rel=\"noopener\">S&rsquo;incrire<\/a><\/p>\n<p class=\" wall-content\">Le v\u00e9hicule est affect\u00e9 \u00e0 \u00ab\u2009l\u2019Equipe r\u00e9gionale d\u2019intervention et de s\u00e9curit\u00e9 (ERIS), qui intervient sur le ressort de la direction interr\u00e9gionale pour renforcer la s\u00e9curit\u00e9 des \u00e9tablissements p\u00e9nitentiaires et r\u00e9aliser, <strong>en renfort d\u2019escorte<\/strong> ou en escorte principale, le transfert administratif de d\u00e9tenus signal\u00e9s\u2009\u00bb, d\u00e9taille Franck Linares, directeur interr\u00e9gional des services p\u00e9nitentiaires de Bordeaux.<\/p>\n<p class=\" wall-content\">Personnalisez votre actualit\u00e9 en ajoutant vos villes et m\u00e9dias en favori avec <a href=\"https:\/\/moncompte.actu.fr\" title=\"D\u00e9couvez Mon Actu\" rel=\"nofollow noopener\" data-trk=\"{&quot;cta&quot;:{&quot;action&quot;:&quot;https:\\\/\\\/moncompte.actu.fr&quot;,&quot;category&quot;:&quot;mon compte&quot;,&quot;from&quot;:&quot;article footer&quot;,&quot;name&quot;:&quot;Mon actu&quot;,&quot;type&quot;:&quot;cta&quot;}}\" target=\"_blank\">Mon Actu<\/a>.<\/p>\n","protected":false},"excerpt":{"rendered":"Par R\u00e9daction Bordeaux Publi\u00e9 le 23 sept. 2025 \u00e0 11h12 Elle a \u00e9t\u00e9 saisie dans le cadre d\u2019une&hellip;\n","protected":false},"author":2,"featured_media":411918,"comment_status":"","ping_status":"","sticky":false,"template":"","format":"standard","meta":{"footnotes":""},"categories":[2817],"tags":[1111,11,1997,1052,1777,674,1011,27,303,12,2219,899,25,104],"class_list":{"0":"post-411917","1":"post","2":"type-post","3":"status-publish","4":"format-standard","5":"has-post-thumbnail","7":"category-bordeaux","8":"tag-actu","9":"tag-actualites","10":"tag-bordeaux","11":"tag-drogue","12":"tag-eu","13":"tag-europe","14":"tag-fr","15":"tag-france","16":"tag-justice","17":"tag-news","18":"tag-nouvelle-aquitaine","19":"tag-prisons","20":"tag-republique-francaise","21":"tag-societe"},"share_on_mastodon":{"url":"https:\/\/pubeurope.com\/@fr\/115253623729971286","error":""},"_links":{"self":[{"href":"https:\/\/www.europesays.com\/fr\/wp-json\/wp\/v2\/posts\/411917","targetHints":{"allow":["GET"]}}],"collection":[{"href":"https:\/\/www.europesays.com\/fr\/wp-json\/wp\/v2\/posts"}],"about":[{"href":"https:\/\/www.europesays.com\/fr\/wp-json\/wp\/v2\/types\/post"}],"author":[{"embeddable":true,"href":"https:\/\/www.europesays.com\/fr\/wp-json\/wp\/v2\/users\/2"}],"replies":[{"embeddable":true,"href":"https:\/\/www.europesays.com\/fr\/wp-json\/wp\/v2\/comments?post=411917"}],"version-history":[{"count":0,"href":"https:\/\/www.europesays.com\/fr\/wp-json\/wp\/v2\/posts\/411917\/revisions"}],"wp:featuredmedia":[{"embeddable":true,"href":"https:\/\/www.europesays.com\/fr\/wp-json\/wp\/v2\/media\/411918"}],"wp:attachment":[{"href":"https:\/\/www.europesays.com\/fr\/wp-json\/wp\/v2\/media?parent=411917"}],"wp:term":[{"taxonomy":"category","embeddable":true,"href":"https:\/\/www.europesays.com\/fr\/wp-json\/wp\/v2\/categories?post=411917"},{"taxonomy":"post_tag","embeddable":true,"href":"https:\/\/www.europesays.com\/fr\/wp-json\/wp\/v2\/tags?post=411917"}],"curies":[{"name":"wp","href":"https:\/\/api.w.org\/{rel}","templated":true}]}}