{"id":411944,"date":"2025-09-23T12:47:11","date_gmt":"2025-09-23T12:47:11","guid":{"rendered":"https:\/\/www.europesays.com\/fr\/411944\/"},"modified":"2025-09-23T12:47:11","modified_gmt":"2025-09-23T12:47:11","slug":"apres-lincursion-de-drones-au-dessus-de-laeroport-de-copenhague-zelensky-accuse-la-russie-qui-dement-ces-accusations","status":"publish","type":"post","link":"https:\/\/www.europesays.com\/fr\/411944\/","title":{"rendered":"apr\u00e8s l&rsquo;incursion de drones au-dessus de l&rsquo;a\u00e9roport de Copenhague, Zelensky accuse la Russie qui d\u00e9ment ces accusations"},"content":{"rendered":"<p class=\"article-p mdl\">Lundi 22 septembre 2025, un survol de l&rsquo;a\u00e9roport de Copenhague par des <strong>drones d&rsquo;origine inconnue<\/strong> a bloqu\u00e9 le trafic a\u00e9rien pendant quatre heures. Ce mardi, les autorit\u00e9s danoises ont d\u00e9nonc\u00e9 une \u00ab\u00a0grave attaque\u00a0\u00bb contre les infrastructures du pays. Apr\u00e8s l&rsquo;annulation et le d\u00e9tournement d&rsquo;une dizaine de vols, les a\u00e9roports de Copenhague et Oslo ont rouvert t\u00f4t mardi matin.\u00a0<\/p>\n<p class=\"article-p mdl\">Le porte-parole du Kremlin, <strong>Dmitri Peskov<\/strong>, a assur\u00e9, ce 23 septembre, que la Russie <strong>n&rsquo;\u00e9tait pas impliqu\u00e9e <\/strong>dans ce survol de drones, \u00e9voquant des \u00ab\u00a0accusations sans fondement\u00a0\u00bb. Un peu plus t\u00f4t, la Premi\u00e8re ministre danoise, Mette Frederiksen, avait dit \u00e0 la cha\u00eene danoise DR \u00ab\u00a0ne pouvoir exclure que ce soit la Russie\u00a0\u00bb. Sur X, le pr\u00e9sident ukrainien\u00a0<a class=\"link\" href=\"https:\/\/www.rtl.fr\/sujet\/volodymyr-zelensky\" target=\"_blank\" rel=\"noopener\">Volodymyr Zelensky\u00a0<\/a>a lui d\u00e9nonc\u00e9 une<strong> violation de l&rsquo;espace a\u00e9rien danois<\/strong> par la Russie.\u00a0<\/p>\n<p class=\"article-p mdl\">La police danoise s&rsquo;est montr\u00e9e plus prudente, en insistant sur le professionnalisme des auteurs de ces survols. Un des responsables des forces de l&rsquo;ordre, Jens Jespersen, a d\u00e9clar\u00e9 qu&rsquo;il s&rsquo;agit \u00ab\u00a0d&rsquo;un acteur qui <strong>poss\u00e8de des capacit\u00e9s<\/strong>, une volont\u00e9 et les outils pour se montrer\u00a0\u00bb. Selon lui, \u00ab\u00a0le nombre, la taille, les trajectoires de vol, le temps pass\u00e9 au-dessus de l&rsquo;a\u00e9roport\u00a0\u00bb semblent valider cette hypoth\u00e8se. Le Danemark fait face \u00e0 une \u00ab\u00a0menace de sabotage importante\u00a0\u00bb, ont soulign\u00e9 de leur c\u00f4t\u00e9 les services danois de renseignement.\u00a0<\/p>\n<blockquote class=\"article-quote\">\n<p class=\"article-quote-text icon icon-quote-v2\">L&rsquo;attaque la plus grave contre une infrastructure critique<\/p>\n<p>Premi\u00e8re ministre danoise, Mette Frederiksen<\/p>\n<\/blockquote>\n<p class=\"article-p mdl\">Dans un communiqu\u00e9 transmis \u00e0 l&rsquo;AFP, la Premi\u00e8re ministre danoise, Mette Frederiksen, a qualifi\u00e9 cette incursion de drones \u00ab\u00a0d&rsquo;attaque <strong>la plus grave<\/strong> contre une infrastructure critique\u00a0\u00bb au Danemark. Elle a ajout\u00e9 que \u00ab\u00a0cela s&rsquo;inscrit dans l&rsquo;\u00e9volution que nous avons pu observer derni\u00e8rement avec <strong>d&rsquo;autres attaques de drones<\/strong>, des violations de l&rsquo;espace a\u00e9rien et des\u00a0<a class=\"link\" href=\"https:\/\/www.rtl.fr\/actu\/international\/londres-berlin-bruxelles-comment-une-cyberattaque-a-seme-la-pagaille-dans-des-aeroports-europeens-7900544477\" target=\"_blank\" rel=\"noopener\">cyberattaques contre des a\u00e9roports europ\u00e9ens<\/a>\u00ab\u00a0. Le mod\u00e8le des trois ou quatre \u00ab\u00a0grands drones\u00a0\u00bb, rep\u00e9r\u00e9s par l&rsquo;a\u00e9roport lundi soir, n&rsquo;a pas encore \u00e9t\u00e9 d\u00e9termin\u00e9.\u00a0<\/p>\n<p class=\"article-p mdl\">La cheffe du gouvernement fait r\u00e9f\u00e9rence \u00e0 des intrusions de drones en\u00a0<a class=\"link\" href=\"https:\/\/www.rtl.fr\/actu\/international\/pologne-l-espace-aerien-sous-surveillance-renforcee-face-a-la-menace-de-drones-russes-7900541027\" target=\"_blank\" rel=\"noopener\">Pologne\u00a0<\/a>et Roumanie et \u00e0 l&rsquo;incursion d&rsquo;avions de chasse russes dans l&rsquo;espace a\u00e9rien <strong>estonien<\/strong>. Les trois gouvernements avaient mis en cause la Russie, qui a ni\u00e9 toute responsabilit\u00e9.\u00a0<\/p>\n<p class=\"article-p mdl\">Le week-end du 20 septembre, le trafic a\u00e9rien avait aussi \u00e9t\u00e9 perturb\u00e9 dans plusieurs a\u00e9roports europ\u00e9ens, dont ceux de Londres, Berlin, Bruxelles et Dublin, apr\u00e8s une cyberattaque sur un<strong> logiciel fourni par une entreprise <\/strong>pour l&rsquo;enregistrement des passagers.<\/p>\n<blockquote class=\"article-quote\">\n<p class=\"article-quote-text icon icon-quote-v2\">Il faut r\u00e9fl\u00e9chir tr\u00e8s soigneusement avant de tenter de neutraliser de si grands drones<\/p>\n<p>Jens Jespersen<\/p>\n<\/blockquote>\n<p class=\"article-p mdl\">L&rsquo;incident a entra\u00een\u00e9 des perturbations pour quelque <strong>20.000 passagers<\/strong>, d&rsquo;apr\u00e8s la direction de l&rsquo;a\u00e9roport. 31 vols ont \u00e9t\u00e9 d\u00e9tourn\u00e9s et 100 annul\u00e9s. De tr\u00e8s nombreux passagers faisaient la queue au comptoir pour changer leur billet mardi, a constat\u00e9 un journaliste de l&rsquo;AFP. \u00ab\u00a0Je n&rsquo;ai pas peur (&#8230;) mais je suis conscient que la\u00a0<a class=\"link\" href=\"https:\/\/www.rtl.fr\/sujet\/russie\" target=\"_blank\" rel=\"noopener\">guerre hybride men\u00e9e par la Russie<\/a>\u00a0ne cesse de s&rsquo;\u00e9tendre\u00a0\u00bb, a d\u00e9clar\u00e9 \u00e0 nos confr\u00e8res Eckart Nikolai Bierduempel, un voyageur allemand.\u00a0<br \/>\u00a0<br \/>L&rsquo;intervention des forces de l&rsquo;ordre \u00e9tait tr\u00e8s d\u00e9licate. \u00ab\u00a0Il faut <strong>r\u00e9fl\u00e9chir tr\u00e8s soigneusement<\/strong> avant de tenter de neutraliser de si grands drones\u00a0\u00bb, a ajout\u00e9 Jens Jespersen. S&rsquo;ils devaient tomber au sol, \u00ab\u00a0il y a des avions avec des gens, du carburant, et \u00e9galement des habitations de plusieurs c\u00f4t\u00e9s de l&rsquo;a\u00e9roport\u00a0\u00bb, a-t-il soulign\u00e9.<\/p>\n<p class=\"article-p mdl\">Selon lui, cette d\u00e9monstration pourrait \u00eatre un <strong>entra\u00eenement <\/strong>pour les op\u00e9rateurs de drones. Il a pr\u00e9cis\u00e9 que ces machines, provenant de diff\u00e9rentes directions, auraient pu d\u00e9coller d&rsquo;un bateau.\u00a0<\/p>\n<p class=\"article-p mdl\">Avant l&rsquo;incident, la police de Copenhague avait d\u00e9clar\u00e9 collaborer avec ses homologues \u00e0 <strong>Oslo <\/strong>apr\u00e8s que des observations de drones dans la capitale norv\u00e9gienne ont pareillement entra\u00een\u00e9 la fermeture de l&rsquo;a\u00e9roport pendant plusieurs heures. Les<strong> services de renseignement norv\u00e9giens<\/strong> ont confirm\u00e9 leur implication dans l&rsquo;enqu\u00eate.<\/p>\n<p class=\"s-newsletter__title\">\n                L\u2019actualit\u00e9 par la r\u00e9daction de RTL dans votre bo\u00eete mail.\n            <\/p>\n<p class=\"s-newsletter__subtitle\">\n                Gr\u00e2ce \u00e0 votre compte RTL abonnez-vous \u00e0 la newsletter RTL info pour suivre toute l&rsquo;actualit\u00e9 au quotidien\n            <\/p>\n<p>\n                                    Lire la suite\n                                <\/p>\n","protected":false},"excerpt":{"rendered":"Lundi 22 septembre 2025, un survol de l&rsquo;a\u00e9roport de Copenhague par des drones d&rsquo;origine inconnue a bloqu\u00e9 le&hellip;\n","protected":false},"author":2,"featured_media":411945,"comment_status":"","ping_status":"","sticky":false,"template":"","format":"standard","meta":{"footnotes":""},"categories":[1591],"tags":[11,145,2024,1887,107,12,1885,1886,132,134],"class_list":{"0":"post-411944","1":"post","2":"type-post","3":"status-publish","4":"format-standard","5":"has-post-thumbnail","7":"category-russie","8":"tag-actualites","9":"tag-danemark","10":"tag-drones","11":"tag-federation-de-russie","12":"tag-fil-info","13":"tag-news","14":"tag-russia","15":"tag-russian-federation","16":"tag-russie","17":"tag-volodymyr-zelensky"},"share_on_mastodon":{"url":"https:\/\/pubeurope.com\/@fr\/115253689973238180","error":""},"_links":{"self":[{"href":"https:\/\/www.europesays.com\/fr\/wp-json\/wp\/v2\/posts\/411944","targetHints":{"allow":["GET"]}}],"collection":[{"href":"https:\/\/www.europesays.com\/fr\/wp-json\/wp\/v2\/posts"}],"about":[{"href":"https:\/\/www.europesays.com\/fr\/wp-json\/wp\/v2\/types\/post"}],"author":[{"embeddable":true,"href":"https:\/\/www.europesays.com\/fr\/wp-json\/wp\/v2\/users\/2"}],"replies":[{"embeddable":true,"href":"https:\/\/www.europesays.com\/fr\/wp-json\/wp\/v2\/comments?post=411944"}],"version-history":[{"count":0,"href":"https:\/\/www.europesays.com\/fr\/wp-json\/wp\/v2\/posts\/411944\/revisions"}],"wp:featuredmedia":[{"embeddable":true,"href":"https:\/\/www.europesays.com\/fr\/wp-json\/wp\/v2\/media\/411945"}],"wp:attachment":[{"href":"https:\/\/www.europesays.com\/fr\/wp-json\/wp\/v2\/media?parent=411944"}],"wp:term":[{"taxonomy":"category","embeddable":true,"href":"https:\/\/www.europesays.com\/fr\/wp-json\/wp\/v2\/categories?post=411944"},{"taxonomy":"post_tag","embeddable":true,"href":"https:\/\/www.europesays.com\/fr\/wp-json\/wp\/v2\/tags?post=411944"}],"curies":[{"name":"wp","href":"https:\/\/api.w.org\/{rel}","templated":true}]}}