{"id":411949,"date":"2025-09-23T12:50:12","date_gmt":"2025-09-23T12:50:12","guid":{"rendered":"https:\/\/www.europesays.com\/fr\/411949\/"},"modified":"2025-09-23T12:50:12","modified_gmt":"2025-09-23T12:50:12","slug":"royaume-uni-huw-pill-boe-se-dit-plus-a-laise-avec-les-perspectives-dinflation-23-09-2025-a-1431","status":"publish","type":"post","link":"https:\/\/www.europesays.com\/fr\/411949\/","title":{"rendered":"Royaume-Uni: Huw Pill (BoE) se dit plus \u00e0 l&rsquo;aise avec les perspectives d&rsquo;inflation &#8211; 23\/09\/2025 \u00e0 14:31"},"content":{"rendered":"<p>        <img fetchpriority=\"high\" decoding=\"async\" src=\"https:\/\/www.europesays.com\/fr\/wp-content\/uploads\/2025\/09\/da34e82f3fcb7b83be0a81c2883d44e7-760x508.jpg\" alt=\"Huw Pill de la Banque d'Angleterre, apr\u00e8s une interview avec Reuters \u00e0 Londres, Royaume-Uni\" loading=\"eager\" width=\"760\" height=\"508\" style=\"max-width: 100%!important; height: auto;\"\/><\/p>\n<p class=\"c-image-news__legend\">Huw Pill de la Banque d&rsquo;Angleterre, apr\u00e8s une interview avec Reuters \u00e0 Londres, Royaume-Uni<\/p>\n<p>\n Le chef \u00e9conomiste de la Banque d&rsquo;Angleterre (BoE), Huw Pill, s&rsquo;est dit mardi davantage \u00e0 l&rsquo;aise concernant les perspectives de pressions sur les prix en Grande-Bretagne qu&rsquo;il ne l&rsquo;\u00e9tait en d\u00e9but d&rsquo;ann\u00e9e.\n<\/p>\n<p>\n Huw Pill figure parmi les membres du MPC, le comit\u00e9 de politique mon\u00e9taire de la BoE, \u00e0 \u00eatre particuli\u00e8rement pr\u00e9occup\u00e9s par une r\u00e9surgence de l&rsquo;inflation.\n<\/p>\n<p>\n \u00ab\u00a0C&rsquo;est toujours une question d&rsquo;\u00e9quilibre des risques. Et vous savez, j&rsquo;ai toujours \u00e9t\u00e9 d&rsquo;avis que la balance des risques \u00e9tait peut-\u00eatre plus inflationniste que d\u00e9sinflationniste\u00a0\u00bb, a-t-il d\u00e9clar\u00e9 lors d&rsquo;une conf\u00e9rence organis\u00e9e par le Pictet Research Institute.\n<\/p>\n<p>\n \u00ab\u00a0Je pense qu&rsquo;avec le temps et la r\u00e9\u00e9valuation des attentes des march\u00e9s, cette position est probablement en train de changer. Personnellement, je suis plus \u00e0 l&rsquo;aise aujourd&rsquo;hui qu&rsquo;il y a six, neuf ou douze mois\u00a0\u00bb, a-t-il poursuivi.\n<\/p>\n<p>\n La Banque d&rsquo;Angleterre (BoE) a maintenu la semaine derni\u00e8re ses taux directeurs et a conserv\u00e9 sa pr\u00e9vision d&rsquo;une inflation qui atteindrait un pic de 4,0% ce mois-ci et ne reviendrait que lentement vers l&rsquo;objectif de 2% au deuxi\u00e8me trimestre 2027.\n<\/p>\n<p>\n Les derniers chiffres des prix \u00e0 la consommation en Grande-Bretagne montrent une inflation \u00e0 3,8% sur un an en ao\u00fbt.\n<\/p>\n<p>\n (R\u00e9dig\u00e9 par William Schomberg; version fran\u00e7aise Claude Chendjou, \u00e9dit\u00e9 par Augustin Turpin)<\/p>\n","protected":false},"excerpt":{"rendered":"Huw Pill de la Banque d&rsquo;Angleterre, apr\u00e8s une interview avec Reuters \u00e0 Londres, Royaume-Uni Le chef \u00e9conomiste de&hellip;\n","protected":false},"author":2,"featured_media":411950,"comment_status":"","ping_status":"","sticky":false,"template":"","format":"standard","meta":{"footnotes":""},"categories":[1588],"tags":[400,11,398,408,405,1777,674,403,402,399,404,12,473,1853,401,406,1851,1850,1852,407],"class_list":{"0":"post-411949","1":"post","2":"type-post","3":"status-publish","4":"format-standard","5":"has-post-thumbnail","7":"category-royaume-uni","8":"tag-action-cac-40","9":"tag-actualites","10":"tag-bourse-de-paris","11":"tag-boursorama","12":"tag-cotations","13":"tag-eu","14":"tag-europe","15":"tag-indices-devises","16":"tag-investir","17":"tag-investissement","18":"tag-marche-boursier","19":"tag-news","20":"tag-royaume-uni","21":"tag-royaume-uni-de-grande-bretagne-et-dirlande-du-nord","22":"tag-sicav","23":"tag-trackers","24":"tag-uk","25":"tag-united-kingdom","26":"tag-united-kingdom-of-great-britain-and-northern-ireland","27":"tag-warrants"},"share_on_mastodon":{"url":"https:\/\/pubeurope.com\/@fr\/115253702240180788","error":""},"_links":{"self":[{"href":"https:\/\/www.europesays.com\/fr\/wp-json\/wp\/v2\/posts\/411949","targetHints":{"allow":["GET"]}}],"collection":[{"href":"https:\/\/www.europesays.com\/fr\/wp-json\/wp\/v2\/posts"}],"about":[{"href":"https:\/\/www.europesays.com\/fr\/wp-json\/wp\/v2\/types\/post"}],"author":[{"embeddable":true,"href":"https:\/\/www.europesays.com\/fr\/wp-json\/wp\/v2\/users\/2"}],"replies":[{"embeddable":true,"href":"https:\/\/www.europesays.com\/fr\/wp-json\/wp\/v2\/comments?post=411949"}],"version-history":[{"count":0,"href":"https:\/\/www.europesays.com\/fr\/wp-json\/wp\/v2\/posts\/411949\/revisions"}],"wp:featuredmedia":[{"embeddable":true,"href":"https:\/\/www.europesays.com\/fr\/wp-json\/wp\/v2\/media\/411950"}],"wp:attachment":[{"href":"https:\/\/www.europesays.com\/fr\/wp-json\/wp\/v2\/media?parent=411949"}],"wp:term":[{"taxonomy":"category","embeddable":true,"href":"https:\/\/www.europesays.com\/fr\/wp-json\/wp\/v2\/categories?post=411949"},{"taxonomy":"post_tag","embeddable":true,"href":"https:\/\/www.europesays.com\/fr\/wp-json\/wp\/v2\/tags?post=411949"}],"curies":[{"name":"wp","href":"https:\/\/api.w.org\/{rel}","templated":true}]}}