{"id":41195,"date":"2025-04-21T09:50:14","date_gmt":"2025-04-21T09:50:14","guid":{"rendered":"https:\/\/www.europesays.com\/fr\/41195\/"},"modified":"2025-04-21T09:50:14","modified_gmt":"2025-04-21T09:50:14","slug":"pres-de-nantes-du-changement-dans-la-circulation-pour-acceder-a-ce-site-public","status":"publish","type":"post","link":"https:\/\/www.europesays.com\/fr\/41195\/","title":{"rendered":"Pr\u00e8s de Nantes, du changement dans la circulation pour acc\u00e9der \u00e0 ce site public"},"content":{"rendered":"<p>            Par<br \/>\n        <strong><br \/>\n            <a href=\"https:\/\/actu.fr\/auteur\/laurent-fortin\" title=\"Consulter tous les articles de Laurent Fortin\" target=\"_blank\" rel=\"noopener\">Laurent Fortin<\/a><br \/>\n        <\/strong><\/p>\n<p>        Publi\u00e9 le<\/p>\n<p>            21 avr. 2025 \u00e0 10h56        <\/p>\n<p>Un important changement de circulation a eu lieu \u00e0 <a href=\"https:\/\/actu.fr\/pays-de-la-loire\/vertou_44215\" target=\"_blank\" rel=\"noopener\"><b>Vertou<\/b><\/a>, pour avoir acc\u00e8s \u00e0 <a href=\"https:\/\/www.google.com\/maps\/place\/\/@47.1762873,-1.4848924,16z\/data=!4m2!3m1!1s0x0:0xe84a004f5bd3c35b?entry=s&amp;sa=X\" target=\"_blank\" rel=\"noopener\">la Presse au vin<\/a>, secteur o\u00f9 se situe le<a href=\"https:\/\/vertou.fr\/vivre\/famille-et-jeunesse\/enfance-3-a-11-ans\/centre-de-loisirs\/\" target=\"_blank\" rel=\"noopener\"> centre de loisirs<\/a> du m\u00eame nom, et prochainement la <a href=\"https:\/\/vertou.fr\/pose-de-la-premiere-pierre-de-la-fabrik-du-sud-loire\/\" target=\"_blank\" rel=\"noopener\">cuisine centrale La Fabrik du sud Loire.<\/a><\/p>\n<p>    <a href=\"https:\/\/www.facebook.com\/plugins\/post.php?href=https%3A%2F%2Fwww.facebook.com%2FVilleDeVertou%2Fposts%2Fpfbid05LBmD8PhU4zDJNEriXVA1TYCpRSsbhrwgc1ZPTvvpbzxE1bv8h3RTcS8P5j25J6sl&amp;show_text=true&amp;width=350\" title=\"Ouvrie le lien\" target=\"_blank\" rel=\"noopener\">Cliquez ici pour visualiser le contenu<\/a><\/p>\n<p class=\" wall-content\">D\u2019ailleurs, les <b>travaux d\u2019am\u00e9nagement et de construction <\/b>se sont termin\u00e9s et la modification a eu lieu. En effet, depuis la mi-mars, il n\u2019est <b>plus possible de passer par la <a href=\"https:\/\/www.google.com\/maps\/place\/\/@47.1773454,-1.4862871,15z\/data=!4m2!3m1!1s0x0:0xe8826fc29aa78f24?entry=s&amp;sa=X\" target=\"_blank\" rel=\"noopener\">rue des Fraiches<\/a><\/b>, reli\u00e9e \u00e0 la <a href=\"https:\/\/www.google.com\/maps\/place\/Rte+du+Vignoble,+44120+Vertou\/@47.1751127,-1.4957055,559m\/data=!3m2!1e3!4b1!4m6!3m5!1s0x4805e88d7af75eb1:0xbd650e7805cabdaa!8m2!3d47.1751091!4d-1.4931306!16s%2Fg%2F1tftdpzp?entry=ttu&amp;g_ep=EgoyMDI1MDQxNi4xIKXMDSoASAFQAw%3D%3D\" target=\"_blank\" rel=\"noopener\">route du Vignoble<\/a>, pour acc\u00e9der \u00e0 la Presse au vin. L\u2019entr\u00e9e se fera donc <a href=\"https:\/\/www.google.com\/maps\/place\/Bd+Auguste+Priou,+44120+Vertou\/@47.1792487,-1.4937906,559m\/data=!3m2!1e3!4b1!4m6!3m5!1s0x4805e890c67a0f4f:0x5844a8fd1f3af030!8m2!3d47.1792451!4d-1.4912157!16s%2Fg%2F1hc5c_x9f?entry=ttu&amp;g_ep=EgoyMDI1MDQxNi4xIKXMDSoASAFQAw%3D%3D\" target=\"_blank\" rel=\"noopener\">boulevard Auguste Priou.<\/a> Une rue p\u00e9n\u00e9trante a \u00e9t\u00e9 r\u00e9alis\u00e9e. Pour certains, cela risque de <b>faire un gros d\u00e9tour\u2009; <\/b>pour d\u2019autres cela fait sera un raccourci et \u00e9vitera de <b>supporter un important trafic avec les camions de livraison.<\/b><\/p>\n<p class=\" wall-content\">Suivez toute l\u2019actualit\u00e9 de vos villes et m\u00e9dias favoris en vous inscrivant \u00e0 <a href=\"https:\/\/moncompte.actu.fr\" title=\"D\u00e9couvez Mon Actu\" rel=\"nofollow noopener\" data-trk=\"{&quot;cta&quot;:{&quot;action&quot;:&quot;https:\\\/\\\/moncompte.actu.fr&quot;,&quot;category&quot;:&quot;mon compte&quot;,&quot;from&quot;:&quot;article footer&quot;,&quot;name&quot;:&quot;Mon actu&quot;,&quot;type&quot;:&quot;cta&quot;}}\" target=\"_blank\">Mon Actu<\/a>.<\/p>\n<ul class=\"ac-article-tag wall-content\">\n<li><a href=\"https:\/\/actu.fr\/tag\/automobile\" data-trk=\"{&quot;cta&quot;:{&quot;action&quot;:&quot;Automobile&quot;,&quot;category&quot;:&quot;tag&quot;,&quot;from&quot;:&quot;article footer&quot;,&quot;name&quot;:&quot;Automobile&quot;,&quot;type&quot;:&quot;cta&quot;}}\" target=\"_blank\" rel=\"noopener\">#Automobile<\/a><\/li>\n<li><a href=\"https:\/\/actu.fr\/tag\/circulation\" data-trk=\"{&quot;cta&quot;:{&quot;action&quot;:&quot;Circulation&quot;,&quot;category&quot;:&quot;tag&quot;,&quot;from&quot;:&quot;article footer&quot;,&quot;name&quot;:&quot;Circulation&quot;,&quot;type&quot;:&quot;cta&quot;}}\" target=\"_blank\" rel=\"noopener\">#Circulation<\/a><\/li>\n<li><a href=\"https:\/\/actu.fr\/tag\/vignoble-nantais\" data-trk=\"{&quot;cta&quot;:{&quot;action&quot;:&quot;Vignoble nantais&quot;,&quot;category&quot;:&quot;tag&quot;,&quot;from&quot;:&quot;article footer&quot;,&quot;name&quot;:&quot;Vignoble nantais&quot;,&quot;type&quot;:&quot;cta&quot;}}\" target=\"_blank\" rel=\"noopener\">#Vignoble nantais<\/a><\/li>\n<\/ul>\n","protected":false},"excerpt":{"rendered":"Par Laurent Fortin Publi\u00e9 le 21 avr. 2025 \u00e0 10h56 Un important changement de circulation a eu lieu&hellip;\n","protected":false},"author":2,"featured_media":41196,"comment_status":"","ping_status":"","sticky":false,"template":"","format":"standard","meta":{"footnotes":""},"categories":[2818],"tags":[1111,11,646,3542,1777,674,1011,27,766,12,2636,25,104,2900],"class_list":{"0":"post-41195","1":"post","2":"type-post","3":"status-publish","4":"format-standard","5":"has-post-thumbnail","7":"category-nantes","8":"tag-actu","9":"tag-actualites","10":"tag-automobile","11":"tag-circulation","12":"tag-eu","13":"tag-europe","14":"tag-fr","15":"tag-france","16":"tag-nantes","17":"tag-news","18":"tag-pays-de-la-loire","19":"tag-republique-francaise","20":"tag-societe","21":"tag-vignoble-nantais"},"share_on_mastodon":{"url":"https:\/\/pubeurope.com\/@fr\/114375335861410398","error":""},"_links":{"self":[{"href":"https:\/\/www.europesays.com\/fr\/wp-json\/wp\/v2\/posts\/41195","targetHints":{"allow":["GET"]}}],"collection":[{"href":"https:\/\/www.europesays.com\/fr\/wp-json\/wp\/v2\/posts"}],"about":[{"href":"https:\/\/www.europesays.com\/fr\/wp-json\/wp\/v2\/types\/post"}],"author":[{"embeddable":true,"href":"https:\/\/www.europesays.com\/fr\/wp-json\/wp\/v2\/users\/2"}],"replies":[{"embeddable":true,"href":"https:\/\/www.europesays.com\/fr\/wp-json\/wp\/v2\/comments?post=41195"}],"version-history":[{"count":0,"href":"https:\/\/www.europesays.com\/fr\/wp-json\/wp\/v2\/posts\/41195\/revisions"}],"wp:featuredmedia":[{"embeddable":true,"href":"https:\/\/www.europesays.com\/fr\/wp-json\/wp\/v2\/media\/41196"}],"wp:attachment":[{"href":"https:\/\/www.europesays.com\/fr\/wp-json\/wp\/v2\/media?parent=41195"}],"wp:term":[{"taxonomy":"category","embeddable":true,"href":"https:\/\/www.europesays.com\/fr\/wp-json\/wp\/v2\/categories?post=41195"},{"taxonomy":"post_tag","embeddable":true,"href":"https:\/\/www.europesays.com\/fr\/wp-json\/wp\/v2\/tags?post=41195"}],"curies":[{"name":"wp","href":"https:\/\/api.w.org\/{rel}","templated":true}]}}