{"id":411967,"date":"2025-09-23T13:00:11","date_gmt":"2025-09-23T13:00:11","guid":{"rendered":"https:\/\/www.europesays.com\/fr\/411967\/"},"modified":"2025-09-23T13:00:11","modified_gmt":"2025-09-23T13:00:11","slug":"wta-justine-henin-jentendais-souvent-elle-est-vraiment-trop-petite-pour-devenir-une-championne","status":"publish","type":"post","link":"https:\/\/www.europesays.com\/fr\/411967\/","title":{"rendered":"WTA > Justine Henin : \u00ab\u00a0J&rsquo;entendais souvent : elle est vraiment trop petite pour devenir une championne\u00a0\u00bb"},"content":{"rendered":"<p>Invit\u00e9e du podcast Tennis Insider Club anim\u00e9 par Caroline Garcia, Justine Henin a parl\u00e9 de sa carri\u00e8re pendant plus d\u2019une\u00a0heure.\u00a0<\/p>\n<p>Dans le teaser propos\u00e9 par Caro, Justine \u00e9voque un souvenir pesant. En effet, elle a souvent entendu qu\u2019elle \u00e9tait trop petite pour devenir une championne.<\/p>\n<p>Comme elle l\u2019ex\u00adplique aussi, il est facile pour elle aujourd\u2019hui d\u2019avoir un certain recul car elle a fina\u00adle\u00adment atteint ses objec\u00adtifs\u00a0: sept fois laur\u00e9ate en Grand Chelem et num\u00e9ro 1 mondiale.\u00a0<\/p>\n<blockquote class=\"twitter-tweet\">\n<p lang=\"en\" dir=\"ltr\">New episode out now with 7x Grand Slam Champion Justine Henin.<br \/>An inti\u00admate conver\u00adsa\u00adtion where Justine shared her story of resi\u00adlience, loss, an unsha\u00adkable belief in herself and her ulti\u00admate success. You can\u2019t miss this one\u202f! <\/p>\n<p>Youtube\u00a0: <a href=\"https:\/\/t.co\/v9U0VHwFf9\" data-wpel-link=\"external\" target=\"_blank\" rel=\"nofollow external noopener\">https:\/\/t.co\/v9U0VHwFf9<\/a><br \/>Spotify:\u2026 <a href=\"https:\/\/t.co\/VcLaBP7wpE\" data-wpel-link=\"external\" target=\"_blank\" rel=\"nofollow external noopener\">pic.twitter.com\/VcLaBP7wpE<\/a><\/p>\n<p>\u2014 Tennis Insider Club (@tennisinsidercl) <a href=\"https:\/\/twitter.com\/tennisinsidercl\/status\/1970174191581438357?ref_src=twsrc%5Etfw\" data-wpel-link=\"external\" target=\"_blank\" rel=\"nofollow external noopener\">September 22,\u00a02025<\/a><\/p><\/blockquote>\n<p>Aujourd\u2019hui consul\u00adtante de qualit\u00e9, la Belge r\u00e9v\u00e8le aussi que la vie est belle sans le tennis.\u00a0<\/p>\n<p class=\"post-published-date\" style=\"color: silver; font-size: 75%; text-align: left;\">Publi\u00e9 le mardi 23 septembre 2025 \u00e0 13:13<\/p>\n<p><script async src=\"https:\/\/platform.twitter.com\/widgets.js\" charset=\"utf-8\"><\/script><\/p>\n","protected":false},"excerpt":{"rendered":"Invit\u00e9e du podcast Tennis Insider Club anim\u00e9 par Caroline Garcia, Justine Henin a parl\u00e9 de sa carri\u00e8re pendant&hellip;\n","protected":false},"author":2,"featured_media":24943,"comment_status":"","ping_status":"","sticky":false,"template":"","format":"standard","meta":{"footnotes":""},"categories":[1415],"tags":[1011,27,8002,60,1467],"class_list":{"0":"post-411967","1":"post","2":"type-post","3":"status-publish","4":"format-standard","5":"has-post-thumbnail","7":"category-tennis","8":"tag-fr","9":"tag-france","10":"tag-garcia","11":"tag-sports","12":"tag-tennis"},"share_on_mastodon":{"url":"https:\/\/pubeurope.com\/@fr\/115253741094910265","error":""},"_links":{"self":[{"href":"https:\/\/www.europesays.com\/fr\/wp-json\/wp\/v2\/posts\/411967","targetHints":{"allow":["GET"]}}],"collection":[{"href":"https:\/\/www.europesays.com\/fr\/wp-json\/wp\/v2\/posts"}],"about":[{"href":"https:\/\/www.europesays.com\/fr\/wp-json\/wp\/v2\/types\/post"}],"author":[{"embeddable":true,"href":"https:\/\/www.europesays.com\/fr\/wp-json\/wp\/v2\/users\/2"}],"replies":[{"embeddable":true,"href":"https:\/\/www.europesays.com\/fr\/wp-json\/wp\/v2\/comments?post=411967"}],"version-history":[{"count":0,"href":"https:\/\/www.europesays.com\/fr\/wp-json\/wp\/v2\/posts\/411967\/revisions"}],"wp:featuredmedia":[{"embeddable":true,"href":"https:\/\/www.europesays.com\/fr\/wp-json\/wp\/v2\/media\/24943"}],"wp:attachment":[{"href":"https:\/\/www.europesays.com\/fr\/wp-json\/wp\/v2\/media?parent=411967"}],"wp:term":[{"taxonomy":"category","embeddable":true,"href":"https:\/\/www.europesays.com\/fr\/wp-json\/wp\/v2\/categories?post=411967"},{"taxonomy":"post_tag","embeddable":true,"href":"https:\/\/www.europesays.com\/fr\/wp-json\/wp\/v2\/tags?post=411967"}],"curies":[{"name":"wp","href":"https:\/\/api.w.org\/{rel}","templated":true}]}}