{"id":411970,"date":"2025-09-23T13:02:15","date_gmt":"2025-09-23T13:02:15","guid":{"rendered":"https:\/\/www.europesays.com\/fr\/411970\/"},"modified":"2025-09-23T13:02:15","modified_gmt":"2025-09-23T13:02:15","slug":"des-signes-prometteurs-mais-un-chantier-encore-massif","status":"publish","type":"post","link":"https:\/\/www.europesays.com\/fr\/411970\/","title":{"rendered":"des signes prometteurs mais un chantier encore massif"},"content":{"rendered":"<p>Apr\u00e8s un premier engagement en wild-card et une d\u00e9couverte par les titulaires lors de tests, Yamaha a tenu \u00e0 <a href=\"https:\/\/fr.motorsport.com\/motogp\/news\/yamaha-chemin-restant-parcourir-moteur-v4\/10760052\/\" target=\"_blank\" rel=\"noopener\">rappeler que son V4 en \u00e9tait encore \u00e0 un stade tr\u00e8s pr\u00e9coce<\/a>. La marque a pr\u00e9f\u00e9r\u00e9 se concentrer sur la fiabilit\u00e9 et de gros progr\u00e8s restent n\u00e9cessaires, tant dans les performances que dans le comportement du moteur, mais aussi de la machine qui l&rsquo;entoure, la M1 ayant \u00e9t\u00e9 totalement redessin\u00e9e autour de cette architecture nouvelle pour la marque, habitu\u00e9e aux quatre cylindres en ligne.<\/p>\n<p>La wild-card d&rsquo;<a href=\"https:\/\/fr.motorsport.com\/driver\/augusto-fernandez\/452210\/\" target=\"_blank\" rel=\"noopener\">Augusto Fern\u00e1ndez<\/a> au GP de Saint-Marin a permis de r\u00e9v\u00e9ler des probl\u00e8mes de jeunesse. \u00ab\u00a0La fen\u00eatre entre avoir de bonnes sensations et vivre un tr\u00e8s mauvais moment semble tr\u00e8s \u00e9troite\u00a0\u00bb, a expliqu\u00e9 le pilote d&rsquo;essais de Yamaha apr\u00e8s cette premi\u00e8re course. \u00ab\u00a0On a eu beaucoup de probl\u00e8mes : le tableau de bord qui ne fonctionnait pas [en course], la consommation de carburant&#8230; J&rsquo;avais le voyant rouge du carburant allum\u00e9, mais j&rsquo;avais la cartographie avec le moins de puissance donc il a fallu que je g\u00e8re \u00e0 partir du dixi\u00e8me tour.\u00a0Du coup, j&rsquo;ai \u00e9conomis\u00e9 le carburant pendant 17 tours.\u00a0\u00bb<\/p>\n<p>\u00ab\u00a0C&rsquo;\u00e9tait difficile d&rsquo;avoir un rythme de course constant. Si on prend le meilleur tour de la course, il aurait pu \u00eatre meilleur. C&rsquo;est \u00e0 une seconde de Fabio [Quartararo], qui a le meilleur rythme \u00e0 ce jour. [&#8230;] On a cass\u00e9 des capteurs, des pi\u00e8ces, il y avait une petite vibration. C&rsquo;\u00e9tait une premi\u00e8re, donc il faut \u00eatre patient, ce n&rsquo;est pas notre moment. Le potentiel est l\u00e0.\u00a0\u00bb<\/p>\n<p>Les pilotes titulaires ont quant \u00e0 eux particip\u00e9 \u00e0 deux tests avec cette moto, l&rsquo;un \u00e0 huis clos sur le circuit de Barcelone, puis le second \u00e0 Misano au lendemain du Grand Prix. Malgr\u00e9 de gros changements encore n\u00e9cessaires, <a href=\"https:\/\/fr.motorsport.com\/driver\/jack-miller\/96423\/\" target=\"_blank\" rel=\"noopener\">Jack Miller<\/a> a jug\u00e9 la base saine.<\/p>\n<p>\u00ab\u00a0C&rsquo;est un nouveau projet, il faut comprendre une nouvelle moto, monter dessus, essayer de comprendre ses forces, ses faiblesses, comprendre l&rsquo;\u00e9quilibre, la distribution des masses, toutes ces choses-l\u00e0\u00a0\u00bb, a expliqu\u00e9 le pilote Pramac. \u00ab\u00a0C&rsquo;est bien. La moto fait toutes les bonnes choses.\u00a0\u00bb<\/p>\n<p>   <img decoding=\"async\" draggable=\"false\" src=\"https:\/\/www.europesays.com\/fr\/wp-content\/uploads\/2025\/09\/1758632532_941_jack-miller-pramac-racing.jpg\" alt=\"Jack Miller, Pramac Racing\" width=\"1200\" height=\"800\" loading=\"lazy\"\/> <\/p>\n<p class=\"title\">Jack Miller<\/p>\n<p class=\"photographer\">Photo de: Yamaha MotoGP<\/p>\n<p>\u00ab\u00a0\u00c9videmment, il faut juste un peu de temps, simplement pour comprendre la distribution des masses, o\u00f9 placer l&rsquo;avant, comment la faire pivoter, ce genre de chose\u00a0&#8211;\u00a0plus des r\u00e9glages qu&rsquo;autre chose. C&rsquo;est le d\u00e9but du projet. Elle fait les choses dans les domaines o\u00f9 on voulait qu&rsquo;elle le fasse. Mais c&rsquo;est s\u00fbr qu&rsquo;il y a des choses \u00e0 am\u00e9liorer.\u00a0\u00bb<\/p>\n<p>Parmi ces points n\u00e9cessitant du travail, <a href=\"https:\/\/fr.motorsport.com\/driver\/alex-rins\/109402\/\" target=\"_blank\" rel=\"noopener\">\u00c1lex Rins<\/a> a surtout d\u00e9sign\u00e9 la vitesse de pointe et la fa\u00e7on dont la puissance est d\u00e9livr\u00e9e. \u00ab\u00a0On fera de gros progr\u00e8s parce l&rsquo;acc\u00e9l\u00e9ration de la moto n&rsquo;\u00e9tait pas mauvaise, j&rsquo;ai \u00e9t\u00e9 assez impressionn\u00e9\u00a0\u00bb, a comment\u00e9 l&rsquo;Espagnol. \u00ab\u00a0Mais d\u00e8s qu&rsquo;on rel\u00e8ve la moto et que l&rsquo;on monte les rapports, il n&rsquo;y a pas assez de puissance.\u00a0\u00bb<\/p>\n<p>Miller n&rsquo;est pas inquiet sur ce sujet. \u00ab\u00a0De la puissance, on peut en trouver. Ce n&rsquo;est pas un souci\u00a0\u00bb, a-t-il assur\u00e9. Fern\u00e1ndez a par ailleurs pr\u00e9cis\u00e9 que ce moteur n&rsquo;\u00e9tait pour le moment pas pouss\u00e9 dans ses retranchements, Yamaha souhaitant \u00e9viter des probl\u00e8mes de fiabilit\u00e9\u00a0:\u00a0\u00ab\u00a0C&rsquo;est la seule chose que l&rsquo;on sait, que l&rsquo;on n&rsquo;est pas au niveau maximum du moteur. On fait attention au moteur donc ce n&rsquo;est pas un probl\u00e8me. On sait qu&rsquo;on peut avoir plus de puissance, mais il faut am\u00e9liorer tout le reste. Ce sera le prochain step.\u00a0\u00bb<\/p>\n<p>Un ADN pr\u00e9serv\u00e9 mais des progr\u00e8s dans le comportement<\/p>\n<p>Plus que ces probl\u00e8mes de jeunesse, c&rsquo;est le comportement du moteur qui int\u00e9resse Jack Miller. Yamaha n&rsquo;a pas encore des outils optimis\u00e9s pour bien le faire fonctionner, pourtant l&rsquo;Australien a d\u00e9j\u00e0 per\u00e7u plus de positif que de n\u00e9gatif.<\/p>\n<p>\u00ab\u00a0Le caract\u00e8re est sympa, l&rsquo;inertie est bonne\u00a0\u2013\u00a0le fait d&rsquo;avoir cette inertie et de pouvoir travailler avec\u00a0\u2013, l&rsquo;\u00e9lectronique n\u00e9cessite un gros travail. Apr\u00e8s plus de 20 ans \u00e0 travailler avec un quatre cylindres en ligne, aucune cartographie, aucune gestion de l&rsquo;\u00e9lectronique, ni m\u00eame la moindre partie de l&rsquo;\u00e9lectronique n&rsquo;est compatible.\u00a0\u00bb<\/p>\n<p>   <img decoding=\"async\" draggable=\"false\" src=\"https:\/\/www.europesays.com\/fr\/wp-content\/uploads\/2025\/09\/1758632533_927_jack-miller-pramac-racing.jpg\" alt=\"Jack Miller, Pramac Racing\" width=\"1200\" height=\"800\" loading=\"lazy\"\/> <\/p>\n<p class=\"title\">Jack Miller<\/p>\n<p class=\"photographer\">Photo de: Yamaha MotoGP<\/p>\n<p>\u00ab\u00a0C&rsquo;est un tout nouveau processus de conception, pour progresser \u00e0 chaque relais. C&rsquo;\u00e9tait le principe de cette journ\u00e9e [\u00e0 Misano]\u00a0:\u00a0\u00e0 chaque fois qu&rsquo;on est sortis du garage c&rsquo;\u00e9tait mieux, plus utilisable, plus pilotable, la connexion \u00e9tait meilleure. Ce sont de petits progr\u00e8s. On ne r\u00e9invente pas la roue en un jour, il faut au moins une semaine pour \u00e7a. On est sur la bonne voie.\u00a0\u00bb<\/p>\n<p>\u00ab\u00a0La motricit\u00e9 est l\u00e0\u00a0\u00bb, a encore voulu souligner Jack Miller. \u00ab\u00a0Je pense que ce qui est sympa avec ce V4, c&rsquo;est que m\u00eame si on a chang\u00e9, tout ce qui correspond \u00e0 l&rsquo;ADN de Yamaha, avec un bon ch\u00e2ssis, est toujours l\u00e0. Comme je l&rsquo;ai dit, il faut mettre des \u00e9l\u00e9ments, des r\u00e9glages de base, au bon niveau, pour exploiter les forces et les faiblesses du ch\u00e2ssis, et je crois qu&rsquo;il y a plus de forces que de faiblesses.\u00a0\u00bb<\/p>\n<p>\u00ab\u00a0C&rsquo;est une premi\u00e8re version, ce n&rsquo;est pas la moto que l&rsquo;on aura \u00e0 Valence et par la suite. Pour une premi\u00e8re \u00e9bauche, nous sommes dans le coup. Les Aprilia et Ducati que l&rsquo;on affronte gagnent pendant les week-ends, KTM aussi. Disons que c&rsquo;est un prototype entier, je pense qu&rsquo;il n&rsquo;y en a que deux pour le moment. \u00catre \u00e0 deux secondes du rythme dans la matin\u00e9e\u00a0&#8211;\u00a0moi en tout cas, \u00e0 environ 1&Prime;9 et Fabio plus proche\u00a0\u2013\u00a0ce n&rsquo;est pas mauvais, c&rsquo;est bon d\u00e9part.\u00a0\u00bb<\/p>\n<blockquote>\n<p>Pour une premi\u00e8re \u00e9bauche, nous sommes dans le coup.<\/p>\n<\/blockquote>\n<p>Miller estime que Yamaha a assur\u00e9 l&rsquo;essentiel en arrivant \u00e0 profiter des gains d&rsquo;une architecture en V tout en maintenant son agilit\u00e9 sur l&rsquo;avant\u00a0:\u00a0\u00ab\u00a0Avec la M1 actuelle, il nous manque de l&rsquo;inertie, une capacit\u00e9 \u00e0 rester dans cette motricit\u00e9 et avec ces pneus. Parce que c&rsquo;est de \u00e7a qu&rsquo;il s&rsquo;agit\u00a0:\u00a0les pneus, la fa\u00e7on dont leur d\u00e9veloppement a \u00e9volu\u00e9.\u00a0\u00bb<\/p>\n<p>\u00ab\u00a0On a toujours [son] ADN &lsquo;fondamental&rsquo;, faute de meilleur mot\u00a0\u00bb, a insist\u00e9 Miller, jugeant n\u00e9anmoins des progr\u00e8s n\u00e9cessaires\u00a0:\u00a0\u00ab\u00a0Mais cela \u00e9tant dit, la r\u00e9partition des masses est vraiment mauvaise, il faut\u00a0 pas mal travailler sur \u00e7a. On est tellement habitu\u00e9s \u00e0 r\u00e9gler une moto avec quatre cylindres en ligne qu&rsquo;avec ce, disons, gros package autour duquel il faut placer un r\u00e9servoir.\u00a0\u00bb<\/p>\n<p>   <img decoding=\"async\" draggable=\"false\" src=\"https:\/\/www.europesays.com\/fr\/wp-content\/uploads\/2025\/09\/alex-rins-yamaha-factory-racin.jpg\" alt=\"Alex Rins, Yamaha Factory Racing\" width=\"1200\" height=\"800\" loading=\"lazy\"\/> <\/p>\n<p class=\"title\">\u00c1lex Rins<\/p>\n<p class=\"photographer\">Photo de: Yamaha MotoGP<\/p>\n<p>\u00c1lex Rins note de son c\u00f4t\u00e9 un comportement moins \u00ab\u00a0coul\u00e9\u00a0\u00bb mais se montre globalement satisfait puisque cela lui permet aussi de se montrer plus incisif dans les phases de freinage\u00a0:\u00a0\u00ab\u00a0Disons que la moto est assez nerveuse. [&#8230;] L&rsquo;ADN de la Yamaha est la vitesse en courbe. Cette moto oblige \u00e0 piloter diff\u00e9remment parce que c&rsquo;est plus stop-and-go. Mais je pense qu&rsquo;il est trop t\u00f4t.\u00a0\u00bb<\/p>\n<p>\u00ab\u00a0Je suis content de la fa\u00e7on dont la moto fonctionne\u00a0\u00bb, a n\u00e9anmoins soulign\u00e9 Rins. \u00ab\u00a0Elle a vraiment beaucoup d&rsquo;\u00e9l\u00e9ments positifs par rapport au quatre cylindres. Il reste une grosse marge de progr\u00e8s, en termes de vitesse, en termes de maniabilit\u00e9, beaucoup de choses, mais dans l&rsquo;ensemble, je suis assez content du fonctionnement de la moto.\u00a0\u00bb<\/p>\n<p>\u00ab\u00a0Je me sens assez bon au freinage. J&rsquo;ai fait une comparaison avec le quatre cylindres en ligne, et j&rsquo;ai pr\u00e9f\u00e9r\u00e9 celle avec le V4 au freinage parce que j&rsquo;arrivais \u00e0 mieux r\u00e9duire la vitesse, en \u00e9tant plus en travers, je parvenais \u00e0 entrer en courbe plus fort. On peut mieux utiliser l&rsquo;arri\u00e8re, c&rsquo;est plus constant, plus pr\u00e9visible par rapport au quatre cylindres en ligne.\u00a0\u00bb<\/p>\n<p>Lire aussi :<\/p>\n<p>La moto va encore beaucoup \u00e9voluer<\/p>\n<p>Pour Augusto Fern\u00e1ndez, le pilote qui a le plus d&rsquo;exp\u00e9rience sur cette moto, Yamaha doit am\u00e9liorer sa compr\u00e9hension g\u00e9n\u00e9rale pour comprendre ce qui fait fluctuer les performances selon les conditions et les circuits, tout en corrigeant le tir sur certains \u00e9l\u00e9ments\u00a0:\u00a0\u00ab\u00a0Parfois, quelque chose se passe et on a des sensations mauvaises ou tr\u00e8s bonnes, mais le potentiel est l\u00e0. Et quand j&rsquo;ai de meilleures sensations, c&rsquo;est d\u00e9j\u00e0 meilleur qu&rsquo;avec l&rsquo;autre [moto]. Donc le probl\u00e8me, c&rsquo;est la constance dans ces sensations.\u00a0\u00bb<\/p>\n<p>\u00ab\u00a0Il faut travailler pour revenir sur les autres, j&rsquo;ai fini \u00e0 une minute du premier\u00a0\u00bb, a-t-il rappel\u00e9 apr\u00e8s sa wild-card au GP de Saint-Marin. \u00ab\u00a0C&rsquo;est s\u00fbr que le package actuel n&rsquo;est pas celui qui nous permettra de les battre l&rsquo;an prochain. Il y a beaucoup de travail. Comme je l&rsquo;ai dit, on conna\u00eet plus ou moins la direction et j&rsquo;ai d\u00e9j\u00e0 eu de tr\u00e8s bonnes sensations.\u00a0\u00bb<\/p>\n<p>   <img decoding=\"async\" draggable=\"false\" src=\"https:\/\/www.europesays.com\/fr\/wp-content\/uploads\/2025\/09\/1758632535_223_augusto-fernandez-yamaha-facto.jpg\" alt=\"Augusto Fernandez, Yamaha Factory Racing\" width=\"1200\" height=\"800\" loading=\"lazy\"\/> <\/p>\n<p class=\"title\">Augusto Fern\u00e1ndez<\/p>\n<p class=\"photographer\">Photo de: Yamaha MotoGP<\/p>\n<p>Yamaha va continuer \u00e0 faire \u00e9voluer sa machine avant la prochaine participation de Fern\u00e1ndez en wild-card, attendue pour le GP de Malaisie\u00a0:\u00a0\u00ab\u00a0On essaie beaucoup, beaucoup de choses. D&rsquo;ici \u00e0 Sepang, il faudra qu&rsquo;on ait quelque chose de nouveau, qu&rsquo;on aille vraiment dans la direction \u00e0 laquelle on pense. La direction \u00e0 prendre est assez claire, sinc\u00e8rement. Les ing\u00e9nieurs la connaissent mais le probl\u00e8me, c&rsquo;est le temps. J&rsquo;esp\u00e8re que nous pourrons faire quelque chose pour Sepang.\u00a0\u00bb<\/p>\n<p>\u00c1lex Rins s&rsquo;attend aussi \u00e0 d\u00e9couvrir une moto tr\u00e8s diff\u00e9rente la prochaine fois qu&rsquo;il la pilotera\u00a0:\u00a0\u00ab\u00a0Il est trop t\u00f4t pour avoir une moto finalis\u00e9e. La prochaine fois que je monterai sur la moto\u00a0\u2013\u00a0je ne sais pas quand, peut-\u00eatre apr\u00e8s le test de Valence\u00a0\u2013\u00a0beaucoup de pi\u00e8ces auront chang\u00e9. Pour le moment, elle manque un peu de puissance. On peut voir sur les images qu&rsquo;elle est 3 ou 4\u00a0km\/h plus lente que notre moto actuelle. Il faut que l&rsquo;on progresse sur cette moto.\u00a0\u00bb<\/p>\n<p>Lire aussi :<\/p>\n","protected":false},"excerpt":{"rendered":"Apr\u00e8s un premier engagement en wild-card et une d\u00e9couverte par les titulaires lors de tests, Yamaha a tenu&hellip;\n","protected":false},"author":2,"featured_media":411971,"comment_status":"","ping_status":"","sticky":false,"template":"","format":"standard","meta":{"footnotes":""},"categories":[1413],"tags":[3595,1011,27,12836,1457,1456,1458,3593,60,10648,54297,3796],"class_list":{"0":"post-411970","1":"post","2":"type-post","3":"status-publish","4":"format-standard","5":"has-post-thumbnail","7":"category-moto","8":"tag-augusto-fernu00e1ndez","9":"tag-fr","10":"tag-france","11":"tag-jack-miller","12":"tag-moto","13":"tag-motocycle","14":"tag-motogp","15":"tag-pramac-racing","16":"tag-sports","17":"tag-u00c1lex-rins","18":"tag-v4-yamahau00a0-des-signes-prometteurs-mais-un-chantier-encore-massif","19":"tag-yamaha-factory-racing"},"share_on_mastodon":{"url":"https:\/\/pubeurope.com\/@fr\/115253749313681086","error":""},"_links":{"self":[{"href":"https:\/\/www.europesays.com\/fr\/wp-json\/wp\/v2\/posts\/411970","targetHints":{"allow":["GET"]}}],"collection":[{"href":"https:\/\/www.europesays.com\/fr\/wp-json\/wp\/v2\/posts"}],"about":[{"href":"https:\/\/www.europesays.com\/fr\/wp-json\/wp\/v2\/types\/post"}],"author":[{"embeddable":true,"href":"https:\/\/www.europesays.com\/fr\/wp-json\/wp\/v2\/users\/2"}],"replies":[{"embeddable":true,"href":"https:\/\/www.europesays.com\/fr\/wp-json\/wp\/v2\/comments?post=411970"}],"version-history":[{"count":0,"href":"https:\/\/www.europesays.com\/fr\/wp-json\/wp\/v2\/posts\/411970\/revisions"}],"wp:featuredmedia":[{"embeddable":true,"href":"https:\/\/www.europesays.com\/fr\/wp-json\/wp\/v2\/media\/411971"}],"wp:attachment":[{"href":"https:\/\/www.europesays.com\/fr\/wp-json\/wp\/v2\/media?parent=411970"}],"wp:term":[{"taxonomy":"category","embeddable":true,"href":"https:\/\/www.europesays.com\/fr\/wp-json\/wp\/v2\/categories?post=411970"},{"taxonomy":"post_tag","embeddable":true,"href":"https:\/\/www.europesays.com\/fr\/wp-json\/wp\/v2\/tags?post=411970"}],"curies":[{"name":"wp","href":"https:\/\/api.w.org\/{rel}","templated":true}]}}