{"id":411972,"date":"2025-09-23T13:03:14","date_gmt":"2025-09-23T13:03:14","guid":{"rendered":"https:\/\/www.europesays.com\/fr\/411972\/"},"modified":"2025-09-23T13:03:14","modified_gmt":"2025-09-23T13:03:14","slug":"le-gp-explorer-3-sur-france-tv-france-2-france-4-demandez-le-programme","status":"publish","type":"post","link":"https:\/\/www.europesays.com\/fr\/411972\/","title":{"rendered":"Le GP Explorer 3 sur France.tv (France 2, France 4) : demandez le programme !"},"content":{"rendered":"<p>Le <a href=\"https:\/\/rotek.fr\/gp-explorer-3-tout-savoir-course-formule-4-squeezie\/\" target=\"_blank\" rel=\"noopener\">GP Explorer 3<\/a> sera diffus\u00e9 en int\u00e9gralit\u00e9 sur Twitch sur la cha\u00eene de Squeezie, mais pas que. Pour la troisi\u00e8me et derni\u00e8re \u00e9dition, la course de Formule 4 entre influenceurs sera aussi diffus\u00e9e <a href=\"https:\/\/www.france.tv\/sport\/autres-sports\/gp-explorer\/\" target=\"_blank\" rel=\"noopener\">sur France.tv<\/a>, ainsi que sur les cha\u00eenes France 2 et France 4. Voici le programme de la course \u00e0 la t\u00e9l\u00e9vision.<\/p>\n<p>Le GP Explorer 3 sera diffus\u00e9 \u00e0 la t\u00e9l\u00e9vision<\/p>\n<p>Pour la premi\u00e8re fois, France.tv va retransmettre la course, qui \u00e9tait jusqu\u2019\u00e0 maintenant uniquement disponible sur Twitch. Le groupe indique <a href=\"https:\/\/www.francetelevisions.fr\/et-vous\/avantages-fidelite\/communaute-fans-de-sport\/gp-explorer-the-last-race-47140#at_medium=5&amp;at_campaign_group=1&amp;at_campaign=clubhebdo&amp;at_offre=13&amp;at_send_date=20250918&amp;at_recipient_id=726375-1620376505-1b246ea3&amp;at_adid=DM1146925\" target=\"_blank\" rel=\"noopener\">sur son site<\/a> qu\u2019il pourra diffuser les flux des 24 cam\u00e9ras embarqu\u00e9es sur <a href=\"https:\/\/rotek.fr\/ecuries-gp-explorer-3-influenceurs-voitures-sponsors\/\" target=\"_blank\" rel=\"noopener\">les Formule 4 de chaque influenceur<\/a>. On pourra aussi \u00e9couter les pilotes parler \u00e0 leur \u00e9quipe durant la course. Sur site, <a href=\"https:\/\/rotek.fr\/200-000-places-vendues-deux-heures-gp-explorer-3-affiche-complet\/\" target=\"_blank\" rel=\"noopener\">plus de 200 000 personnes sont attendues tout au long du week-end<\/a>, puisque l\u2019\u00e9v\u00e9nement a tr\u00e8s rapidement affich\u00e9 complet.<\/p>\n<\/p>\n<p>La course sera anim\u00e9e par l\u2019animatrice C\u00e9cile Gr\u00e8s ainsi que le streamer Rivenzi. Le journaliste de sports m\u00e9caniques Christian Choupin sera aux commentaires de la course en direct, \u00e9paul\u00e9 par le pilote Th\u00e9o Pourchaire (pilote Peugeot, champion de Formule 2 et de Formule 4 et de la journaliste sportive Bastiane Du Masle, qui sera dans les coulisses.<\/p>\n<p>Le programme de la course sur France.tv, France 2 et France 4<\/p>\n<p>France T\u00e9l\u00e9visions diffusera uniquement la journ\u00e9e du dimanche 5 octobre, \u00e0 savoir celle de la course :<\/p>\n<ul class=\"wp-block-list\">\n<li>8h30 : essais libres, \u00e0 suivre sur France.tv<\/li>\n<li>12h30 : qualifications, \u00e0 suivre sur France.tv et France 4<\/li>\n<li>18h : course et podium, \u00e0 suivre sur France.tv et France 2.<\/li>\n<\/ul>\n<p>La vraie valeur ajout\u00e9e de France.tv sera la fonction \u00ab on board \u00bb, qu\u2019on ne trouvera pas sur Twitch. Comme pour la Formule 1, elle permettra \u00e0 n\u2019importe qui de suivre la course de son influenceur pr\u00e9f\u00e9r\u00e9, depuis sa voiture. Sur la plateforme, il sera possible de s\u00e9lectionner la voiture de son choix et de rester dessus du d\u00e9but \u00e0 la fin.<\/p>\n<p><img loading=\"lazy\" data-dominant-color=\"575051\" data-has-transparency=\"false\" style=\"--dominant-color: #575051;\" decoding=\"async\" width=\"1920\" height=\"1078\" src=\"https:\/\/www.europesays.com\/fr\/wp-content\/uploads\/2025\/09\/GP-EXPLORER-The-Last-Race-Le-Programme-19-54-screenshot.webp.webp\" alt=\"gp explorer 3\" class=\"wp-image-35781 not-transparent lazy\"  data-\/><\/p>\n<p>Quant \u00e0 la journ\u00e9e du samedi 4 octobre, elle sera \u00e0 suivre en direct sur Twitch sur la cha\u00eene de Squeezie uniquement. Auront lieu ce jour les essais libres, les qualifications pour la course sprint ainsi que la course sprint (qui comptera dans le classement final). Les fans auront dans la t\u00eate <a href=\"https:\/\/rotek.fr\/the-last-race-album-musique-gp-explorer-3\/\" target=\"_blank\" rel=\"noopener\">les morceaux de The Last Race<\/a>, l\u2019album de musique du GP Explorer 3, qui sortira ce vendredi 3 octobre. <\/p>\n","protected":false},"excerpt":{"rendered":"Le GP Explorer 3 sera diffus\u00e9 en int\u00e9gralit\u00e9 sur Twitch sur la cha\u00eene de Squeezie, mais pas que.&hellip;\n","protected":false},"author":2,"featured_media":411973,"comment_status":"","ping_status":"","sticky":false,"template":"","format":"standard","meta":{"footnotes":""},"categories":[1412],"tags":[1451,1452,1453,1454,1455,1011,27,22363,594,22198,54298,54299,60,28198,252,1749],"class_list":{"0":"post-411972","1":"post","2":"type-post","3":"status-publish","4":"format-standard","5":"has-post-thumbnail","7":"category-f1","8":"tag-f1","9":"tag-formula-1","10":"tag-formula1","11":"tag-formule-1","12":"tag-formule1","13":"tag-fr","14":"tag-france","15":"tag-france-4","16":"tag-france-2","17":"tag-france-tv","18":"tag-gp-explorer","19":"tag-gp-explorer-3","20":"tag-sports","21":"tag-squeezie","22":"tag-television","23":"tag-twitch"},"share_on_mastodon":{"url":"https:\/\/pubeurope.com\/@fr\/115253752907470872","error":""},"_links":{"self":[{"href":"https:\/\/www.europesays.com\/fr\/wp-json\/wp\/v2\/posts\/411972","targetHints":{"allow":["GET"]}}],"collection":[{"href":"https:\/\/www.europesays.com\/fr\/wp-json\/wp\/v2\/posts"}],"about":[{"href":"https:\/\/www.europesays.com\/fr\/wp-json\/wp\/v2\/types\/post"}],"author":[{"embeddable":true,"href":"https:\/\/www.europesays.com\/fr\/wp-json\/wp\/v2\/users\/2"}],"replies":[{"embeddable":true,"href":"https:\/\/www.europesays.com\/fr\/wp-json\/wp\/v2\/comments?post=411972"}],"version-history":[{"count":0,"href":"https:\/\/www.europesays.com\/fr\/wp-json\/wp\/v2\/posts\/411972\/revisions"}],"wp:featuredmedia":[{"embeddable":true,"href":"https:\/\/www.europesays.com\/fr\/wp-json\/wp\/v2\/media\/411973"}],"wp:attachment":[{"href":"https:\/\/www.europesays.com\/fr\/wp-json\/wp\/v2\/media?parent=411972"}],"wp:term":[{"taxonomy":"category","embeddable":true,"href":"https:\/\/www.europesays.com\/fr\/wp-json\/wp\/v2\/categories?post=411972"},{"taxonomy":"post_tag","embeddable":true,"href":"https:\/\/www.europesays.com\/fr\/wp-json\/wp\/v2\/tags?post=411972"}],"curies":[{"name":"wp","href":"https:\/\/api.w.org\/{rel}","templated":true}]}}