{"id":411980,"date":"2025-09-23T13:08:14","date_gmt":"2025-09-23T13:08:14","guid":{"rendered":"https:\/\/www.europesays.com\/fr\/411980\/"},"modified":"2025-09-23T13:08:14","modified_gmt":"2025-09-23T13:08:14","slug":"a-queven-un-salon-du-livre-avec-40-auteurs-dimanche-28-septembre","status":"publish","type":"post","link":"https:\/\/www.europesays.com\/fr\/411980\/","title":{"rendered":"\u00c0 Qu\u00e9ven, un salon du livre avec 40 auteurs, dimanche 28\u00a0septembre"},"content":{"rendered":"<p>L\u2019association 56 boulevard du livre, cr\u00e9\u00e9e en novembre 2023, organise son 3e Salon du livre aux Arcs \u00e0 Qu\u00e9ven, dimanche 28 septembre 2025. \u00ab\u00a0Notre objectif est la promotion de la litt\u00e9rature dans sa plus large diversit\u00e9. Notre association est compos\u00e9e de 19 auteurs locaux. Pour ce salon, nous ouvrons les portes \u00e0 40 auteurs de tous genres litt\u00e9raires\u00a0\u00bb, indique Morgane Le Guennic, la pr\u00e9sidente.<\/p>\n<p>20 hommes et 20 femmes viendront pr\u00e9senter leurs ouvrages\u00a0: polar, fantastique, po\u00e9sie, fantastique, jeunesse\u2026<\/p>\n<p>Le Stones Land Pipe Band assurera une prestation musicale \u00e0 11\u00a0h. Un atelier ha\u00efku par Liam est propos\u00e9 \u00e0 15\u00a0h. \u00ab\u00a0Le ha\u00efku est une forme po\u00e9tique d\u2019origine japonaise extr\u00eamement br\u00e8ve c\u00e9l\u00e9brant l\u2019effervescence des choses et les sensations qu\u2019elles suscitent\u00a0\u00bb, souligne Marie Le Maintec, membre de l\u2019association. Enfin, \u00e0 16\u00a0h, le palmar\u00e8s du concours d\u2019\u00e9criture adultes et scolaires sera d\u00e9voil\u00e9.<\/p>\n<p>Pratique<\/p>\n<p class=\"note\">Salon du livre, dimanche 28 septembre, de 10\u00a0h \u00e0 18\u00a0h, aux Arcs, rue de la Gare. Entr\u00e9e gratuite. Restauration sur place avec un food truck.<\/p>\n","protected":false},"excerpt":{"rendered":"L\u2019association 56 boulevard du livre, cr\u00e9\u00e9e en novembre 2023, organise son 3e Salon du livre aux Arcs \u00e0&hellip;\n","protected":false},"author":2,"featured_media":411981,"comment_status":"","ping_status":"","sticky":false,"template":"","format":"standard","meta":{"footnotes":""},"categories":[1357],"tags":[1379,58,59,1011,27,1380,11056],"class_list":{"0":"post-411980","1":"post","2":"type-post","3":"status-publish","4":"format-standard","5":"has-post-thumbnail","7":"category-livres","8":"tag-books","9":"tag-divertissement","10":"tag-entertainment","11":"tag-fr","12":"tag-france","13":"tag-livres","14":"tag-queven"},"share_on_mastodon":{"url":"https:\/\/pubeurope.com\/@fr\/115253772597073194","error":""},"_links":{"self":[{"href":"https:\/\/www.europesays.com\/fr\/wp-json\/wp\/v2\/posts\/411980","targetHints":{"allow":["GET"]}}],"collection":[{"href":"https:\/\/www.europesays.com\/fr\/wp-json\/wp\/v2\/posts"}],"about":[{"href":"https:\/\/www.europesays.com\/fr\/wp-json\/wp\/v2\/types\/post"}],"author":[{"embeddable":true,"href":"https:\/\/www.europesays.com\/fr\/wp-json\/wp\/v2\/users\/2"}],"replies":[{"embeddable":true,"href":"https:\/\/www.europesays.com\/fr\/wp-json\/wp\/v2\/comments?post=411980"}],"version-history":[{"count":0,"href":"https:\/\/www.europesays.com\/fr\/wp-json\/wp\/v2\/posts\/411980\/revisions"}],"wp:featuredmedia":[{"embeddable":true,"href":"https:\/\/www.europesays.com\/fr\/wp-json\/wp\/v2\/media\/411981"}],"wp:attachment":[{"href":"https:\/\/www.europesays.com\/fr\/wp-json\/wp\/v2\/media?parent=411980"}],"wp:term":[{"taxonomy":"category","embeddable":true,"href":"https:\/\/www.europesays.com\/fr\/wp-json\/wp\/v2\/categories?post=411980"},{"taxonomy":"post_tag","embeddable":true,"href":"https:\/\/www.europesays.com\/fr\/wp-json\/wp\/v2\/tags?post=411980"}],"curies":[{"name":"wp","href":"https:\/\/api.w.org\/{rel}","templated":true}]}}