{"id":411984,"date":"2025-09-23T13:10:10","date_gmt":"2025-09-23T13:10:10","guid":{"rendered":"https:\/\/www.europesays.com\/fr\/411984\/"},"modified":"2025-09-23T13:10:10","modified_gmt":"2025-09-23T13:10:10","slug":"avec-perimenopop-sophie-ellis-bextor-met-en-lumiere-la-perimenopause-rts-ch","status":"publish","type":"post","link":"https:\/\/www.europesays.com\/fr\/411984\/","title":{"rendered":"Avec \u00ab\u00a0Perimenopop\u00a0\u00bb, Sophie Ellis-Bextor met en lumi\u00e8re la p\u00e9rim\u00e9nopause &#8211; rts.ch"},"content":{"rendered":"<p>La chanteuse anglaise Sophie Ellis-Bextor fait son retour avec un album intitul\u00e9 \u00ab\u00a0Perimenopop\u00a0\u00bb, sorti le 12 septembre. \u00c0 46 ans, elle aborde sans tabou cette phase de transition hormonale f\u00e9minine, transformant une p\u00e9riode souvent d\u00e9licate en une c\u00e9l\u00e9bration musicale pop dansante.<\/p>\n<p>Propuls\u00e9e sur le devant de la sc\u00e8ne en 2001 avec son tube plan\u00e9taire \u00ab\u00a0Murder on the Dancefloor\u00a0\u00bb, Sophie Ellis-Bextor a connu un regain de popularit\u00e9 surprenant en 2023 gr\u00e2ce au film \u00ab\u00a0Saltburn\u00a0\u00bb sur Amazon Prime, dans lequel le personnage de Oliver dansait tout nu dans une grande maison victorienne britannique sur cette chanson. Il n&rsquo;en fallait pas plus pour qu&rsquo;elle devienne un trend TikTok. Ce ph\u00e9nom\u00e8ne viral a donn\u00e9 un nouvel \u00e9lan \u00e0 sa carri\u00e8re, l&rsquo;incitant \u00e0 concr\u00e9tiser aujourd&rsquo;hui ce huiti\u00e8me album studio baptis\u00e9 \u00ab\u00a0Perimenopop\u00a0\u00bb.<\/p>\n<p>Contenu externe<\/p>\n<p> Ce contenu externe ne peut pas \u00eatre affich\u00e9 car il est susceptible de collecter des donn\u00e9es personnelles. Pour voir ce contenu vous devez autoriser la cat\u00e9gorie <strong>R\u00e9seaux sociaux<\/strong>. <\/p>\n<p> Accepter Plus d&rsquo;info <\/p>\n<p>Mais \u00e0 46 ans, plus question de tuer qui que ce soit sur le dancefloor. Sophie Ellis-Bextor a choisi d&rsquo;aborder frontalement la p\u00e9rim\u00e9nopause, cette phase de transition hormonale pr\u00e9c\u00e9dant la m\u00e9nopause. Loin de la stigmatiser, la chanteuse anglaise en fait le th\u00e8me central de son album, c\u00e9l\u00e9brant cette \u00e9tape de la vie f\u00e9minine avec humour et l\u00e9g\u00e8ret\u00e9.<\/p>\n<p>Retour aux sources dance-pop<\/p>\n<p>Sophie Ellis-Bextor a ainsi d\u00e9cid\u00e9 d&rsquo;\u00e9voquer la p\u00e9rim\u00e9nopause de fa\u00e7on festive. L&rsquo;album est une ode \u00e0 l&rsquo;\u00e2ge, \u00e0 la maturit\u00e9 et \u00e0 l&rsquo;acceptation de soi et marque aussi un retour aux sources pour la chanteuse, qui renoue avec les sonorit\u00e9s dance-pop qui ont fait son succ\u00e8s au d\u00e9but des ann\u00e9es 2000. Pour ce projet, elle s&rsquo;est entour\u00e9e de collaborateurs de renom, dont le l\u00e9gendaire guitariste Nile Rodgers du groupe Chic qui apporte quelques touches disco. L&rsquo;album comprend notamment un titre co-\u00e9crit avec la star am\u00e9ricaine Selena Gomez, \u00ab\u00a0Stay On Me\u00a0\u00bb.<\/p>\n<p>Contenu externe<\/p>\n<p> Ce contenu externe ne peut pas \u00eatre affich\u00e9 car il est susceptible de collecter des donn\u00e9es personnelles. Pour voir ce contenu vous devez autoriser la cat\u00e9gorie <strong>R\u00e9seaux sociaux<\/strong>. <\/p>\n<p> Accepter Plus d&rsquo;info <\/p>\n<p>    Tabous bris\u00e9s<\/p>\n<p>\u00c0 travers \u00ab\u00a0Perimenopop\u00a0\u00bb, Sophie Ellis-Bextor brise quelques tabous et livre un message positif sur le vieillissement et les changements corporels. Elle affirme n&rsquo;avoir pas envie de ressembler \u00e0 une jeune chanteuse pop toute sa vie et encourage \u00e0 embrasser les transformations qui font de nous ce que nous sommes.<\/p>\n<p>Bien que centr\u00e9 sur la p\u00e9rim\u00e9nopause, le r\u00e9pertoire de Sophie Ellis-Bextor porte un message universel d&rsquo;acceptation de soi et de c\u00e9l\u00e9bration des diff\u00e9rentes \u00e9tapes de la vie. Une \u00e9tape importante pour elle dans la repr\u00e9sentation positive des femmes d&rsquo;\u00e2ge m\u00fbr dans l&rsquo;industrie musicale.<\/p>\n<p class=\"sources\">Sujet radio: Davy Bailly-Basin\u00a0<\/p>\n<p class=\"credit\">Adaptation web: olhor<\/p>\n<p class=\"article-footnote\">Sophie Ellis-Bextor, \u00ab\u00a0Perimenopop\u00a0\u00bb (Decca\/Universal Music). Paru le 12 septembre 2025.<\/p>\n<p class=\"article-footnote\">En concert au Volkshaus, Zurich, le 23 septembre 2025.<\/p>\n","protected":false},"excerpt":{"rendered":"La chanteuse anglaise Sophie Ellis-Bextor fait son retour avec un album intitul\u00e9 \u00ab\u00a0Perimenopop\u00a0\u00bb, sorti le 12 septembre. \u00c0&hellip;\n","protected":false},"author":2,"featured_media":411985,"comment_status":"","ping_status":"","sticky":false,"template":"","format":"standard","meta":{"footnotes":""},"categories":[1355],"tags":[1692,1693,1696,251,58,59,1011,27,36850,15926,1361,873,1698,54301,10044,54302,9326],"class_list":{"0":"post-411984","1":"post","2":"type-post","3":"status-publish","4":"format-standard","5":"has-post-thumbnail","7":"category-musique","8":"tag-album","9":"tag-arts-et-divertissement","10":"tag-chanteur","11":"tag-culture","12":"tag-divertissement","13":"tag-entertainment","14":"tag-fr","15":"tag-france","16":"tag-genre-musical","17":"tag-lumiere","18":"tag-music","19":"tag-musique","20":"tag-musiques","21":"tag-perimenopause","22":"tag-pop","23":"tag-sophie-ellis-bextor","24":"tag-tabou"},"share_on_mastodon":{"url":"https:\/\/pubeurope.com\/@fr\/115253780591054199","error":""},"_links":{"self":[{"href":"https:\/\/www.europesays.com\/fr\/wp-json\/wp\/v2\/posts\/411984","targetHints":{"allow":["GET"]}}],"collection":[{"href":"https:\/\/www.europesays.com\/fr\/wp-json\/wp\/v2\/posts"}],"about":[{"href":"https:\/\/www.europesays.com\/fr\/wp-json\/wp\/v2\/types\/post"}],"author":[{"embeddable":true,"href":"https:\/\/www.europesays.com\/fr\/wp-json\/wp\/v2\/users\/2"}],"replies":[{"embeddable":true,"href":"https:\/\/www.europesays.com\/fr\/wp-json\/wp\/v2\/comments?post=411984"}],"version-history":[{"count":0,"href":"https:\/\/www.europesays.com\/fr\/wp-json\/wp\/v2\/posts\/411984\/revisions"}],"wp:featuredmedia":[{"embeddable":true,"href":"https:\/\/www.europesays.com\/fr\/wp-json\/wp\/v2\/media\/411985"}],"wp:attachment":[{"href":"https:\/\/www.europesays.com\/fr\/wp-json\/wp\/v2\/media?parent=411984"}],"wp:term":[{"taxonomy":"category","embeddable":true,"href":"https:\/\/www.europesays.com\/fr\/wp-json\/wp\/v2\/categories?post=411984"},{"taxonomy":"post_tag","embeddable":true,"href":"https:\/\/www.europesays.com\/fr\/wp-json\/wp\/v2\/tags?post=411984"}],"curies":[{"name":"wp","href":"https:\/\/api.w.org\/{rel}","templated":true}]}}