{"id":411988,"date":"2025-09-23T13:12:10","date_gmt":"2025-09-23T13:12:10","guid":{"rendered":"https:\/\/www.europesays.com\/fr\/411988\/"},"modified":"2025-09-23T13:12:10","modified_gmt":"2025-09-23T13:12:10","slug":"cet-element-present-dans-votre-bouche-augmenterait-le-risque-de-contracter-la-maladie","status":"publish","type":"post","link":"https:\/\/www.europesays.com\/fr\/411988\/","title":{"rendered":"cet \u00e9l\u00e9ment pr\u00e9sent dans votre bouche augmenterait le risque de contracter la maladie"},"content":{"rendered":"<p class=\"mb-4 text-lg md:leading-8 break-words\">D&rsquo;apr\u00e8s les chiffres de l&rsquo;Institut national du cancer, pr\u00e8s de 16 000 nouveaux cas de cancers du pancr\u00e9as ont \u00e9t\u00e9 diagnostiqu\u00e9s en France pour l&rsquo;ann\u00e9e 2023. Dans 60 % des cas, aucun facteur de risque n\u2019est identifi\u00e9 pour expliquer l&rsquo;apparition de cette maladie.<\/p>\n<p class=\"mb-4 text-lg md:leading-8 break-words\"><strong>LIRE AUSSI &gt;&gt;<\/strong> <a data-i13n=\"cpos:1;pos:1\" href=\"https:\/\/fr.news.yahoo.com\/si-vous-souffrez-de-ces-cinq-symptomes-communs-vous-devriez-consulter-un-medecin-rapidement-il-pourrait-sagir-dun-cancer-150321134.html\" data-ylk=\"slk:Si vous souffrez de ces cinq sympt\u00f4mes communs, vous devriez consulter un m\u00e9decin rapidement, il pourrait s&#039;agir d&#039;un cancer;cpos:1;pos:1;elm:context_link;itc:0;sec:content-canvas;outcm:mb_qualified_link;_E:mb_qualified_link;ct:story;\" class=\"link  yahoo-link\" target=\"_blank\" rel=\"noopener\">Si vous souffrez de ces cinq sympt\u00f4mes communs, vous devriez consulter un m\u00e9decin rapidement, il pourrait s&rsquo;agir d&rsquo;un cancer<\/a><\/p>\n<p class=\"mb-4 text-lg md:leading-8 break-words\"><a data-i13n=\"cpos:2;pos:1\" href=\"https:\/\/nyulangone.org\/news\/oral-microbes-linked-increased-risk-pancreatic-cancer\" rel=\"nofollow noopener\" target=\"_blank\" data-ylk=\"slk:Une r\u00e9cente \u00e9tude;cpos:2;pos:1;elm:context_link;itc:0;sec:content-canvas\" class=\"link \">Une r\u00e9cente \u00e9tude<\/a>, men\u00e9e par NYU Langone Health et le Perlmutter Cancer Center, s&rsquo;est int\u00e9ress\u00e9e \u00e0 de possibles causes d&rsquo;apparition du cancer du pancr\u00e9as. Les chercheurs ont constat\u00e9 que parmi les centaines d&rsquo;esp\u00e8ces de bact\u00e9ries et de champignons pr\u00e9sentes dans la bouche des personnes, 27 sont li\u00e9es \u00e0 un risque 3,5 fois plus \u00e9lev\u00e9 de d\u00e9velopper un cancer du pancr\u00e9as. Ces conclusions ont \u00e9t\u00e9 publi\u00e9es dans la revue scientifique JAMA Oncology.<\/p>\n<p>Microbiome buccal et cancer du pancr\u00e9as<\/p>\n<p class=\"mb-4 text-lg md:leading-8 break-words\">Cette nouvelle \u00e9tude a \u00e9valu\u00e9 la composition des microbes collect\u00e9s dans la salive de 122 000 hommes et femmes en bonne sant\u00e9. \u00ab\u00a0Nos r\u00e9sultats apportent un nouvel \u00e9clairage sur la relation entre le microbiome buccal et le cancer du pancr\u00e9as\u00a0\u00bb, explique l&rsquo;auteur principal de l&rsquo;\u00e9tude, Yixuan Meng.<\/p>\n<p class=\"mb-4 text-lg md:leading-8 break-words\">De pr\u00e9c\u00e9dentes \u00e9tudes ont constat\u00e9 que les personnes avec une mauvaise sant\u00e9 bucco-dentaire ont davantage de risque de souffrir d&rsquo;un cancer du pancr\u00e9as. Cette \u00e9tude est la premi\u00e8re \u00e0 pointer sp\u00e9cifiquement les champignons en cause. Les auteurs assurent que \u00ab\u00a0des champignons buccaux \u2013 une levure du genre Candida naturellement pr\u00e9sente sur la peau et dans tout l&rsquo;organisme \u2013 pourraient jouer un r\u00f4le dans le cancer du pancr\u00e9as\u00a0\u00bb. Les chercheurs ont \u00e9galement identifi\u00e9 ces esp\u00e8ces de Candida buccaux dans les tumeurs pancr\u00e9atiques de patients.<\/p>\n<p>Des microbes analys\u00e9s<\/p>\n<p class=\"mb-4 text-lg md:leading-8 break-words\">Dans le cadre de cette \u00e9tude, les chercheurs ont analys\u00e9 l&rsquo;ADN bact\u00e9rien et fongique des \u00e9chantillons de crachats des participants. \u00ab\u00a0Ils ont ensuite identifi\u00e9 445 patients chez qui un cancer du pancr\u00e9as avait \u00e9t\u00e9 diagnostiqu\u00e9 et ont compar\u00e9 l&rsquo;ADN de leurs microbes \u00e0 celui de 445 autres sujets s\u00e9lectionn\u00e9s au hasard et n&rsquo;ayant pas d\u00e9velopp\u00e9 de cancer\u00a0\u00bb.<\/p>\n<p class=\"mb-4 text-lg md:leading-8 break-words\">R\u00e9sultats ? L&rsquo;\u00e9quipe a identifi\u00e9 24 esp\u00e8ces de bact\u00e9ries et de champignons qui, individuellement, augmentaient ou diminuaient le risque de cancer du pancr\u00e9as. \u00ab\u00a0Trois autres types de bact\u00e9ries li\u00e9es \u00e0 ce cancer \u00e9taient d\u00e9j\u00e0 connues pour contribuer \u00e0 la maladie parodontale, une grave infection des gencives qui peut ronger la m\u00e2choire et les tissus mous entourant les dents\u00a0\u00bb, notent les auteurs de cette \u00e9tude.<\/p>\n<p>Un brossage n\u00e9cessaire des dents<\/p>\n<p class=\"mb-4 text-lg md:leading-8 break-words\">Les scientifiques ont d\u00e9velopp\u00e9 pour la premi\u00e8re fois un outil permettant d\u2019estimer le risque de cancer du pancr\u00e9as en fonction de la composition du microbiome buccal de chaque participant. \u00ab\u00a0En profilant les populations bact\u00e9riennes et fongiques dans la bouche, les oncologues pourraient \u00eatre en mesure d&rsquo;identifier ceux qui ont le plus besoin d&rsquo;un d\u00e9pistage du cancer du pancr\u00e9as\u00a0\u00bb, sugg\u00e8re Jiyoung Ahn, co-auteur principal de l&rsquo;\u00e9tude, professeur aux d\u00e9partements de sant\u00e9 de la population et de m\u00e9decine.<\/p>\n<p class=\"mb-4 text-lg md:leading-8 break-words\"><strong>LIRE AUSSI &gt;&gt; <\/strong><a data-i13n=\"cpos:3;pos:1\" href=\"https:\/\/fr.news.yahoo.com\/a-57-ans-il-pense-etre-en-bonne-sante-cet-unique-et-etrange-symptome-dont-il-souffre-est-en-fait-le-signe-dun-cancer-inoperable-103840687.html\" data-ylk=\"slk:\u00c0 57 ans, il pense \u00eatre en bonne sant\u00e9, cet unique et \u00e9trange sympt\u00f4me dont il souffre est en fait le signe d\u2019un cancer inop\u00e9rable;cpos:3;pos:1;elm:context_link;itc:0;sec:content-canvas;outcm:mb_qualified_link;_E:mb_qualified_link;ct:story;\" class=\"link  yahoo-link\" target=\"_blank\" rel=\"noopener\">\u00c0 57 ans, il pense \u00eatre en bonne sant\u00e9, cet unique et \u00e9trange sympt\u00f4me dont il souffre est en fait le signe d\u2019un cancer inop\u00e9rable<\/a><\/p>\n<p class=\"mb-4 text-lg md:leading-8 break-words\">Pour pr\u00e9venir l&rsquo;apparition du cancer du pancr\u00e9as, le co-auteur de l&rsquo;\u00e9tude, Richard Hayes, rappelle l&rsquo;importance d&rsquo;un brossage minutieux et de l\u2019utilisation du fil dentaire.<\/p>\n","protected":false},"excerpt":{"rendered":"D&rsquo;apr\u00e8s les chiffres de l&rsquo;Institut national du cancer, pr\u00e8s de 16 000 nouveaux cas de cancers du pancr\u00e9as&hellip;\n","protected":false},"author":2,"featured_media":411989,"comment_status":"","ping_status":"","sticky":false,"template":"","format":"standard","meta":{"footnotes":""},"categories":[10],"tags":[6332,27077,1011,27,72,6803,71,54303],"class_list":{"0":"post-411988","1":"post","2":"type-post","3":"status-publish","4":"format-standard","5":"has-post-thumbnail","7":"category-sante","8":"tag-bonne-sante","9":"tag-facteur-de-risque","10":"tag-fr","11":"tag-france","12":"tag-health","13":"tag-pancreas","14":"tag-sante","15":"tag-sante-bucco-dentaire"},"share_on_mastodon":{"url":"https:\/\/pubeurope.com\/@fr\/115253788236141842","error":""},"_links":{"self":[{"href":"https:\/\/www.europesays.com\/fr\/wp-json\/wp\/v2\/posts\/411988","targetHints":{"allow":["GET"]}}],"collection":[{"href":"https:\/\/www.europesays.com\/fr\/wp-json\/wp\/v2\/posts"}],"about":[{"href":"https:\/\/www.europesays.com\/fr\/wp-json\/wp\/v2\/types\/post"}],"author":[{"embeddable":true,"href":"https:\/\/www.europesays.com\/fr\/wp-json\/wp\/v2\/users\/2"}],"replies":[{"embeddable":true,"href":"https:\/\/www.europesays.com\/fr\/wp-json\/wp\/v2\/comments?post=411988"}],"version-history":[{"count":0,"href":"https:\/\/www.europesays.com\/fr\/wp-json\/wp\/v2\/posts\/411988\/revisions"}],"wp:featuredmedia":[{"embeddable":true,"href":"https:\/\/www.europesays.com\/fr\/wp-json\/wp\/v2\/media\/411989"}],"wp:attachment":[{"href":"https:\/\/www.europesays.com\/fr\/wp-json\/wp\/v2\/media?parent=411988"}],"wp:term":[{"taxonomy":"category","embeddable":true,"href":"https:\/\/www.europesays.com\/fr\/wp-json\/wp\/v2\/categories?post=411988"},{"taxonomy":"post_tag","embeddable":true,"href":"https:\/\/www.europesays.com\/fr\/wp-json\/wp\/v2\/tags?post=411988"}],"curies":[{"name":"wp","href":"https:\/\/api.w.org\/{rel}","templated":true}]}}