{"id":411992,"date":"2025-09-23T13:14:09","date_gmt":"2025-09-23T13:14:09","guid":{"rendered":"https:\/\/www.europesays.com\/fr\/411992\/"},"modified":"2025-09-23T13:14:09","modified_gmt":"2025-09-23T13:14:09","slug":"richard-gere-atomise-par-une-animatrice-cest-un-rien","status":"publish","type":"post","link":"https:\/\/www.europesays.com\/fr\/411992\/","title":{"rendered":"Richard Gere atomis\u00e9 par une animatrice\u00a0: \u00ab\u00a0c&rsquo;est un rien\u00a0\u00bb"},"content":{"rendered":"<p><strong>Absence d&rsquo;atomes crochus<\/strong>. Christine Bravo ne porte pas dans son c\u0153ur <a href=\"https:\/\/www.journaldesfemmes.fr\/people\/personnalites\/2943277-richard-gere-age-2023-vie-privee\/\" title=\"Richard Gere\" target=\"_blank\" rel=\"noopener\">Richard Gere<\/a> qui avait refus\u00e9 de se plier \u00e0 un jeu autour du fromage dans l&rsquo;\u00e9mission\u00a0Frou-Frou en 1994 alors qu&rsquo;il participait juste apr\u00e8s au JT de 20h de TF1. . \u00ab\u00a0Il n&rsquo;est pas sympathique (&#8230;) Il est arriv\u00e9 traumatis\u00e9 \u00e0 TF1 (&#8230;) Il lui faut une pi\u00e8ce noire, un gourou, un tapis pour qu&rsquo;il s&rsquo;enl\u00e8ve les mauvaises ondes de Frou-frou. Mais ce mec c&rsquo;est un rien (&#8230;) C&rsquo;est une chochotte absolue\u00a0\u00bb, a balanc\u00e9 l&rsquo;ancienne animatrice de 69 ans dans les\u00a0Grosses T\u00eates sur RTL<strong>.<\/strong>\u00a0<\/p>\n","protected":false},"excerpt":{"rendered":"Absence d&rsquo;atomes crochus. Christine Bravo ne porte pas dans son c\u0153ur Richard Gere qui avait refus\u00e9 de se&hellip;\n","protected":false},"author":2,"featured_media":411993,"comment_status":"","ping_status":"","sticky":false,"template":"","format":"standard","meta":{"footnotes":""},"categories":[8],"tags":[54304,51761,58,59,52292,1011,27,51766,1031,20917],"class_list":{"0":"post-411992","1":"post","2":"type-post","3":"status-publish","4":"format-standard","5":"has-post-thumbnail","7":"category-divertissement","8":"tag-cms-journaldesfemmes-3242148","9":"tag-controller-content","10":"tag-divertissement","11":"tag-entertainment","12":"tag-format-reportage","13":"tag-fr","14":"tag-france","15":"tag-les-histoires-du-jdf","16":"tag-magazine","17":"tag-richard-gere"},"share_on_mastodon":{"url":"https:\/\/pubeurope.com\/@fr\/115253796135036514","error":""},"_links":{"self":[{"href":"https:\/\/www.europesays.com\/fr\/wp-json\/wp\/v2\/posts\/411992","targetHints":{"allow":["GET"]}}],"collection":[{"href":"https:\/\/www.europesays.com\/fr\/wp-json\/wp\/v2\/posts"}],"about":[{"href":"https:\/\/www.europesays.com\/fr\/wp-json\/wp\/v2\/types\/post"}],"author":[{"embeddable":true,"href":"https:\/\/www.europesays.com\/fr\/wp-json\/wp\/v2\/users\/2"}],"replies":[{"embeddable":true,"href":"https:\/\/www.europesays.com\/fr\/wp-json\/wp\/v2\/comments?post=411992"}],"version-history":[{"count":0,"href":"https:\/\/www.europesays.com\/fr\/wp-json\/wp\/v2\/posts\/411992\/revisions"}],"wp:featuredmedia":[{"embeddable":true,"href":"https:\/\/www.europesays.com\/fr\/wp-json\/wp\/v2\/media\/411993"}],"wp:attachment":[{"href":"https:\/\/www.europesays.com\/fr\/wp-json\/wp\/v2\/media?parent=411992"}],"wp:term":[{"taxonomy":"category","embeddable":true,"href":"https:\/\/www.europesays.com\/fr\/wp-json\/wp\/v2\/categories?post=411992"},{"taxonomy":"post_tag","embeddable":true,"href":"https:\/\/www.europesays.com\/fr\/wp-json\/wp\/v2\/tags?post=411992"}],"curies":[{"name":"wp","href":"https:\/\/api.w.org\/{rel}","templated":true}]}}